{"id":265,"date":"2022-02-28T21:12:24","date_gmt":"2022-03-01T00:12:24","guid":{"rendered":"http:\/\/circuitosalta.com.ar\/?p=265"},"modified":"2022-02-28T21:12:27","modified_gmt":"2022-03-01T00:12:27","slug":"marca-pais-cristian-mohamed-fue-nombrado-embajador","status":"publish","type":"post","link":"https:\/\/circuitosalta.com.ar\/?p=265","title":{"rendered":"Marca Pa\u00eds: Cristian Mohamed fue nombrado embajador"},"content":{"rendered":"\n<h2 class=\"has-vivid-cyan-blue-color has-text-color wp-block-heading\">En el marco de la exhibici\u00f3n \u201cTerritorio H\u00edbrido\u201d, en el Museo Nacional de Arte Decorativo.<\/h2>\n\n\n\n<p>La secretaria de Promoci\u00f3n Tur\u00edstica,\u00a0<strong>Yanina Mart\u00ednez<\/strong>, le entreg\u00f3 la distinci\u00f3n al artista y dise\u00f1ador catamarque\u00f1o\u00a0<strong>Cristian Mohamed<\/strong>.\u00a0<em>\u00abEn el reconocimiento al trabajo de Cristian, que fusiona combinaci\u00f3n de t\u00e9cnicas expertas, materias primas y dise\u00f1o, tambi\u00e9n ponemos en valor a los artesanos y artesanas de cada una de las regiones argentinas\u00bb<\/em>, remarc\u00f3.<\/p>\n\n\n\n<figure class=\"wp-block-image size-large\"><img decoding=\"async\" src=\"https:\/\/www.argentina.gob.ar\/sites\/default\/files\/whatsapp_image_2022-02-25_at_09.01.31_1.jpeg\" alt=\"\"\/><\/figure>\n\n\n\n<p>Durante el evento se llev\u00f3 adelante un conversatorio, moderado por la directora editorial de la Revista 90 + 10,\u00a0<strong>Marcela Fibbiani<\/strong>. La serie de charlas inici\u00f3 con el ceramista\u00a0<strong>Santiago Lena<\/strong>\u00a0y el d\u00fao\u00a0<strong>Cabinet \u00d3seo<\/strong>, compuesto por la dise\u00f1adora industrial Marina Molinelli Wells y la artista pl\u00e1stica Celina Saubidet, y continu\u00f3 con la\u00a0<strong>Mesa de Artesanos<\/strong>, un intercambio con\u00a0<strong>Lorenzo Reyes<\/strong>, catamarque\u00f1o especializado en cester\u00eda con simbol;\u00a0<strong>Norma \u00c1lvarez<\/strong>\u00a0(salte\u00f1a radicada en C\u00f3rdoba),\u00a0<strong>Pablo Falabella<\/strong>\u00a0(porte\u00f1o viviendo en Catamarca) y\u00a0<strong>Cristian Airaudo<\/strong>\u00a0(Buenos Aires), maestros orfebres;\u00a0<strong>Renzo Galeano<\/strong>, artista, artesano y productor dedicado a la carpinter\u00eda artesanal, de Santiago del Estero;\u00a0<strong>Federico Camps<\/strong>\u00a0y\u00a0<strong>Fernando Zerbetto<\/strong>, de Estudio Chaco, dedicados a la fabricaci\u00f3n de muebles en madera maciza;\u00a0<strong>Graciela Saltavaterra<\/strong>\u00a0y\u00a0<strong>Dar\u00edo D\u00edaz<\/strong>, catamarque\u00f1os abocados a los textiles artesanales; y\u00a0<strong>Jer\u00f3nimo Coll<\/strong>, tandilense dedicado a la soguer\u00eda criolla. La muestra contin\u00faa hasta el domingo 6 de marzo.<\/p>\n\n\n\n<p>La\u00a0<strong>Marca Pa\u00eds Argentina<\/strong>\u00a0es una\u00a0pol\u00edtica de Estado que busca\u00a0<strong>posicionar a nuestro pa\u00eds en el contexto internacional<\/strong>\u00a0mediante sus factores diferenciales, como los sectores productivos y de servicios, el talento nacional, la cultura y los destinos tur\u00edsticos. Durante el \u00faltimo a\u00f1o, se present\u00f3 su evoluci\u00f3n tras un proceso que comenz\u00f3 con la conformaci\u00f3n de la\u00a0Mesa Interministerial de Marca Pa\u00eds. Luego, profesionales del \u00e1rea de dise\u00f1o de organismos p\u00fablicos trabajaron en cinco propuestas, analizadas por un jurado de notables, que seleccion\u00f3 dos. Finalmente, cientos de miles de argentinos y argentinas participaron de la\u00a0<strong>votaci\u00f3n ciudadana<\/strong>.<\/p>\n\n\n\n<figure class=\"wp-block-image size-full\"><a href=\"https:\/\/www.argentina.gob.ar\/noticias\/marca-pais-cristian-mohamed-fue-nombrado-embajador\" target=\"_blank\" rel=\"noopener\"><img fetchpriority=\"high\" decoding=\"async\" width=\"599\" height=\"105\" src=\"https:\/\/circuitosalta.com.ar\/wp-content\/uploads\/2022\/02\/Ministerio-turismo-nacion.jpeg\" alt=\"\" class=\"wp-image-266\" srcset=\"https:\/\/circuitosalta.com.ar\/wp-content\/uploads\/2022\/02\/Ministerio-turismo-nacion.jpeg 599w, https:\/\/circuitosalta.com.ar\/wp-content\/uploads\/2022\/02\/Ministerio-turismo-nacion-300x53.jpeg 300w\" sizes=\"(max-width: 599px) 100vw, 599px\" \/><\/a><\/figure>\n","protected":false},"excerpt":{"rendered":"<p>En el marco de la exhibici\u00f3n \u201cTerritorio H\u00edbrido\u201d, en el Museo Nacional de Arte Decorativo. La secretaria de Promoci\u00f3n Tur\u00edstica,\u00a0Yanina Mart\u00ednez, le entreg\u00f3 la distinci\u00f3n al artista y dise\u00f1ador catamarque\u00f1o\u00a0Cristian Mohamed.\u00a0\u00abEn el reconocimiento al trabajo de Cristian, que fusiona combinaci\u00f3n de t\u00e9cnicas expertas, materias primas y dise\u00f1o, tambi\u00e9n ponemos en valor a los artesanos y [&hellip;]<\/p>\n","protected":false},"author":2,"featured_media":267,"comment_status":"open","ping_status":"open","sticky":false,"template":"","format":"standard","meta":{"tdm_status":"","tdm_grid_status":"","footnotes":""},"categories":[22],"tags":[],"class_list":{"0":"post-265","1":"post","2":"type-post","3":"status-publish","4":"format-standard","5":"has-post-thumbnail","7":"category-internacional"},"_links":{"self":[{"href":"https:\/\/circuitosalta.com.ar\/index.php?rest_route=\/wp\/v2\/posts\/265"}],"collection":[{"href":"https:\/\/circuitosalta.com.ar\/index.php?rest_route=\/wp\/v2\/posts"}],"about":[{"href":"https:\/\/circuitosalta.com.ar\/index.php?rest_route=\/wp\/v2\/types\/post"}],"author":[{"embeddable":true,"href":"https:\/\/circuitosalta.com.ar\/index.php?rest_route=\/wp\/v2\/users\/2"}],"replies":[{"embeddable":true,"href":"https:\/\/circuitosalta.com.ar\/index.php?rest_route=%2Fwp%2Fv2%2Fcomments&post=265"}],"version-history":[{"count":1,"href":"https:\/\/circuitosalta.com.ar\/index.php?rest_route=\/wp\/v2\/posts\/265\/revisions"}],"predecessor-version":[{"id":268,"href":"https:\/\/circuitosalta.com.ar\/index.php?rest_route=\/wp\/v2\/posts\/265\/revisions\/268"}],"wp:featuredmedia":[{"embeddable":true,"href":"https:\/\/circuitosalta.com.ar\/index.php?rest_route=\/wp\/v2\/media\/267"}],"wp:attachment":[{"href":"https:\/\/circuitosalta.com.ar\/index.php?rest_route=%2Fwp%2Fv2%2Fmedia&parent=265"}],"wp:term":[{"taxonomy":"category","embeddable":true,"href":"https:\/\/circuitosalta.com.ar\/index.php?rest_route=%2Fwp%2Fv2%2Fcategories&post=265"},{"taxonomy":"post_tag","embeddable":true,"href":"https:\/\/circuitosalta.com.ar\/index.php?rest_route=%2Fwp%2Fv2%2Ftags&post=265"}],"curies":[{"name":"wp","href":"https:\/\/api.w.org\/{rel}","templated":true}]}}