{"id":269,"date":"2022-02-28T21:28:53","date_gmt":"2022-03-01T00:28:53","guid":{"rendered":"http:\/\/circuitosalta.com.ar\/?p=269"},"modified":"2022-02-28T21:28:54","modified_gmt":"2022-03-01T00:28:54","slug":"el-fin-de-semana-largo-de-carnaval-consolida-la-temporada-de-verano-record","status":"publish","type":"post","link":"https:\/\/circuitosalta.com.ar\/?p=269","title":{"rendered":"El fin de semana largo de Carnaval consolida la temporada de verano r\u00e9cord"},"content":{"rendered":"\n<h2 class=\"has-vivid-cyan-blue-color has-text-color wp-block-heading\">M\u00e1s de tres millones de turistas se est\u00e1n movilizando por el pa\u00eds.<\/h2>\n\n\n\n<p>Con el impulso del programa&nbsp;<a href=\"https:\/\/previaje.gob.ar\/\">PreViaje<\/a>, m\u00e1s de&nbsp;<strong>tres millones de turistas se est\u00e1n movilizando durante este fin de semana largo de Carnaval<\/strong>. De acuerdo a la informaci\u00f3n relevada por las provincias, se registran&nbsp;<strong>importantes niveles de ocupaci\u00f3n en destinos de todo el pa\u00eds<\/strong>. En&nbsp;<strong>Buenos Aires<\/strong>&nbsp;se destacan Mar del Plata (90%), Villa Gesell (95%), Pinamar (95%), el Partido de La Costa (92%), Mar Chiquita (95%), Miramar (100%), Necochea (90%), Monte Hermoso (80%), Tandil (91%), Tigre (91%), San Antonio de Areco (100%) y Sierra de la Ventana (100%); mientras que que en&nbsp;<strong>C\u00f3rdoba<\/strong>&nbsp;ocurre lo propio con Villa Carlos Paz (95%), Villa General Belgrano (97%), Santa Rosa de Calamuchita (100%), Mina Clavero (95%), Nono (100%), Villa Cura Brochero (97%), San Javier y Yacanto (100%) y La Cumbrecita (96%).<\/p>\n\n\n\n<p>El&nbsp;<strong>Litoral<\/strong>&nbsp;y el&nbsp;<strong>Norte<\/strong>, donde se presenta una amplia oferta cultural para disfrutar el Carnaval, tambi\u00e9n muestran un intenso movimiento tur\u00edstico: 100% de ocupaci\u00f3n en Gualeguaych\u00fa y Concepci\u00f3n del Uruguay; 97% en Gualeguay; 95% en Col\u00f3n, San Jos\u00e9 y Victoria; 97% en Rosario; 100% en Melincu\u00e9; 90% en Puerto Iguaz\u00fa; 94% en El Soberbio; 93% en San Ignacio; 100% en Purmamarca, Humahuaca y Tilcara; 98% en San Salvador de Jujuy; 90% en Cafayate y Moldes; 96% en Cachi; 95% en San Lorenzo; 93% en Rosario de la Frontera; 95% en Taf\u00ed del Valle; 98% en San Javier y Yerba Buena; 93% en El Cadillal; 91% en Amaicha del Valle; 100% en Fiambal\u00e1; 95% en Villa Uni\u00f3n y Olta y 93% en Chilecito.<\/p>\n\n\n\n<p>En el mismo sentido, la&nbsp;<strong>Patagonia<\/strong>&nbsp;mantiene la tendencia de la temporada de verano r\u00e9cord, con 90% de ocupaci\u00f3n en San Carlos de Bariloche, 100% en Las Grutas, 95% en Viedma, 95% en San Mart\u00edn de los Andes, 85% en Villa La Angostura, 95% en Puerto Madryn, 85% en Esquel, 90% en El Calafate, 95% en El Chalt\u00e9n y 90% en Ushuaia. Similar panorama tur\u00edstico se observa en el&nbsp;<strong>Cuyo<\/strong>, con 90% de ocupaci\u00f3n (promedio provincial) en Mendoza, 93% en San Juan y 95% en San Luis.<\/p>\n\n\n\n<p>\u201c<em>Gracias al impulso de PreViaje y al avance del Plan de Vacunaci\u00f3n, estamos disfrutando un fin de semana largo de Carnaval hist\u00f3rico, que consolida una de las mejores temporadas de verano de los \u00faltimos 20 a\u00f1os<\/em>\u201d, asegur\u00f3 el ministro de Turismo y Deportes de la Naci\u00f3n,&nbsp;<strong>Mat\u00edas Lammens<\/strong>. Y agreg\u00f3: \u201c<em>El turismo est\u00e1 en marcha y es uno de los sectores protagonistas en la recuperaci\u00f3n econ\u00f3mica que est\u00e1 viviendo nuestro pa\u00eds, con la generaci\u00f3n de miles de puestos de trabajo en todas las regiones<\/em>\u201d.<\/p>\n\n\n\n<p>\u00ab<em>Con el fin de semana largo de Carnaval se corona una temporada de verano r\u00e9cord, que era muy necesaria para recomponer parte del da\u00f1o econ\u00f3mico generado por el COVID-19. Adem\u00e1s quiero destacar el particular impacto que genera en econom\u00edas como la de Corrientes, que en medio de su crisis, decidi\u00f3 mantener los festejos y la actividad tur\u00edstica como un importante movilizador de la econom\u00eda<\/em>\u00ab, se\u00f1al\u00f3 el presidente de la C\u00e1mara Argentina de Turismo (CAT),&nbsp;<strong>Gustavo Hani<\/strong>.<\/p>\n\n\n\n<p>El fin de semana largo de Carnaval\u00a0<strong>consolida una temporada de verano r\u00e9cord<\/strong>, con niveles de ocupaci\u00f3n superiores al 90% durante\u00a0<a href=\"https:\/\/www.argentina.gob.ar\/noticias\/intenso-movimiento-turistico-durante-la-segunda-quincena-de-enero\">enero<\/a>\u00a0y\u00a0<a href=\"https:\/\/www.argentina.gob.ar\/noticias\/la-primera-quincena-de-febrero-consolida-la-temporada-record\">febrero<\/a>\u00a0tanto en destinos consolidados como emergentes. M\u00e1s de\u00a0<a href=\"https:\/\/www.argentina.gob.ar\/noticias\/previaje-puso-en-marcha-al-turismo-lo-utilizaron-45-millones-de-argentinas-y-argentinos\">4.5 millones de turistas accedieron al programa PreViaje<\/a>\u00a0generando ingresos superiores a los $99.000 millones, lo que multiplic\u00f3 por diez el total de lo facturado en 2020.<\/p>\n\n\n\n<figure class=\"wp-block-gallery has-nested-images columns-4 is-cropped wp-block-gallery-1 is-layout-flex wp-block-gallery-is-layout-flex\">\n<figure class=\"wp-block-image size-large\"><img fetchpriority=\"high\" decoding=\"async\" width=\"600\" height=\"369\" data-id=\"270\" src=\"https:\/\/circuitosalta.com.ar\/wp-content\/uploads\/2022\/02\/R-1.jpg\" alt=\"\" class=\"wp-image-270\" srcset=\"https:\/\/circuitosalta.com.ar\/wp-content\/uploads\/2022\/02\/R-1.jpg 600w, https:\/\/circuitosalta.com.ar\/wp-content\/uploads\/2022\/02\/R-1-300x185.jpg 300w, https:\/\/circuitosalta.com.ar\/wp-content\/uploads\/2022\/02\/R-1-356x220.jpg 356w\" sizes=\"(max-width: 600px) 100vw, 600px\" \/><\/figure>\n\n\n\n<figure class=\"wp-block-image size-large\"><img decoding=\"async\" width=\"800\" height=\"450\" data-id=\"271\" src=\"https:\/\/circuitosalta.com.ar\/wp-content\/uploads\/2022\/02\/o_1642339008_1.jpg\" alt=\"\" class=\"wp-image-271\" srcset=\"https:\/\/circuitosalta.com.ar\/wp-content\/uploads\/2022\/02\/o_1642339008_1.jpg 800w, https:\/\/circuitosalta.com.ar\/wp-content\/uploads\/2022\/02\/o_1642339008_1-300x169.jpg 300w, https:\/\/circuitosalta.com.ar\/wp-content\/uploads\/2022\/02\/o_1642339008_1-768x432.jpg 768w, https:\/\/circuitosalta.com.ar\/wp-content\/uploads\/2022\/02\/o_1642339008_1-696x392.jpg 696w, https:\/\/circuitosalta.com.ar\/wp-content\/uploads\/2022\/02\/o_1642339008_1-747x420.jpg 747w\" sizes=\"(max-width: 800px) 100vw, 800px\" \/><\/figure>\n\n\n\n<figure class=\"wp-block-image size-large\"><img decoding=\"async\" width=\"900\" height=\"506\" data-id=\"272\" src=\"https:\/\/circuitosalta.com.ar\/wp-content\/uploads\/2022\/02\/60367c02346e8_900.jpg\" alt=\"\" class=\"wp-image-272\" srcset=\"https:\/\/circuitosalta.com.ar\/wp-content\/uploads\/2022\/02\/60367c02346e8_900.jpg 900w, https:\/\/circuitosalta.com.ar\/wp-content\/uploads\/2022\/02\/60367c02346e8_900-300x169.jpg 300w, https:\/\/circuitosalta.com.ar\/wp-content\/uploads\/2022\/02\/60367c02346e8_900-768x432.jpg 768w, https:\/\/circuitosalta.com.ar\/wp-content\/uploads\/2022\/02\/60367c02346e8_900-696x391.jpg 696w, https:\/\/circuitosalta.com.ar\/wp-content\/uploads\/2022\/02\/60367c02346e8_900-747x420.jpg 747w\" sizes=\"(max-width: 900px) 100vw, 900px\" \/><\/figure>\n\n\n\n<figure class=\"wp-block-image size-large\"><img decoding=\"async\" data-id=\"273\" src=\"https:\/\/circuitosalta.com.ar\/wp-content\/uploads\/2022\/02\/tilcara-turismo.jpg\" alt=\"\" class=\"wp-image-273\"\/><\/figure>\n<\/figure>\n\n\n\n<figure class=\"wp-block-image size-full\"><a href=\"https:\/\/www.argentina.gob.ar\/noticias\/el-fin-de-semana-largo-de-carnaval-consolida-la-temporada-de-verano-record\" target=\"_blank\" rel=\"noopener\"><img loading=\"lazy\" decoding=\"async\" width=\"599\" height=\"105\" src=\"https:\/\/circuitosalta.com.ar\/wp-content\/uploads\/2022\/02\/Ministerio-turismo-nacion.jpeg\" alt=\"\" class=\"wp-image-266\" srcset=\"https:\/\/circuitosalta.com.ar\/wp-content\/uploads\/2022\/02\/Ministerio-turismo-nacion.jpeg 599w, https:\/\/circuitosalta.com.ar\/wp-content\/uploads\/2022\/02\/Ministerio-turismo-nacion-300x53.jpeg 300w\" sizes=\"(max-width: 599px) 100vw, 599px\" \/><\/a><\/figure>\n","protected":false},"excerpt":{"rendered":"<p>M\u00e1s de tres millones de turistas se est\u00e1n movilizando por el pa\u00eds. Con el impulso del programa&nbsp;PreViaje, m\u00e1s de&nbsp;tres millones de turistas se est\u00e1n movilizando durante este fin de semana largo de Carnaval. De acuerdo a la informaci\u00f3n relevada por las provincias, se registran&nbsp;importantes niveles de ocupaci\u00f3n en destinos de todo el pa\u00eds. En&nbsp;Buenos Aires&nbsp;se [&hellip;]<\/p>\n","protected":false},"author":2,"featured_media":274,"comment_status":"open","ping_status":"open","sticky":false,"template":"","format":"standard","meta":{"tdm_status":"","tdm_grid_status":"","footnotes":""},"categories":[17],"tags":[],"class_list":{"0":"post-269","1":"post","2":"type-post","3":"status-publish","4":"format-standard","5":"has-post-thumbnail","7":"category-sociales"},"_links":{"self":[{"href":"https:\/\/circuitosalta.com.ar\/index.php?rest_route=\/wp\/v2\/posts\/269"}],"collection":[{"href":"https:\/\/circuitosalta.com.ar\/index.php?rest_route=\/wp\/v2\/posts"}],"about":[{"href":"https:\/\/circuitosalta.com.ar\/index.php?rest_route=\/wp\/v2\/types\/post"}],"author":[{"embeddable":true,"href":"https:\/\/circuitosalta.com.ar\/index.php?rest_route=\/wp\/v2\/users\/2"}],"replies":[{"embeddable":true,"href":"https:\/\/circuitosalta.com.ar\/index.php?rest_route=%2Fwp%2Fv2%2Fcomments&post=269"}],"version-history":[{"count":1,"href":"https:\/\/circuitosalta.com.ar\/index.php?rest_route=\/wp\/v2\/posts\/269\/revisions"}],"predecessor-version":[{"id":275,"href":"https:\/\/circuitosalta.com.ar\/index.php?rest_route=\/wp\/v2\/posts\/269\/revisions\/275"}],"wp:featuredmedia":[{"embeddable":true,"href":"https:\/\/circuitosalta.com.ar\/index.php?rest_route=\/wp\/v2\/media\/274"}],"wp:attachment":[{"href":"https:\/\/circuitosalta.com.ar\/index.php?rest_route=%2Fwp%2Fv2%2Fmedia&parent=269"}],"wp:term":[{"taxonomy":"category","embeddable":true,"href":"https:\/\/circuitosalta.com.ar\/index.php?rest_route=%2Fwp%2Fv2%2Fcategories&post=269"},{"taxonomy":"post_tag","embeddable":true,"href":"https:\/\/circuitosalta.com.ar\/index.php?rest_route=%2Fwp%2Fv2%2Ftags&post=269"}],"curies":[{"name":"wp","href":"https:\/\/api.w.org\/{rel}","templated":true}]}}