{"id":276,"date":"2022-02-28T21:40:02","date_gmt":"2022-03-01T00:40:02","guid":{"rendered":"http:\/\/circuitosalta.com.ar\/?p=276"},"modified":"2022-02-28T21:40:03","modified_gmt":"2022-03-01T00:40:03","slug":"salta-y-bariloche-tendran-desde-julio-conexion-aerea-directa","status":"publish","type":"post","link":"https:\/\/circuitosalta.com.ar\/?p=276","title":{"rendered":"Salta y Bariloche tendr\u00e1n desde julio conexi\u00f3n a\u00e9rea directa"},"content":{"rendered":"\n<h2 class=\"has-vivid-cyan-blue-color has-text-color wp-block-heading\">Aerol\u00edneas Argentinas por primera vez operar\u00e1 la ruta, vinculando dos destinos l\u00edderes del pa\u00eds, favoreciendo la circulaci\u00f3n de turistas entre el Norte argentino y la Patagonia y formando un corredor para el turismo internacional.<\/h2>\n\n\n\n<p>La provincia sumar\u00e1 una nueva conexi\u00f3n nacional con la ruta Salta \u2013 Bariloche que comenzar\u00e1 a operar en julio con dos frecuencias semanales, cuyos pasajes ya se est\u00e1n comercializando a trav\u00e9s de Aerol\u00edneas Argentinas. Adem\u00e1s, se firm\u00f3 un convenio que habilitar\u00e1 descuentos en servicios tur\u00edsticos para residentes de ambos destinos que compren sus pasajes en la empresa de bandera.<\/p>\n\n\n\n<p>La presentaci\u00f3n oficial se realiz\u00f3 esta ma\u00f1ana en un acto encabezado por el ministro de Turismo y Deportes de la Provincia,<strong>&nbsp;Mario Pe\u00f1a<\/strong>&nbsp;y el secretario de Turismo de Bariloche,&nbsp;<strong>Gast\u00f3n Burl\u00f3n<\/strong>.<\/p>\n\n\n\n<p>\u201cEstamos orgullosos de anunciar que dos de los destinos m\u00e1s importantes de Argentina, como lo son Salta y Bariloche, tienen hoy la oportunidad de vincularse, con la decisi\u00f3n pol\u00edtica de nuestro gobernador Gustavo S\u00e1enz de poder crecer en conectividad y potenciar el turismo a nivel nacional e internacional\u201d, expres\u00f3 Pe\u00f1a.<\/p>\n\n\n\n<figure class=\"wp-block-image\"><a href=\"https:\/\/www.salta.gob.ar\/public\/images\/noticias\/contenidos\/2139-salta-y-bariloche-tendran-desde-julio-conexion-aerea-directa.jpg\"><img decoding=\"async\" src=\"https:\/\/www.salta.gob.ar\/public\/images\/noticias\/contenidos\/2139-salta-y-bariloche-tendran-desde-julio-conexion-aerea-directa.jpg\" alt=\"Salta y Bariloche tendr\u00e1n desde julio conexi\u00f3n a\u00e9rea directa\"\/><\/a><\/figure>\n\n\n\n<p>El funcionario salte\u00f1o agradeci\u00f3 a la empresa Aerol\u00edneas Argentinas \u201cpor la confianza depositada en el destino Salta, que vuelve a sumar una nueva ruta a\u00e9rea y en este caso potenciando la vinculaci\u00f3n directa con la Patagonia argentina\u201d.<\/p>\n\n\n\n<p>Por su parte Burl\u00f3n manifest\u00f3 \u201cesto es el resultado de un gran trabajo conjunto que conlleva compromiso de ambos destinos para potenciar la demanda de este vuelo y que pronto podamos sumar m\u00e1s frecuencias\u201d.<\/p>\n\n\n\n<p>Durante la presentaci\u00f3n, los funcionarios de turismo de Salta y Bariloche, el presidente de la C\u00e1mara de Turismo de Salta,&nbsp;<strong>Gustavo Di Mecola y Pablo Molteni<\/strong>, representante de la C\u00e1mara de Turismo de Bariloche firmaron un convenio con el fin de impulsar el Programa Norte a Sur.<\/p>\n\n\n\n<p>Este programa tiene como objetivo brindar descuentos sobre la tarifa ordinaria de alojamiento, excursiones, alquiler de autos, y actividades tur\u00edsticas en general, exclusivamente para residentes de ambos destinos que sean pasajeros del vuelo Aerol\u00edneas Argentinas: Salta -Bariloche \u2013 Bariloche -Salta.<\/p>\n\n\n\n<p>\u201cA trav\u00e9s de este convenio vamos a unir esfuerzos para sostener este vuelo que es una gran noticia para el sector privado de Salta y de Bariloche\u201d, dijo Di Mecola.<\/p>\n\n\n\n<p>En tanto Molteni destac\u00f3 \u201ces muy importante que tengamos hoy una conectividad del norte del pa\u00eds con la Patagonia, y nosotros nos comprometemos a trav\u00e9s de este convenio a trabajar para mantenerlo\u201d.<\/p>\n\n\n\n<p>En la oportunidad, adem\u00e1s Bariloche present\u00f3 su oferta como destino tur\u00edstico en primera instancia ante representantes de agencias de viaje de la Provincia de Salta, y luego ante prensa y p\u00fablico en general.<\/p>\n\n\n\n<p>Participaron tambi\u00e9n del evento la secretaria de Turismo de Salta,&nbsp;<strong>Nadia Loza<\/strong>; la presidenta de Inprotur Salta,&nbsp;<strong>Manuela Arancibia<\/strong>&nbsp;y el subsecretario de Turismo de la ciudad de Salta,&nbsp;<strong>Juan Manuel Contreras<\/strong>.<\/p>\n\n\n\n<figure class=\"wp-block-image\"><a href=\"https:\/\/www.salta.gob.ar\/public\/images\/noticias\/contenidos\/2140-salta-y-bariloche-tendran-desde-julio-conexion-aerea-directa-20220224203157.jpg\"><img decoding=\"async\" src=\"https:\/\/www.salta.gob.ar\/public\/images\/noticias\/contenidos\/2140-salta-y-bariloche-tendran-desde-julio-conexion-aerea-directa-20220224203157.jpg\" alt=\"Salta y Bariloche tendr\u00e1n desde julio conexi\u00f3n a\u00e9rea directa\"\/><\/a><\/figure>\n\n\n\n<figure class=\"wp-block-embed is-type-video is-provider-youtube wp-block-embed-youtube wp-embed-aspect-16-9 wp-has-aspect-ratio\"><div class=\"wp-block-embed__wrapper\">\n<iframe title=\"Salta y Bariloche tendr\u00e1n desde julio conexi\u00f3n a\u00e9rea directa\" width=\"696\" height=\"392\" src=\"https:\/\/www.youtube.com\/embed\/Cb_YTj_Yrf4?feature=oembed\" frameborder=\"0\" allow=\"accelerometer; autoplay; clipboard-write; encrypted-media; gyroscope; picture-in-picture\" allowfullscreen><\/iframe>\n<\/div><\/figure>\n\n\n\n<figure class=\"wp-block-image size-full is-resized\"><a href=\"https:\/\/www.salta.gob.ar\/prensa\/noticias\/salta-y-bariloche-tendran-desde-julio-conexion-aerea-directa-80858\" target=\"_blank\" rel=\"noopener\"><img decoding=\"async\" src=\"https:\/\/circuitosalta.com.ar\/wp-content\/uploads\/2022\/02\/R-2.jpg\" alt=\"\" class=\"wp-image-277\" width=\"203\" height=\"122\"\/><\/a><\/figure>\n","protected":false},"excerpt":{"rendered":"<p>Aerol\u00edneas Argentinas por primera vez operar\u00e1 la ruta, vinculando dos destinos l\u00edderes del pa\u00eds, favoreciendo la circulaci\u00f3n de turistas entre el Norte argentino y la Patagonia y formando un corredor para el turismo internacional. La provincia sumar\u00e1 una nueva conexi\u00f3n nacional con la ruta Salta \u2013 Bariloche que comenzar\u00e1 a operar en julio con dos [&hellip;]<\/p>\n","protected":false},"author":2,"featured_media":278,"comment_status":"open","ping_status":"open","sticky":false,"template":"","format":"standard","meta":{"tdm_status":"","tdm_grid_status":"","footnotes":""},"categories":[14],"tags":[],"class_list":{"0":"post-276","1":"post","2":"type-post","3":"status-publish","4":"format-standard","5":"has-post-thumbnail","7":"category-anuncios"},"_links":{"self":[{"href":"https:\/\/circuitosalta.com.ar\/index.php?rest_route=\/wp\/v2\/posts\/276"}],"collection":[{"href":"https:\/\/circuitosalta.com.ar\/index.php?rest_route=\/wp\/v2\/posts"}],"about":[{"href":"https:\/\/circuitosalta.com.ar\/index.php?rest_route=\/wp\/v2\/types\/post"}],"author":[{"embeddable":true,"href":"https:\/\/circuitosalta.com.ar\/index.php?rest_route=\/wp\/v2\/users\/2"}],"replies":[{"embeddable":true,"href":"https:\/\/circuitosalta.com.ar\/index.php?rest_route=%2Fwp%2Fv2%2Fcomments&post=276"}],"version-history":[{"count":1,"href":"https:\/\/circuitosalta.com.ar\/index.php?rest_route=\/wp\/v2\/posts\/276\/revisions"}],"predecessor-version":[{"id":279,"href":"https:\/\/circuitosalta.com.ar\/index.php?rest_route=\/wp\/v2\/posts\/276\/revisions\/279"}],"wp:featuredmedia":[{"embeddable":true,"href":"https:\/\/circuitosalta.com.ar\/index.php?rest_route=\/wp\/v2\/media\/278"}],"wp:attachment":[{"href":"https:\/\/circuitosalta.com.ar\/index.php?rest_route=%2Fwp%2Fv2%2Fmedia&parent=276"}],"wp:term":[{"taxonomy":"category","embeddable":true,"href":"https:\/\/circuitosalta.com.ar\/index.php?rest_route=%2Fwp%2Fv2%2Fcategories&post=276"},{"taxonomy":"post_tag","embeddable":true,"href":"https:\/\/circuitosalta.com.ar\/index.php?rest_route=%2Fwp%2Fv2%2Ftags&post=276"}],"curies":[{"name":"wp","href":"https:\/\/api.w.org\/{rel}","templated":true}]}}